{"id":1329,"date":"2017-09-23T06:16:01","date_gmt":"2017-09-23T04:16:01","guid":{"rendered":"https:\/\/www.ellensailing.se\/?p=1329"},"modified":"2017-09-23T19:56:15","modified_gmt":"2017-09-23T17:56:15","slug":"vilken-mareld-vi-haft-i-natt","status":"publish","type":"post","link":"https:\/\/www.ellensailing.se\/?p=1329","title":{"rendered":"Vilken mareld vi haft i natt!"},"content":{"rendered":"<p>Mareld i kombination med delfiner \u00e4r s\u00e5 h\u00e4ftigt. Vet inte om delfinerna gillar ljudet av v\u00e5r Watt&amp;Sea men de har f\u00f6ljt oss hela natten. De har hoppat, varit bakom, framf\u00f6r och \u00f6verallt och de har varit som streck med hj\u00e4lp av marelden. S\u00e5 himla h\u00e4ftigt. Tyv\u00e4rr har jag f\u00f6rs\u00f6kt fota men det \u00e4r f\u00f6r m\u00f6rk.<\/p>\n<p>Fin segling \u00e4nda till 04:30 d\u00e5 vinden dog ut. Yalle f\u00e5r jobba n\u00e5gra timmar s\u00e5 f\u00e5r vi se om den kommer tillbaka.<\/p>\n<p>God Morgon fr\u00e5n oss p\u00e5 Ellen!<\/p>\n","protected":false},"excerpt":{"rendered":"<p>Mareld i kombination med delfiner \u00e4r s\u00e5 h\u00e4ftigt. Vet inte om delfinerna gillar ljudet av v\u00e5r Watt&amp;Sea men de har[&#8230;]<\/p>\n","protected":false},"author":1,"featured_media":1333,"comment_status":"open","ping_status":"open","sticky":false,"template":"","format":"standard","meta":{"_jetpack_newsletter_access":"","_jetpack_dont_email_post_to_subs":false,"_jetpack_newsletter_tier_id":0,"_jetpack_memberships_contains_paywalled_content":false,"_jetpack_feature_clip_id":0,"_jetpack_memberships_contains_paid_content":false,"footnotes":"","jetpack_publicize_message":"","jetpack_publicize_feature_enabled":true,"jetpack_social_post_already_shared":true,"jetpack_social_options":{"image_generator_settings":{"template":"highway","default_image_id":0,"font":"","enabled":false},"version":2},"jetpack_post_was_ever_published":false},"categories":[22],"tags":[],"class_list":["post-1329","post","type-post","status-publish","format-standard","has-post-thumbnail","hentry","category-host-2017-till-cc"],"jetpack_publicize_connections":[],"jetpack_featured_media_url":"https:\/\/i0.wp.com\/www.ellensailing.se\/wp-content\/uploads\/2017\/09\/DSC2916.jpg?fit=2992%2C2000&ssl=1","jetpack_sharing_enabled":true,"jetpack_shortlink":"https:\/\/wp.me\/p5G68R-lr","jetpack-related-posts":[{"id":1328,"url":"https:\/\/www.ellensailing.se\/?p=1328","url_meta":{"origin":1329,"position":0},"title":"Med delfiner p\u00e5 havet fr\u00e5n Porto.","author":"peter@ellensailing.se","date":"22 september, 2017","format":false,"excerpt":"Vi seglade iv\u00e4g i morse fr\u00e5n Porto. Som vanligt var det ganska dimmigt men helt okej. Vi har tagit oss ut ca 20Nm fr\u00e5n Portugals kust f\u00f6r att slippa alla fiskeredskap som ligger i vattnet. Vi har medvind och loggar mellan 7-8.5 knop med spirad genua. Vi har haft helt\u2026","rel":"","context":"I \u201dH\u00f6st 2017 till Grand Canrias.\u201d","block_context":{"text":"H\u00f6st 2017 till Grand Canrias.","link":"https:\/\/www.ellensailing.se\/?cat=22"},"img":{"alt_text":"","src":"https:\/\/i0.wp.com\/www.ellensailing.se\/wp-content\/uploads\/2017\/09\/DSC2976.jpg?fit=1200%2C802&ssl=1&resize=350%2C200","width":350,"height":200,"srcset":"https:\/\/i0.wp.com\/www.ellensailing.se\/wp-content\/uploads\/2017\/09\/DSC2976.jpg?fit=1200%2C802&ssl=1&resize=350%2C200 1x, https:\/\/i0.wp.com\/www.ellensailing.se\/wp-content\/uploads\/2017\/09\/DSC2976.jpg?fit=1200%2C802&ssl=1&resize=525%2C300 1.5x, https:\/\/i0.wp.com\/www.ellensailing.se\/wp-content\/uploads\/2017\/09\/DSC2976.jpg?fit=1200%2C802&ssl=1&resize=700%2C400 2x, https:\/\/i0.wp.com\/www.ellensailing.se\/wp-content\/uploads\/2017\/09\/DSC2976.jpg?fit=1200%2C802&ssl=1&resize=1050%2C600 3x"},"classes":[]},{"id":1332,"url":"https:\/\/www.ellensailing.se\/?p=1332","url_meta":{"origin":1329,"position":1},"title":"H\u00e4r kommer lite delfinbilder fr\u00e5n ig\u00e5r som jag utlovat!","author":"peter@ellensailing.se","date":"23 september, 2017","format":false,"excerpt":"Att f\u00e5nga delfiner p\u00e5 bilder \u00e4r l\u00e4ttare sagt \u00e4n gjort. Man har inte m\u00e5nga tiondelar p\u00e5 sig f\u00f6r att f\u00e5 in sk\u00e4rpan och kn\u00e4ppa av. Vart det dessutom skall komma \u00e4r om\u00f6jligt att s\u00e4ga d\u00e5 det \u00e4r \u00f6verallt. H\u00e4ftigast var \u00e4nd\u00e5 att f\u00f6lja dem i natt med all mareld men\u2026","rel":"","context":"I \u201dH\u00f6st 2017 till Grand Canrias.\u201d","block_context":{"text":"H\u00f6st 2017 till Grand Canrias.","link":"https:\/\/www.ellensailing.se\/?cat=22"},"img":{"alt_text":"","src":"https:\/\/i0.wp.com\/www.ellensailing.se\/wp-content\/uploads\/2017\/09\/DSC2975.jpg?fit=1200%2C802&ssl=1&resize=350%2C200","width":350,"height":200,"srcset":"https:\/\/i0.wp.com\/www.ellensailing.se\/wp-content\/uploads\/2017\/09\/DSC2975.jpg?fit=1200%2C802&ssl=1&resize=350%2C200 1x, https:\/\/i0.wp.com\/www.ellensailing.se\/wp-content\/uploads\/2017\/09\/DSC2975.jpg?fit=1200%2C802&ssl=1&resize=525%2C300 1.5x, https:\/\/i0.wp.com\/www.ellensailing.se\/wp-content\/uploads\/2017\/09\/DSC2975.jpg?fit=1200%2C802&ssl=1&resize=700%2C400 2x, https:\/\/i0.wp.com\/www.ellensailing.se\/wp-content\/uploads\/2017\/09\/DSC2975.jpg?fit=1200%2C802&ssl=1&resize=1050%2C600 3x"},"classes":[]},{"id":1233,"url":"https:\/\/www.ellensailing.se\/?p=1233","url_meta":{"origin":1329,"position":2},"title":"En bit ner p\u00e5 Spaniens kust!","author":"peter@ellensailing.se","date":"12 september, 2017","format":false,"excerpt":"Vi m\u00f6tte upp den andra Ellen, Salsa och norska Olivia i Corcubion. Vi blev bjudna p\u00e5 en drink till Salsa men ingen stack ut n\u00e4san d\u00e5 det regnade som fr\u00e5n en blomspruta. Vi blev kvar i b\u00e5ten och hade det sk\u00f6nt. V\u00e4rmaren \u00e5kte p\u00e5 och kr\u00f6p till kojs r\u00e4tt snart.\u2026","rel":"","context":"I \u201dH\u00f6st 2017 till Grand Canrias.\u201d","block_context":{"text":"H\u00f6st 2017 till Grand Canrias.","link":"https:\/\/www.ellensailing.se\/?cat=22"},"img":{"alt_text":"","src":"https:\/\/i0.wp.com\/www.ellensailing.se\/wp-content\/uploads\/2017\/09\/DSC2452.jpg?fit=1200%2C802&ssl=1&resize=350%2C200","width":350,"height":200,"srcset":"https:\/\/i0.wp.com\/www.ellensailing.se\/wp-content\/uploads\/2017\/09\/DSC2452.jpg?fit=1200%2C802&ssl=1&resize=350%2C200 1x, https:\/\/i0.wp.com\/www.ellensailing.se\/wp-content\/uploads\/2017\/09\/DSC2452.jpg?fit=1200%2C802&ssl=1&resize=525%2C300 1.5x, https:\/\/i0.wp.com\/www.ellensailing.se\/wp-content\/uploads\/2017\/09\/DSC2452.jpg?fit=1200%2C802&ssl=1&resize=700%2C400 2x, https:\/\/i0.wp.com\/www.ellensailing.se\/wp-content\/uploads\/2017\/09\/DSC2452.jpg?fit=1200%2C802&ssl=1&resize=1050%2C600 3x"},"classes":[]},{"id":1986,"url":"https:\/\/www.ellensailing.se\/?p=1986","url_meta":{"origin":1329,"position":3},"title":"St:Vincent f\u00e5r bes\u00f6k f\u00f6r f\u00f6rsta g\u00e5ngen av Ellen","author":"peter@ellensailing.se","date":"25 mars, 2018","format":false,"excerpt":"Vi har idag ankrat p\u00e5 St:Vincent trots att alla rekommenderar att man inte skall g\u00e5 i land h\u00e4r. Anledningen till att vi g\u00f6r det \u00e4r att vi f\u00e5tt s\u00e5 m\u00e5nga rekommendationer av seglare att det finns ett fint st\u00e4lle och det \u00e4r i Keartons Bay och Rock Side Caf\u00e9 som\u2026","rel":"","context":"I \u201dV\u00e4stindien 2017-2018\u201d","block_context":{"text":"V\u00e4stindien 2017-2018","link":"https:\/\/www.ellensailing.se\/?cat=24"},"img":{"alt_text":"","src":"https:\/\/i0.wp.com\/www.ellensailing.se\/wp-content\/uploads\/2018\/03\/D950EE31-66AC-4355-9186-6A65AD5AC60D.jpeg?fit=1200%2C800&ssl=1&resize=350%2C200","width":350,"height":200,"srcset":"https:\/\/i0.wp.com\/www.ellensailing.se\/wp-content\/uploads\/2018\/03\/D950EE31-66AC-4355-9186-6A65AD5AC60D.jpeg?fit=1200%2C800&ssl=1&resize=350%2C200 1x, https:\/\/i0.wp.com\/www.ellensailing.se\/wp-content\/uploads\/2018\/03\/D950EE31-66AC-4355-9186-6A65AD5AC60D.jpeg?fit=1200%2C800&ssl=1&resize=525%2C300 1.5x, https:\/\/i0.wp.com\/www.ellensailing.se\/wp-content\/uploads\/2018\/03\/D950EE31-66AC-4355-9186-6A65AD5AC60D.jpeg?fit=1200%2C800&ssl=1&resize=700%2C400 2x, https:\/\/i0.wp.com\/www.ellensailing.se\/wp-content\/uploads\/2018\/03\/D950EE31-66AC-4355-9186-6A65AD5AC60D.jpeg?fit=1200%2C800&ssl=1&resize=1050%2C600 3x"},"classes":[]},{"id":1640,"url":"https:\/\/www.ellensailing.se\/?p=1640","url_meta":{"origin":1329,"position":4},"title":"Kavalkad p\u00e5 \u00f6verfarten","author":"peter@ellensailing.se","date":"10 december, 2017","format":false,"excerpt":"\u00a0","rel":"","context":"I \u201dARC 2017\u201d","block_context":{"text":"ARC 2017","link":"https:\/\/www.ellensailing.se\/?cat=23"},"img":{"alt_text":"","src":"https:\/\/i0.wp.com\/www.ellensailing.se\/wp-content\/uploads\/2017\/11\/IMG_6403.jpg?fit=640%2C480&ssl=1&resize=350%2C200","width":350,"height":200,"srcset":"https:\/\/i0.wp.com\/www.ellensailing.se\/wp-content\/uploads\/2017\/11\/IMG_6403.jpg?fit=640%2C480&ssl=1&resize=350%2C200 1x, https:\/\/i0.wp.com\/www.ellensailing.se\/wp-content\/uploads\/2017\/11\/IMG_6403.jpg?fit=640%2C480&ssl=1&resize=525%2C300 1.5x"},"classes":[]},{"id":1592,"url":"https:\/\/www.ellensailing.se\/?p=1592","url_meta":{"origin":1329,"position":5},"title":"Dygn 6, Fortsatt kryss","author":"peter@ellensailing.se","date":"25 november, 2017","format":false,"excerpt":"Vi har haft en riktig tuff natt med regnskurar och massor av bl\u00e5st i dem, upp till 35 knop. Vi k\u00f6r med tv\u00e5 rev i storen och lilla kutterstagsfocken f\u00f6r att inte ha f\u00f6r mycket tryck i b\u00e5ten och det g\u00e5r bra. Idag har det lugnat ner sig och det\u2026","rel":"","context":"I \u201dARC 2017\u201d","block_context":{"text":"ARC 2017","link":"https:\/\/www.ellensailing.se\/?cat=23"},"img":{"alt_text":"","src":"","width":0,"height":0},"classes":[]}],"jetpack_likes_enabled":false,"_links":{"self":[{"href":"https:\/\/www.ellensailing.se\/index.php?rest_route=\/wp\/v2\/posts\/1329","targetHints":{"allow":["GET"]}}],"collection":[{"href":"https:\/\/www.ellensailing.se\/index.php?rest_route=\/wp\/v2\/posts"}],"about":[{"href":"https:\/\/www.ellensailing.se\/index.php?rest_route=\/wp\/v2\/types\/post"}],"author":[{"embeddable":true,"href":"https:\/\/www.ellensailing.se\/index.php?rest_route=\/wp\/v2\/users\/1"}],"replies":[{"embeddable":true,"href":"https:\/\/www.ellensailing.se\/index.php?rest_route=%2Fwp%2Fv2%2Fcomments&post=1329"}],"version-history":[{"count":1,"href":"https:\/\/www.ellensailing.se\/index.php?rest_route=\/wp\/v2\/posts\/1329\/revisions"}],"predecessor-version":[{"id":1338,"href":"https:\/\/www.ellensailing.se\/index.php?rest_route=\/wp\/v2\/posts\/1329\/revisions\/1338"}],"wp:featuredmedia":[{"embeddable":true,"href":"https:\/\/www.ellensailing.se\/index.php?rest_route=\/wp\/v2\/media\/1333"}],"wp:attachment":[{"href":"https:\/\/www.ellensailing.se\/index.php?rest_route=%2Fwp%2Fv2%2Fmedia&parent=1329"}],"wp:term":[{"taxonomy":"category","embeddable":true,"href":"https:\/\/www.ellensailing.se\/index.php?rest_route=%2Fwp%2Fv2%2Fcategories&post=1329"},{"taxonomy":"post_tag","embeddable":true,"href":"https:\/\/www.ellensailing.se\/index.php?rest_route=%2Fwp%2Fv2%2Ftags&post=1329"}],"curies":[{"name":"wp","href":"https:\/\/api.w.org\/{rel}","templated":true}]}}