{"id":1328,"date":"2017-09-22T16:20:44","date_gmt":"2017-09-22T14:20:44","guid":{"rendered":"https:\/\/www.ellensailing.se\/?p=1328"},"modified":"2017-09-23T19:57:17","modified_gmt":"2017-09-23T17:57:17","slug":"med-delfiner-pa-havet-fran-porto","status":"publish","type":"post","link":"https:\/\/www.ellensailing.se\/?p=1328","title":{"rendered":"Med delfiner p\u00e5 havet fr\u00e5n Porto."},"content":{"rendered":"<p>Vi seglade iv\u00e4g i morse fr\u00e5n Porto. Som vanligt var det ganska dimmigt men helt okej. Vi har tagit oss ut ca 20Nm fr\u00e5n Portugals kust f\u00f6r att slippa alla fiskeredskap som ligger i vattnet. Vi har medvind och loggar mellan 7-8.5 knop med spirad genua.<\/p>\n<p>Vi har haft helt otroligt mycket delfiner runt oss idag, som mest var det s\u00e4kert runt 10 stycken samtidigt. Tror jag f\u00e5ngat m\u00e5nga bra bilder s\u00e5 n\u00e4r vi f\u00e5r Wi-FI s\u00e5 blir det delfinkavalkad.<\/p>\n<p>Vi har ca 175Nm till Cascais fr\u00e5n Porto och vi har redan avverkat 50, s\u00e5 inatt blir det segling hela natten. Ber\u00e4knar att komma i hamn l\u00f6rdag em. Vi har det kanon med fint v\u00e4der och allt.<\/p>\n","protected":false},"excerpt":{"rendered":"<p>Vi seglade iv\u00e4g i morse fr\u00e5n Porto. Som vanligt var det ganska dimmigt men helt okej. Vi har tagit oss[&#8230;]<\/p>\n","protected":false},"author":1,"featured_media":1336,"comment_status":"open","ping_status":"open","sticky":false,"template":"","format":"standard","meta":{"_jetpack_newsletter_access":"","_jetpack_dont_email_post_to_subs":false,"_jetpack_newsletter_tier_id":0,"_jetpack_memberships_contains_paywalled_content":false,"_jetpack_feature_clip_id":0,"_jetpack_memberships_contains_paid_content":false,"footnotes":"","jetpack_publicize_message":"","jetpack_publicize_feature_enabled":true,"jetpack_social_post_already_shared":true,"jetpack_social_options":{"image_generator_settings":{"template":"highway","default_image_id":0,"font":"","enabled":false},"version":2},"jetpack_post_was_ever_published":false},"categories":[22],"tags":[],"class_list":["post-1328","post","type-post","status-publish","format-standard","has-post-thumbnail","hentry","category-host-2017-till-cc"],"jetpack_publicize_connections":[],"jetpack_featured_media_url":"https:\/\/i0.wp.com\/www.ellensailing.se\/wp-content\/uploads\/2017\/09\/DSC2976.jpg?fit=2992%2C2000&ssl=1","jetpack_sharing_enabled":true,"jetpack_shortlink":"https:\/\/wp.me\/p5G68R-lq","jetpack-related-posts":[{"id":1323,"url":"https:\/\/www.ellensailing.se\/?p=1323","url_meta":{"origin":1328,"position":0},"title":"Sk\u00f6na dagar i Porto!","author":"peter@ellensailing.se","date":"21 september, 2017","format":false,"excerpt":"Vi fick tips fr\u00e5n Ellen Najad att vi skulle inte l\u00e4ggas oss i Leixoes d\u00e4r de hade ankrat och ist\u00e4llet prioritera att g\u00e5 vidare till Porto.\u00a0 D\u00e4r de l\u00e5g var det skitigt och tr\u00e5kigt s\u00e5 vi sl\u00e4ngde ut v\u00e5ra tentakler f\u00f6r vart vi skulle g\u00e5. Vi fick tipset att g\u00e5\u2026","rel":"","context":"I \u201dH\u00f6st 2017 till Grand Canrias.\u201d","block_context":{"text":"H\u00f6st 2017 till Grand Canrias.","link":"https:\/\/www.ellensailing.se\/?cat=22"},"img":{"alt_text":"","src":"https:\/\/i0.wp.com\/www.ellensailing.se\/wp-content\/uploads\/2017\/09\/DSC2827.jpg?fit=1200%2C802&ssl=1&resize=350%2C200","width":350,"height":200,"srcset":"https:\/\/i0.wp.com\/www.ellensailing.se\/wp-content\/uploads\/2017\/09\/DSC2827.jpg?fit=1200%2C802&ssl=1&resize=350%2C200 1x, https:\/\/i0.wp.com\/www.ellensailing.se\/wp-content\/uploads\/2017\/09\/DSC2827.jpg?fit=1200%2C802&ssl=1&resize=525%2C300 1.5x, https:\/\/i0.wp.com\/www.ellensailing.se\/wp-content\/uploads\/2017\/09\/DSC2827.jpg?fit=1200%2C802&ssl=1&resize=700%2C400 2x, https:\/\/i0.wp.com\/www.ellensailing.se\/wp-content\/uploads\/2017\/09\/DSC2827.jpg?fit=1200%2C802&ssl=1&resize=1050%2C600 3x"},"classes":[]},{"id":1298,"url":"https:\/\/www.ellensailing.se\/?p=1298","url_meta":{"origin":1328,"position":1},"title":"Sista utposten i Spanien blev Baiona, d\u00e4refter har vi g\u00e5tt till Portugal.","author":"peter@ellensailing.se","date":"18 september, 2017","format":false,"excerpt":"Efter helt underbara dagar p\u00e5 Isla Cies s\u00e5 seglade vi ner mot Baiona. Som vanligt ingen vind men vi hade i alla fall medvind. Vi kom in till Baiona p\u00e5 tidig eftermiddag vilket var planen. Vi har haft ett vattenl\u00e4ckage p\u00e5 s\u00f6tvatten s\u00e5 vi best\u00e4mde oss f\u00f6r att riva bort\u2026","rel":"","context":"I \u201dH\u00f6st 2017 till Grand Canrias.\u201d","block_context":{"text":"H\u00f6st 2017 till Grand Canrias.","link":"https:\/\/www.ellensailing.se\/?cat=22"},"img":{"alt_text":"","src":"https:\/\/i0.wp.com\/www.ellensailing.se\/wp-content\/uploads\/2017\/09\/DSC2681.jpg?fit=1200%2C802&ssl=1&resize=350%2C200","width":350,"height":200,"srcset":"https:\/\/i0.wp.com\/www.ellensailing.se\/wp-content\/uploads\/2017\/09\/DSC2681.jpg?fit=1200%2C802&ssl=1&resize=350%2C200 1x, https:\/\/i0.wp.com\/www.ellensailing.se\/wp-content\/uploads\/2017\/09\/DSC2681.jpg?fit=1200%2C802&ssl=1&resize=525%2C300 1.5x, https:\/\/i0.wp.com\/www.ellensailing.se\/wp-content\/uploads\/2017\/09\/DSC2681.jpg?fit=1200%2C802&ssl=1&resize=700%2C400 2x, https:\/\/i0.wp.com\/www.ellensailing.se\/wp-content\/uploads\/2017\/09\/DSC2681.jpg?fit=1200%2C802&ssl=1&resize=1050%2C600 3x"},"classes":[]},{"id":1372,"url":"https:\/\/www.ellensailing.se\/?p=1372","url_meta":{"origin":1328,"position":2},"title":"Dag2, \u00f6verfart fr\u00e5n Lagos till Isla Graciosa","author":"peter@ellensailing.se","date":"6 oktober, 2017","format":false,"excerpt":"Idag har vi seglat drygt en tredjedel av hela str\u00e4ckan. Under dagen har det bl\u00e5st mindre \u00e4n ig\u00e5r men vi har \u00e4nd\u00e5 bra fart. Vi g\u00f6r 6,5-7 knop. Vi har ca 100NM kvar till v\u00e5r waypoint som \u00e4r rakt nordligt om Lanzarote och i h\u00f6jd med Porto Santo. D\u00e4r kommer\u2026","rel":"","context":"I \u201dH\u00f6st 2017 till Grand Canrias.\u201d","block_context":{"text":"H\u00f6st 2017 till Grand Canrias.","link":"https:\/\/www.ellensailing.se\/?cat=22"},"img":{"alt_text":"","src":"","width":0,"height":0},"classes":[]},{"id":1211,"url":"https:\/\/www.ellensailing.se\/?p=1211","url_meta":{"origin":1328,"position":3},"title":"Nu har vi l\u00e4mnat A Coruna och ligger p\u00e5 svaj i en liten fiskeby!","author":"peter@ellensailing.se","date":"9 september, 2017","format":false,"excerpt":"Vi har haft n\u00e5gra sk\u00f6na dagar i A Coruna som \u00e4r en helt underbar liten stad, stor men liten. Finns s\u00e5 mycket att se och de har helt underbara ytor f\u00f6r folk att r\u00f6ra sig p\u00e5, och folk \u00e4r verkligen ute och r\u00f6r sig. Fina cykelv\u00e4gar runt hela staden, g\u00e5ngpromenader,\u2026","rel":"","context":"I \u201dH\u00f6st 2017 till Grand Canrias.\u201d","block_context":{"text":"H\u00f6st 2017 till Grand Canrias.","link":"https:\/\/www.ellensailing.se\/?cat=22"},"img":{"alt_text":"","src":"https:\/\/i0.wp.com\/www.ellensailing.se\/wp-content\/uploads\/2017\/09\/DSC2328.jpg?fit=1200%2C802&ssl=1&resize=350%2C200","width":350,"height":200,"srcset":"https:\/\/i0.wp.com\/www.ellensailing.se\/wp-content\/uploads\/2017\/09\/DSC2328.jpg?fit=1200%2C802&ssl=1&resize=350%2C200 1x, https:\/\/i0.wp.com\/www.ellensailing.se\/wp-content\/uploads\/2017\/09\/DSC2328.jpg?fit=1200%2C802&ssl=1&resize=525%2C300 1.5x, https:\/\/i0.wp.com\/www.ellensailing.se\/wp-content\/uploads\/2017\/09\/DSC2328.jpg?fit=1200%2C802&ssl=1&resize=700%2C400 2x, https:\/\/i0.wp.com\/www.ellensailing.se\/wp-content\/uploads\/2017\/09\/DSC2328.jpg?fit=1200%2C802&ssl=1&resize=1050%2C600 3x"},"classes":[]},{"id":1986,"url":"https:\/\/www.ellensailing.se\/?p=1986","url_meta":{"origin":1328,"position":4},"title":"St:Vincent f\u00e5r bes\u00f6k f\u00f6r f\u00f6rsta g\u00e5ngen av Ellen","author":"peter@ellensailing.se","date":"25 mars, 2018","format":false,"excerpt":"Vi har idag ankrat p\u00e5 St:Vincent trots att alla rekommenderar att man inte skall g\u00e5 i land h\u00e4r. Anledningen till att vi g\u00f6r det \u00e4r att vi f\u00e5tt s\u00e5 m\u00e5nga rekommendationer av seglare att det finns ett fint st\u00e4lle och det \u00e4r i Keartons Bay och Rock Side Caf\u00e9 som\u2026","rel":"","context":"I \u201dV\u00e4stindien 2017-2018\u201d","block_context":{"text":"V\u00e4stindien 2017-2018","link":"https:\/\/www.ellensailing.se\/?cat=24"},"img":{"alt_text":"","src":"https:\/\/i0.wp.com\/www.ellensailing.se\/wp-content\/uploads\/2018\/03\/D950EE31-66AC-4355-9186-6A65AD5AC60D.jpeg?fit=1200%2C800&ssl=1&resize=350%2C200","width":350,"height":200,"srcset":"https:\/\/i0.wp.com\/www.ellensailing.se\/wp-content\/uploads\/2018\/03\/D950EE31-66AC-4355-9186-6A65AD5AC60D.jpeg?fit=1200%2C800&ssl=1&resize=350%2C200 1x, https:\/\/i0.wp.com\/www.ellensailing.se\/wp-content\/uploads\/2018\/03\/D950EE31-66AC-4355-9186-6A65AD5AC60D.jpeg?fit=1200%2C800&ssl=1&resize=525%2C300 1.5x, https:\/\/i0.wp.com\/www.ellensailing.se\/wp-content\/uploads\/2018\/03\/D950EE31-66AC-4355-9186-6A65AD5AC60D.jpeg?fit=1200%2C800&ssl=1&resize=700%2C400 2x, https:\/\/i0.wp.com\/www.ellensailing.se\/wp-content\/uploads\/2018\/03\/D950EE31-66AC-4355-9186-6A65AD5AC60D.jpeg?fit=1200%2C800&ssl=1&resize=1050%2C600 3x"},"classes":[]},{"id":1926,"url":"https:\/\/www.ellensailing.se\/?p=1926","url_meta":{"origin":1328,"position":5},"title":"Gudalope p\u00e5 v\u00e4gen tillbaka","author":"peter@ellensailing.se","date":"19 mars, 2018","format":false,"excerpt":"L\u00f6rdagen den 10 mars p\u00e5b\u00f6rjade vi v\u00e5r segling s\u00f6derut. Vi gick fr\u00e5n Antigua till Deshaies p\u00e5 Gudalope. Seglingen var bitvis ganska bl\u00e5sig men helt okej. Vi k\u00f6rde med bara stor och ett rev och \u00e4nd\u00e5 loggade vi n\u00e4stan 8 knop. Vi anl\u00e4nde till Deshaies p\u00e5 eftermiddagen. D\u00e4r inne l\u00e5g Ellen\u2026","rel":"","context":"I \u201dV\u00e4stindien 2017-2018\u201d","block_context":{"text":"V\u00e4stindien 2017-2018","link":"https:\/\/www.ellensailing.se\/?cat=24"},"img":{"alt_text":"","src":"https:\/\/i0.wp.com\/www.ellensailing.se\/wp-content\/uploads\/2018\/03\/F4FD49B5-290D-4668-8039-AAFCD8BC30D9.jpeg?fit=1200%2C900&ssl=1&resize=350%2C200","width":350,"height":200,"srcset":"https:\/\/i0.wp.com\/www.ellensailing.se\/wp-content\/uploads\/2018\/03\/F4FD49B5-290D-4668-8039-AAFCD8BC30D9.jpeg?fit=1200%2C900&ssl=1&resize=350%2C200 1x, https:\/\/i0.wp.com\/www.ellensailing.se\/wp-content\/uploads\/2018\/03\/F4FD49B5-290D-4668-8039-AAFCD8BC30D9.jpeg?fit=1200%2C900&ssl=1&resize=525%2C300 1.5x, https:\/\/i0.wp.com\/www.ellensailing.se\/wp-content\/uploads\/2018\/03\/F4FD49B5-290D-4668-8039-AAFCD8BC30D9.jpeg?fit=1200%2C900&ssl=1&resize=700%2C400 2x, https:\/\/i0.wp.com\/www.ellensailing.se\/wp-content\/uploads\/2018\/03\/F4FD49B5-290D-4668-8039-AAFCD8BC30D9.jpeg?fit=1200%2C900&ssl=1&resize=1050%2C600 3x"},"classes":[]}],"jetpack_likes_enabled":false,"_links":{"self":[{"href":"https:\/\/www.ellensailing.se\/index.php?rest_route=\/wp\/v2\/posts\/1328","targetHints":{"allow":["GET"]}}],"collection":[{"href":"https:\/\/www.ellensailing.se\/index.php?rest_route=\/wp\/v2\/posts"}],"about":[{"href":"https:\/\/www.ellensailing.se\/index.php?rest_route=\/wp\/v2\/types\/post"}],"author":[{"embeddable":true,"href":"https:\/\/www.ellensailing.se\/index.php?rest_route=\/wp\/v2\/users\/1"}],"replies":[{"embeddable":true,"href":"https:\/\/www.ellensailing.se\/index.php?rest_route=%2Fwp%2Fv2%2Fcomments&post=1328"}],"version-history":[{"count":1,"href":"https:\/\/www.ellensailing.se\/index.php?rest_route=\/wp\/v2\/posts\/1328\/revisions"}],"predecessor-version":[{"id":1339,"href":"https:\/\/www.ellensailing.se\/index.php?rest_route=\/wp\/v2\/posts\/1328\/revisions\/1339"}],"wp:featuredmedia":[{"embeddable":true,"href":"https:\/\/www.ellensailing.se\/index.php?rest_route=\/wp\/v2\/media\/1336"}],"wp:attachment":[{"href":"https:\/\/www.ellensailing.se\/index.php?rest_route=%2Fwp%2Fv2%2Fmedia&parent=1328"}],"wp:term":[{"taxonomy":"category","embeddable":true,"href":"https:\/\/www.ellensailing.se\/index.php?rest_route=%2Fwp%2Fv2%2Fcategories&post=1328"},{"taxonomy":"post_tag","embeddable":true,"href":"https:\/\/www.ellensailing.se\/index.php?rest_route=%2Fwp%2Fv2%2Ftags&post=1328"}],"curies":[{"name":"wp","href":"https:\/\/api.w.org\/{rel}","templated":true}]}}