{"id":1323,"date":"2017-09-21T21:22:28","date_gmt":"2017-09-21T19:22:28","guid":{"rendered":"https:\/\/www.ellensailing.se\/?p=1323"},"modified":"2017-09-21T22:00:40","modified_gmt":"2017-09-21T20:00:40","slug":"skona-dagar-i-porto","status":"publish","type":"post","link":"https:\/\/www.ellensailing.se\/?p=1323","title":{"rendered":"Sk\u00f6na dagar i Porto!"},"content":{"rendered":"<p>Vi fick tips fr\u00e5n Ellen Najad att vi skulle inte l\u00e4ggas oss i Leixoes d\u00e4r de hade ankrat och ist\u00e4llet prioritera att g\u00e5 vidare till Porto.\u00a0 D\u00e4r de l\u00e5g var det skitigt och tr\u00e5kigt s\u00e5 vi sl\u00e4ngde ut v\u00e5ra tentakler f\u00f6r vart vi skulle g\u00e5. Vi fick tipset att g\u00e5 till Douro Marina av Jan och Conny. Sagt och gjort, valet blev enkelt.<\/p>\n<figure id=\"attachment_1312\" aria-describedby=\"caption-attachment-1312\" style=\"width: 640px\" class=\"wp-caption aligncenter\"><a href=\"https:\/\/i0.wp.com\/www.ellensailing.se\/wp-content\/uploads\/2017\/09\/DSC2745.jpg?ssl=1\"><img data-recalc-dims=\"1\" fetchpriority=\"high\" decoding=\"async\" class=\"wp-image-1312 size-large\" src=\"https:\/\/i0.wp.com\/www.ellensailing.se\/wp-content\/uploads\/2017\/09\/DSC2745.jpg?resize=640%2C428&#038;ssl=1\" alt=\"\" width=\"640\" height=\"428\" srcset=\"https:\/\/i0.wp.com\/www.ellensailing.se\/wp-content\/uploads\/2017\/09\/DSC2745.jpg?resize=1024%2C684&amp;ssl=1 1024w, https:\/\/i0.wp.com\/www.ellensailing.se\/wp-content\/uploads\/2017\/09\/DSC2745.jpg?resize=300%2C200&amp;ssl=1 300w, https:\/\/i0.wp.com\/www.ellensailing.se\/wp-content\/uploads\/2017\/09\/DSC2745.jpg?resize=768%2C513&amp;ssl=1 768w, https:\/\/i0.wp.com\/www.ellensailing.se\/wp-content\/uploads\/2017\/09\/DSC2745.jpg?w=1680&amp;ssl=1 1680w, https:\/\/i0.wp.com\/www.ellensailing.se\/wp-content\/uploads\/2017\/09\/DSC2745.jpg?w=2520&amp;ssl=1 2520w\" sizes=\"(max-width: 640px) 100vw, 640px\" \/><\/a><figcaption id=\"caption-attachment-1312\" class=\"wp-caption-text\">Utsikten fr\u00e5n v\u00e5r b\u00e5t!<\/figcaption><\/figure>\n<p>Det var v\u00e4ldigt dimmigt p\u00e5 v\u00e4gen ner till Porto men n\u00e4r vi kom in mot hamnen l\u00e4ttade det. Dimman l\u00e5g bara ut\u00f6ver havet. Vi fick ett mycket trevligt mottagande av Douro Marina. Det \u00e4r en ganska ny anl\u00e4ggning och fanns inte med i v\u00e5r Pilot Book fr\u00e5n Imray. Att man dessutom f\u00e5r frallor varje morgon \u00e4r ett plus samt att man fick 50% i rabatt de tv\u00e5 f\u00f6rsta dagarna n\u00e4r man seglar ARC. \u00c4ven OSK har 15% i rabatt. Tycker ocks\u00e5 att Wi-fi funkar v\u00e4ldigt bra p\u00e5 marinorna. Det \u00e4r m\u00e5nga som gn\u00e4ller p\u00e5 det men med Halo antenn och Redport otimizer funkar det mycket bra. Kunde l\u00e4gga upp n\u00e4stan 500 bilder i RAW format p\u00e5 Dropbox med hj\u00e4lp av marinans wi-fi.<\/p>\n<p>N\u00e4r man \u00e4r i Porto s\u00e5 m\u00e5ste man naturligtvis prova portvin. Vi hyrde cyklar i hamnen och cyklade in de 3 kilometerna.<\/p>\n<figure id=\"attachment_1313\" aria-describedby=\"caption-attachment-1313\" style=\"width: 640px\" class=\"wp-caption aligncenter\"><a href=\"https:\/\/i0.wp.com\/www.ellensailing.se\/wp-content\/uploads\/2017\/09\/DSC2747.jpg?ssl=1\"><img data-recalc-dims=\"1\" decoding=\"async\" class=\"wp-image-1313 size-large\" src=\"https:\/\/i0.wp.com\/www.ellensailing.se\/wp-content\/uploads\/2017\/09\/DSC2747.jpg?resize=640%2C428&#038;ssl=1\" alt=\"\" width=\"640\" height=\"428\" srcset=\"https:\/\/i0.wp.com\/www.ellensailing.se\/wp-content\/uploads\/2017\/09\/DSC2747.jpg?resize=1024%2C684&amp;ssl=1 1024w, https:\/\/i0.wp.com\/www.ellensailing.se\/wp-content\/uploads\/2017\/09\/DSC2747.jpg?resize=300%2C200&amp;ssl=1 300w, https:\/\/i0.wp.com\/www.ellensailing.se\/wp-content\/uploads\/2017\/09\/DSC2747.jpg?resize=768%2C513&amp;ssl=1 768w, https:\/\/i0.wp.com\/www.ellensailing.se\/wp-content\/uploads\/2017\/09\/DSC2747.jpg?w=1680&amp;ssl=1 1680w, https:\/\/i0.wp.com\/www.ellensailing.se\/wp-content\/uploads\/2017\/09\/DSC2747.jpg?w=2520&amp;ssl=1 2520w\" sizes=\"(max-width: 640px) 100vw, 640px\" \/><\/a><figcaption id=\"caption-attachment-1313\" class=\"wp-caption-text\">Kv\u00e4llsvy \u00f6ver f\u00f6rsta bron.<\/figcaption><\/figure>\n<figure id=\"attachment_1324\" aria-describedby=\"caption-attachment-1324\" style=\"width: 640px\" class=\"wp-caption aligncenter\"><a href=\"https:\/\/i0.wp.com\/www.ellensailing.se\/wp-content\/uploads\/2017\/09\/DSC2765.jpg?ssl=1\"><img data-recalc-dims=\"1\" decoding=\"async\" class=\"wp-image-1324 size-large\" src=\"https:\/\/i0.wp.com\/www.ellensailing.se\/wp-content\/uploads\/2017\/09\/DSC2765.jpg?resize=640%2C958&#038;ssl=1\" alt=\"\" width=\"640\" height=\"958\" srcset=\"https:\/\/i0.wp.com\/www.ellensailing.se\/wp-content\/uploads\/2017\/09\/DSC2765.jpg?resize=684%2C1024&amp;ssl=1 684w, https:\/\/i0.wp.com\/www.ellensailing.se\/wp-content\/uploads\/2017\/09\/DSC2765.jpg?resize=201%2C300&amp;ssl=1 201w, https:\/\/i0.wp.com\/www.ellensailing.se\/wp-content\/uploads\/2017\/09\/DSC2765.jpg?resize=768%2C1149&amp;ssl=1 768w, https:\/\/i0.wp.com\/www.ellensailing.se\/wp-content\/uploads\/2017\/09\/DSC2765.jpg?w=2000&amp;ssl=1 2000w, https:\/\/i0.wp.com\/www.ellensailing.se\/wp-content\/uploads\/2017\/09\/DSC2765.jpg?w=1680&amp;ssl=1 1680w\" sizes=\"(max-width: 640px) 100vw, 640px\" \/><\/a><figcaption id=\"caption-attachment-1324\" class=\"wp-caption-text\">G\u00e4ller att cykla r\u00e4tt f\u00f6r det \u00e4r backigt i Porto.<\/figcaption><\/figure>\n<figure id=\"attachment_1316\" aria-describedby=\"caption-attachment-1316\" style=\"width: 640px\" class=\"wp-caption aligncenter\"><a href=\"https:\/\/i0.wp.com\/www.ellensailing.se\/wp-content\/uploads\/2017\/09\/DSC2784.jpg?ssl=1\"><img data-recalc-dims=\"1\" loading=\"lazy\" decoding=\"async\" class=\"wp-image-1316 size-large\" src=\"https:\/\/i0.wp.com\/www.ellensailing.se\/wp-content\/uploads\/2017\/09\/DSC2784.jpg?resize=640%2C428&#038;ssl=1\" alt=\"\" width=\"640\" height=\"428\" srcset=\"https:\/\/i0.wp.com\/www.ellensailing.se\/wp-content\/uploads\/2017\/09\/DSC2784.jpg?resize=1024%2C684&amp;ssl=1 1024w, https:\/\/i0.wp.com\/www.ellensailing.se\/wp-content\/uploads\/2017\/09\/DSC2784.jpg?resize=300%2C200&amp;ssl=1 300w, https:\/\/i0.wp.com\/www.ellensailing.se\/wp-content\/uploads\/2017\/09\/DSC2784.jpg?resize=768%2C513&amp;ssl=1 768w, https:\/\/i0.wp.com\/www.ellensailing.se\/wp-content\/uploads\/2017\/09\/DSC2784.jpg?w=1680&amp;ssl=1 1680w, https:\/\/i0.wp.com\/www.ellensailing.se\/wp-content\/uploads\/2017\/09\/DSC2784.jpg?w=2520&amp;ssl=1 2520w\" sizes=\"(max-width: 640px) 100vw, 640px\" \/><\/a><figcaption id=\"caption-attachment-1316\" class=\"wp-caption-text\">H\u00e4rlig utsikt fr\u00e5n cykelturen.<\/figcaption><\/figure>\n<p>Den andra bron \u00e4r ritad av Eiffel och har tv\u00e5 niv\u00e5er f\u00f6r \u00f6verfart, en l\u00e4gre f\u00f6r dem som kommer l\u00e4ngs floden eller f\u00f6r de som \u00e4r p\u00e5 den h\u00f6gre niv\u00e5n. Vi cyklade runt hela f\u00f6rmiddag och s\u00e5g massor av det fina Porto. P\u00e5 eftermiddagen cyklade vi till s\u00f6dra sidan d\u00e4r alla Portvinsmakare ligger. B\u00f6rjade med en lunch med lite Sangria f\u00f6r att sedan g\u00e5 p\u00e5 provning.<\/p>\n<figure id=\"attachment_1314\" aria-describedby=\"caption-attachment-1314\" style=\"width: 640px\" class=\"wp-caption aligncenter\"><a href=\"https:\/\/i0.wp.com\/www.ellensailing.se\/wp-content\/uploads\/2017\/09\/DSC2755.jpg?ssl=1\"><img data-recalc-dims=\"1\" loading=\"lazy\" decoding=\"async\" class=\"wp-image-1314 size-large\" src=\"https:\/\/i0.wp.com\/www.ellensailing.se\/wp-content\/uploads\/2017\/09\/DSC2755.jpg?resize=640%2C428&#038;ssl=1\" alt=\"\" width=\"640\" height=\"428\" srcset=\"https:\/\/i0.wp.com\/www.ellensailing.se\/wp-content\/uploads\/2017\/09\/DSC2755.jpg?resize=1024%2C684&amp;ssl=1 1024w, https:\/\/i0.wp.com\/www.ellensailing.se\/wp-content\/uploads\/2017\/09\/DSC2755.jpg?resize=300%2C200&amp;ssl=1 300w, https:\/\/i0.wp.com\/www.ellensailing.se\/wp-content\/uploads\/2017\/09\/DSC2755.jpg?resize=768%2C513&amp;ssl=1 768w, https:\/\/i0.wp.com\/www.ellensailing.se\/wp-content\/uploads\/2017\/09\/DSC2755.jpg?w=1680&amp;ssl=1 1680w, https:\/\/i0.wp.com\/www.ellensailing.se\/wp-content\/uploads\/2017\/09\/DSC2755.jpg?w=2520&amp;ssl=1 2520w\" sizes=\"(max-width: 640px) 100vw, 640px\" \/><\/a><figcaption id=\"caption-attachment-1314\" class=\"wp-caption-text\">Eiffels bro<\/figcaption><\/figure>\n<p>Vi b\u00f6rjade p\u00e5 Churcill som \u00e4r ett litet bryggeri som startade 1981 s\u00e5 de \u00e4r nykomlingar. De hade ett samarbete med marinan s\u00e5 vi fick provningen gratis. De var mycket trevliga och bj\u00f6d verkligen p\u00e5 sig sj\u00e4lva.<\/p>\n<p>&nbsp;<\/p>\n<figure id=\"attachment_1317\" aria-describedby=\"caption-attachment-1317\" style=\"width: 640px\" class=\"wp-caption aligncenter\"><a href=\"https:\/\/i0.wp.com\/www.ellensailing.se\/wp-content\/uploads\/2017\/09\/DSC2821.jpg?ssl=1\"><img data-recalc-dims=\"1\" loading=\"lazy\" decoding=\"async\" class=\"wp-image-1317 size-large\" src=\"https:\/\/i0.wp.com\/www.ellensailing.se\/wp-content\/uploads\/2017\/09\/DSC2821.jpg?resize=640%2C428&#038;ssl=1\" alt=\"\" width=\"640\" height=\"428\" srcset=\"https:\/\/i0.wp.com\/www.ellensailing.se\/wp-content\/uploads\/2017\/09\/DSC2821.jpg?resize=1024%2C684&amp;ssl=1 1024w, https:\/\/i0.wp.com\/www.ellensailing.se\/wp-content\/uploads\/2017\/09\/DSC2821.jpg?resize=300%2C200&amp;ssl=1 300w, https:\/\/i0.wp.com\/www.ellensailing.se\/wp-content\/uploads\/2017\/09\/DSC2821.jpg?resize=768%2C513&amp;ssl=1 768w, https:\/\/i0.wp.com\/www.ellensailing.se\/wp-content\/uploads\/2017\/09\/DSC2821.jpg?w=1680&amp;ssl=1 1680w, https:\/\/i0.wp.com\/www.ellensailing.se\/wp-content\/uploads\/2017\/09\/DSC2821.jpg?w=2520&amp;ssl=1 2520w\" sizes=\"(max-width: 640px) 100vw, 640px\" \/><\/a><figcaption id=\"caption-attachment-1317\" class=\"wp-caption-text\">N\u00e5gra av de portvin vi provade.<\/figcaption><\/figure>\n<p>D\u00e4refter s\u00e5 cyklade vi nedf\u00f6rs f\u00f6r att sedan cykla uppf\u00f6rs. Det \u00e4r v\u00e4ldigt backigt h\u00e4r. Vi gick p\u00e5 Taylors som jobbar med Johan Lidby vinhandel och som han rekommenderade att vi skulle bes\u00f6ka. Ett av de \u00e4ldsta bryggerier h\u00e4r i Porto. Det \u00e4r en j\u00e4tte.<\/p>\n<figure id=\"attachment_1318\" aria-describedby=\"caption-attachment-1318\" style=\"width: 640px\" class=\"wp-caption aligncenter\"><a href=\"https:\/\/i0.wp.com\/www.ellensailing.se\/wp-content\/uploads\/2017\/09\/DSC2827.jpg?ssl=1\"><img data-recalc-dims=\"1\" loading=\"lazy\" decoding=\"async\" class=\"wp-image-1318 size-large\" src=\"https:\/\/i0.wp.com\/www.ellensailing.se\/wp-content\/uploads\/2017\/09\/DSC2827.jpg?resize=640%2C428&#038;ssl=1\" alt=\"\" width=\"640\" height=\"428\" srcset=\"https:\/\/i0.wp.com\/www.ellensailing.se\/wp-content\/uploads\/2017\/09\/DSC2827.jpg?resize=1024%2C684&amp;ssl=1 1024w, https:\/\/i0.wp.com\/www.ellensailing.se\/wp-content\/uploads\/2017\/09\/DSC2827.jpg?resize=300%2C200&amp;ssl=1 300w, https:\/\/i0.wp.com\/www.ellensailing.se\/wp-content\/uploads\/2017\/09\/DSC2827.jpg?resize=768%2C513&amp;ssl=1 768w, https:\/\/i0.wp.com\/www.ellensailing.se\/wp-content\/uploads\/2017\/09\/DSC2827.jpg?w=1680&amp;ssl=1 1680w, https:\/\/i0.wp.com\/www.ellensailing.se\/wp-content\/uploads\/2017\/09\/DSC2827.jpg?w=2520&amp;ssl=1 2520w\" sizes=\"(max-width: 640px) 100vw, 640px\" \/><\/a><figcaption id=\"caption-attachment-1318\" class=\"wp-caption-text\">4 xxx kommer fr\u00e5n en logo fr\u00e5n de hade sin f\u00e5rsk\u00f6tsel.<\/figcaption><\/figure>\n<figure id=\"attachment_1319\" aria-describedby=\"caption-attachment-1319\" style=\"width: 640px\" class=\"wp-caption aligncenter\"><a href=\"https:\/\/i0.wp.com\/www.ellensailing.se\/wp-content\/uploads\/2017\/09\/DSC2828.jpg?ssl=1\"><img data-recalc-dims=\"1\" loading=\"lazy\" decoding=\"async\" class=\"wp-image-1319 size-large\" src=\"https:\/\/i0.wp.com\/www.ellensailing.se\/wp-content\/uploads\/2017\/09\/DSC2828.jpg?resize=640%2C428&#038;ssl=1\" alt=\"\" width=\"640\" height=\"428\" srcset=\"https:\/\/i0.wp.com\/www.ellensailing.se\/wp-content\/uploads\/2017\/09\/DSC2828.jpg?resize=1024%2C684&amp;ssl=1 1024w, https:\/\/i0.wp.com\/www.ellensailing.se\/wp-content\/uploads\/2017\/09\/DSC2828.jpg?resize=300%2C200&amp;ssl=1 300w, https:\/\/i0.wp.com\/www.ellensailing.se\/wp-content\/uploads\/2017\/09\/DSC2828.jpg?resize=768%2C513&amp;ssl=1 768w, https:\/\/i0.wp.com\/www.ellensailing.se\/wp-content\/uploads\/2017\/09\/DSC2828.jpg?w=1680&amp;ssl=1 1680w, https:\/\/i0.wp.com\/www.ellensailing.se\/wp-content\/uploads\/2017\/09\/DSC2828.jpg?w=2520&amp;ssl=1 2520w\" sizes=\"(max-width: 640px) 100vw, 640px\" \/><\/a><figcaption id=\"caption-attachment-1319\" class=\"wp-caption-text\">Fattar inte att man kan h\u00e5lla reda p\u00e5 allt.<\/figcaption><\/figure>\n<p>Provning hade Taylor i sin fina tr\u00e4dg\u00e5rd. J\u00e4ttemysigt men med m\u00e5nga g\u00e4ster.<\/p>\n<figure id=\"attachment_1320\" aria-describedby=\"caption-attachment-1320\" style=\"width: 640px\" class=\"wp-caption aligncenter\"><a href=\"https:\/\/i0.wp.com\/www.ellensailing.se\/wp-content\/uploads\/2017\/09\/DSC2832.jpg?ssl=1\"><img data-recalc-dims=\"1\" loading=\"lazy\" decoding=\"async\" class=\"wp-image-1320 size-large\" src=\"https:\/\/i0.wp.com\/www.ellensailing.se\/wp-content\/uploads\/2017\/09\/DSC2832.jpg?resize=640%2C428&#038;ssl=1\" alt=\"\" width=\"640\" height=\"428\" srcset=\"https:\/\/i0.wp.com\/www.ellensailing.se\/wp-content\/uploads\/2017\/09\/DSC2832.jpg?resize=1024%2C684&amp;ssl=1 1024w, https:\/\/i0.wp.com\/www.ellensailing.se\/wp-content\/uploads\/2017\/09\/DSC2832.jpg?resize=300%2C200&amp;ssl=1 300w, https:\/\/i0.wp.com\/www.ellensailing.se\/wp-content\/uploads\/2017\/09\/DSC2832.jpg?resize=768%2C513&amp;ssl=1 768w, https:\/\/i0.wp.com\/www.ellensailing.se\/wp-content\/uploads\/2017\/09\/DSC2832.jpg?w=1680&amp;ssl=1 1680w, https:\/\/i0.wp.com\/www.ellensailing.se\/wp-content\/uploads\/2017\/09\/DSC2832.jpg?w=2520&amp;ssl=1 2520w\" sizes=\"(max-width: 640px) 100vw, 640px\" \/><\/a><figcaption id=\"caption-attachment-1320\" class=\"wp-caption-text\">Snart dags f\u00f6r nummer tv\u00e5.<\/figcaption><\/figure>\n<p>Sj\u00e4lvklart s\u00e5 k\u00f6pte vi del till Ellen. Det klart man inte kan dricka Portvin om man inte har portvinsglas, s\u00e5 det fick bli sex stycken s\u00e5dana ocks\u00e5.<\/p>\n<figure id=\"attachment_1322\" aria-describedby=\"caption-attachment-1322\" style=\"width: 640px\" class=\"wp-caption aligncenter\"><a href=\"https:\/\/i0.wp.com\/www.ellensailing.se\/wp-content\/uploads\/2017\/09\/DSC2849.jpg?ssl=1\"><img data-recalc-dims=\"1\" loading=\"lazy\" decoding=\"async\" class=\"wp-image-1322 size-large\" src=\"https:\/\/i0.wp.com\/www.ellensailing.se\/wp-content\/uploads\/2017\/09\/DSC2849.jpg?resize=640%2C428&#038;ssl=1\" alt=\"\" width=\"640\" height=\"428\" srcset=\"https:\/\/i0.wp.com\/www.ellensailing.se\/wp-content\/uploads\/2017\/09\/DSC2849.jpg?resize=1024%2C684&amp;ssl=1 1024w, https:\/\/i0.wp.com\/www.ellensailing.se\/wp-content\/uploads\/2017\/09\/DSC2849.jpg?resize=300%2C200&amp;ssl=1 300w, https:\/\/i0.wp.com\/www.ellensailing.se\/wp-content\/uploads\/2017\/09\/DSC2849.jpg?resize=768%2C513&amp;ssl=1 768w, https:\/\/i0.wp.com\/www.ellensailing.se\/wp-content\/uploads\/2017\/09\/DSC2849.jpg?w=1680&amp;ssl=1 1680w, https:\/\/i0.wp.com\/www.ellensailing.se\/wp-content\/uploads\/2017\/09\/DSC2849.jpg?w=2520&amp;ssl=1 2520w\" sizes=\"(max-width: 640px) 100vw, 640px\" \/><\/a><figcaption id=\"caption-attachment-1322\" class=\"wp-caption-text\">Dagens sk\u00f6rd fr\u00e5n provningarna.<\/figcaption><\/figure>\n","protected":false},"excerpt":{"rendered":"<p>Vi fick tips fr\u00e5n Ellen Najad att vi skulle inte l\u00e4ggas oss i Leixoes d\u00e4r de hade ankrat och ist\u00e4llet[&#8230;]<\/p>\n","protected":false},"author":1,"featured_media":1318,"comment_status":"open","ping_status":"open","sticky":false,"template":"","format":"standard","meta":{"_jetpack_newsletter_access":"","_jetpack_dont_email_post_to_subs":false,"_jetpack_newsletter_tier_id":0,"_jetpack_memberships_contains_paywalled_content":false,"_jetpack_feature_clip_id":0,"_jetpack_memberships_contains_paid_content":false,"footnotes":"","jetpack_publicize_message":"","jetpack_publicize_feature_enabled":true,"jetpack_social_post_already_shared":true,"jetpack_social_options":{"image_generator_settings":{"template":"highway","default_image_id":0,"font":"","enabled":false},"version":2},"jetpack_post_was_ever_published":false},"categories":[22],"tags":[],"class_list":["post-1323","post","type-post","status-publish","format-standard","has-post-thumbnail","hentry","category-host-2017-till-cc"],"jetpack_publicize_connections":[],"jetpack_featured_media_url":"https:\/\/i0.wp.com\/www.ellensailing.se\/wp-content\/uploads\/2017\/09\/DSC2827.jpg?fit=2992%2C2000&ssl=1","jetpack_sharing_enabled":true,"jetpack_shortlink":"https:\/\/wp.me\/p5G68R-ll","jetpack-related-posts":[{"id":1298,"url":"https:\/\/www.ellensailing.se\/?p=1298","url_meta":{"origin":1323,"position":0},"title":"Sista utposten i Spanien blev Baiona, d\u00e4refter har vi g\u00e5tt till Portugal.","author":"peter@ellensailing.se","date":"18 september, 2017","format":false,"excerpt":"Efter helt underbara dagar p\u00e5 Isla Cies s\u00e5 seglade vi ner mot Baiona. Som vanligt ingen vind men vi hade i alla fall medvind. Vi kom in till Baiona p\u00e5 tidig eftermiddag vilket var planen. Vi har haft ett vattenl\u00e4ckage p\u00e5 s\u00f6tvatten s\u00e5 vi best\u00e4mde oss f\u00f6r att riva bort\u2026","rel":"","context":"I \u201dH\u00f6st 2017 till Grand Canrias.\u201d","block_context":{"text":"H\u00f6st 2017 till Grand Canrias.","link":"https:\/\/www.ellensailing.se\/?cat=22"},"img":{"alt_text":"","src":"https:\/\/i0.wp.com\/www.ellensailing.se\/wp-content\/uploads\/2017\/09\/DSC2681.jpg?fit=1200%2C802&ssl=1&resize=350%2C200","width":350,"height":200,"srcset":"https:\/\/i0.wp.com\/www.ellensailing.se\/wp-content\/uploads\/2017\/09\/DSC2681.jpg?fit=1200%2C802&ssl=1&resize=350%2C200 1x, https:\/\/i0.wp.com\/www.ellensailing.se\/wp-content\/uploads\/2017\/09\/DSC2681.jpg?fit=1200%2C802&ssl=1&resize=525%2C300 1.5x, https:\/\/i0.wp.com\/www.ellensailing.se\/wp-content\/uploads\/2017\/09\/DSC2681.jpg?fit=1200%2C802&ssl=1&resize=700%2C400 2x, https:\/\/i0.wp.com\/www.ellensailing.se\/wp-content\/uploads\/2017\/09\/DSC2681.jpg?fit=1200%2C802&ssl=1&resize=1050%2C600 3x"},"classes":[]},{"id":1328,"url":"https:\/\/www.ellensailing.se\/?p=1328","url_meta":{"origin":1323,"position":1},"title":"Med delfiner p\u00e5 havet fr\u00e5n Porto.","author":"peter@ellensailing.se","date":"22 september, 2017","format":false,"excerpt":"Vi seglade iv\u00e4g i morse fr\u00e5n Porto. Som vanligt var det ganska dimmigt men helt okej. Vi har tagit oss ut ca 20Nm fr\u00e5n Portugals kust f\u00f6r att slippa alla fiskeredskap som ligger i vattnet. Vi har medvind och loggar mellan 7-8.5 knop med spirad genua. Vi har haft helt\u2026","rel":"","context":"I \u201dH\u00f6st 2017 till Grand Canrias.\u201d","block_context":{"text":"H\u00f6st 2017 till Grand Canrias.","link":"https:\/\/www.ellensailing.se\/?cat=22"},"img":{"alt_text":"","src":"https:\/\/i0.wp.com\/www.ellensailing.se\/wp-content\/uploads\/2017\/09\/DSC2976.jpg?fit=1200%2C802&ssl=1&resize=350%2C200","width":350,"height":200,"srcset":"https:\/\/i0.wp.com\/www.ellensailing.se\/wp-content\/uploads\/2017\/09\/DSC2976.jpg?fit=1200%2C802&ssl=1&resize=350%2C200 1x, https:\/\/i0.wp.com\/www.ellensailing.se\/wp-content\/uploads\/2017\/09\/DSC2976.jpg?fit=1200%2C802&ssl=1&resize=525%2C300 1.5x, https:\/\/i0.wp.com\/www.ellensailing.se\/wp-content\/uploads\/2017\/09\/DSC2976.jpg?fit=1200%2C802&ssl=1&resize=700%2C400 2x, https:\/\/i0.wp.com\/www.ellensailing.se\/wp-content\/uploads\/2017\/09\/DSC2976.jpg?fit=1200%2C802&ssl=1&resize=1050%2C600 3x"},"classes":[]},{"id":1211,"url":"https:\/\/www.ellensailing.se\/?p=1211","url_meta":{"origin":1323,"position":2},"title":"Nu har vi l\u00e4mnat A Coruna och ligger p\u00e5 svaj i en liten fiskeby!","author":"peter@ellensailing.se","date":"9 september, 2017","format":false,"excerpt":"Vi har haft n\u00e5gra sk\u00f6na dagar i A Coruna som \u00e4r en helt underbar liten stad, stor men liten. Finns s\u00e5 mycket att se och de har helt underbara ytor f\u00f6r folk att r\u00f6ra sig p\u00e5, och folk \u00e4r verkligen ute och r\u00f6r sig. Fina cykelv\u00e4gar runt hela staden, g\u00e5ngpromenader,\u2026","rel":"","context":"I \u201dH\u00f6st 2017 till Grand Canrias.\u201d","block_context":{"text":"H\u00f6st 2017 till Grand Canrias.","link":"https:\/\/www.ellensailing.se\/?cat=22"},"img":{"alt_text":"","src":"https:\/\/i0.wp.com\/www.ellensailing.se\/wp-content\/uploads\/2017\/09\/DSC2328.jpg?fit=1200%2C802&ssl=1&resize=350%2C200","width":350,"height":200,"srcset":"https:\/\/i0.wp.com\/www.ellensailing.se\/wp-content\/uploads\/2017\/09\/DSC2328.jpg?fit=1200%2C802&ssl=1&resize=350%2C200 1x, https:\/\/i0.wp.com\/www.ellensailing.se\/wp-content\/uploads\/2017\/09\/DSC2328.jpg?fit=1200%2C802&ssl=1&resize=525%2C300 1.5x, https:\/\/i0.wp.com\/www.ellensailing.se\/wp-content\/uploads\/2017\/09\/DSC2328.jpg?fit=1200%2C802&ssl=1&resize=700%2C400 2x, https:\/\/i0.wp.com\/www.ellensailing.se\/wp-content\/uploads\/2017\/09\/DSC2328.jpg?fit=1200%2C802&ssl=1&resize=1050%2C600 3x"},"classes":[]},{"id":1372,"url":"https:\/\/www.ellensailing.se\/?p=1372","url_meta":{"origin":1323,"position":3},"title":"Dag2, \u00f6verfart fr\u00e5n Lagos till Isla Graciosa","author":"peter@ellensailing.se","date":"6 oktober, 2017","format":false,"excerpt":"Idag har vi seglat drygt en tredjedel av hela str\u00e4ckan. Under dagen har det bl\u00e5st mindre \u00e4n ig\u00e5r men vi har \u00e4nd\u00e5 bra fart. Vi g\u00f6r 6,5-7 knop. Vi har ca 100NM kvar till v\u00e5r waypoint som \u00e4r rakt nordligt om Lanzarote och i h\u00f6jd med Porto Santo. D\u00e4r kommer\u2026","rel":"","context":"I \u201dH\u00f6st 2017 till Grand Canrias.\u201d","block_context":{"text":"H\u00f6st 2017 till Grand Canrias.","link":"https:\/\/www.ellensailing.se\/?cat=22"},"img":{"alt_text":"","src":"","width":0,"height":0},"classes":[]},{"id":1364,"url":"https:\/\/www.ellensailing.se\/?p=1364","url_meta":{"origin":1323,"position":4},"title":"H\u00e4rliga dagar i Lagos och Portmao!","author":"peter@ellensailing.se","date":"4 oktober, 2017","format":false,"excerpt":"\u00c4ntligen s\u00e5 har vi uppn\u00e5tt v\u00e5rt uppdrag att f\u00e5 Ellen klar p\u00e5 alla punkter. Vi har haft kontakt med Bluewater marin som skulle fixa v\u00e5r Watermaker. M\u00e5nga mejl och jagande av delar \u00f6ver hela v\u00e4rlden s\u00e5 anl\u00e4nde i alla fall allt till Portmano i tisdags. Det vi inte visste var\u2026","rel":"","context":"I \u201dH\u00f6st 2017 till Grand Canrias.\u201d","block_context":{"text":"H\u00f6st 2017 till Grand Canrias.","link":"https:\/\/www.ellensailing.se\/?cat=22"},"img":{"alt_text":"","src":"https:\/\/i0.wp.com\/www.ellensailing.se\/wp-content\/uploads\/2017\/10\/IMG_6146.jpg?fit=480%2C640&ssl=1&resize=350%2C200","width":350,"height":200},"classes":[]},{"id":2630,"url":"https:\/\/www.ellensailing.se\/?p=2630","url_meta":{"origin":1323,"position":5},"title":"Nu \u00e4r vi p\u00e5 v\u00e4g tillbaka till Sverige","author":"peter@ellensailing.se","date":"26 maj, 2019","format":false,"excerpt":"Det har varit n\u00e5gra sp\u00e4nnande dagar i Portmounth. Lossning av Ellen och att g\u00f6ra i ordning henne. Vi l\u00e5g i Gunwarf Marina som \u00e4r en liten men mycket fin marina. Ut\u00f6ver det s\u00e5 \u00e4r det ett stort shoppingcenter med m\u00e5nga restauranger. Frank och Mandy var och h\u00e4lsade p\u00e5 f\u00f6r att\u2026","rel":"","context":"I \u201dHemsegling\u201d","block_context":{"text":"Hemsegling","link":"https:\/\/www.ellensailing.se\/?cat=26"},"img":{"alt_text":"","src":"https:\/\/i0.wp.com\/www.ellensailing.se\/wp-content\/uploads\/2019\/05\/IMG_3080.jpg?fit=1200%2C900&ssl=1&resize=350%2C200","width":350,"height":200,"srcset":"https:\/\/i0.wp.com\/www.ellensailing.se\/wp-content\/uploads\/2019\/05\/IMG_3080.jpg?fit=1200%2C900&ssl=1&resize=350%2C200 1x, https:\/\/i0.wp.com\/www.ellensailing.se\/wp-content\/uploads\/2019\/05\/IMG_3080.jpg?fit=1200%2C900&ssl=1&resize=525%2C300 1.5x, https:\/\/i0.wp.com\/www.ellensailing.se\/wp-content\/uploads\/2019\/05\/IMG_3080.jpg?fit=1200%2C900&ssl=1&resize=700%2C400 2x, https:\/\/i0.wp.com\/www.ellensailing.se\/wp-content\/uploads\/2019\/05\/IMG_3080.jpg?fit=1200%2C900&ssl=1&resize=1050%2C600 3x"},"classes":[]}],"jetpack_likes_enabled":false,"_links":{"self":[{"href":"https:\/\/www.ellensailing.se\/index.php?rest_route=\/wp\/v2\/posts\/1323","targetHints":{"allow":["GET"]}}],"collection":[{"href":"https:\/\/www.ellensailing.se\/index.php?rest_route=\/wp\/v2\/posts"}],"about":[{"href":"https:\/\/www.ellensailing.se\/index.php?rest_route=\/wp\/v2\/types\/post"}],"author":[{"embeddable":true,"href":"https:\/\/www.ellensailing.se\/index.php?rest_route=\/wp\/v2\/users\/1"}],"replies":[{"embeddable":true,"href":"https:\/\/www.ellensailing.se\/index.php?rest_route=%2Fwp%2Fv2%2Fcomments&post=1323"}],"version-history":[{"count":3,"href":"https:\/\/www.ellensailing.se\/index.php?rest_route=\/wp\/v2\/posts\/1323\/revisions"}],"predecessor-version":[{"id":1327,"href":"https:\/\/www.ellensailing.se\/index.php?rest_route=\/wp\/v2\/posts\/1323\/revisions\/1327"}],"wp:featuredmedia":[{"embeddable":true,"href":"https:\/\/www.ellensailing.se\/index.php?rest_route=\/wp\/v2\/media\/1318"}],"wp:attachment":[{"href":"https:\/\/www.ellensailing.se\/index.php?rest_route=%2Fwp%2Fv2%2Fmedia&parent=1323"}],"wp:term":[{"taxonomy":"category","embeddable":true,"href":"https:\/\/www.ellensailing.se\/index.php?rest_route=%2Fwp%2Fv2%2Fcategories&post=1323"},{"taxonomy":"post_tag","embeddable":true,"href":"https:\/\/www.ellensailing.se\/index.php?rest_route=%2Fwp%2Fv2%2Ftags&post=1323"}],"curies":[{"name":"wp","href":"https:\/\/api.w.org\/{rel}","templated":true}]}}