{"id":1298,"date":"2017-09-18T22:34:57","date_gmt":"2017-09-18T20:34:57","guid":{"rendered":"https:\/\/www.ellensailing.se\/?p=1298"},"modified":"2017-09-18T22:34:57","modified_gmt":"2017-09-18T20:34:57","slug":"sista-utposten-i-spanien-blev-baiona-darefter-har-vi-gatt-till-portugal","status":"publish","type":"post","link":"https:\/\/www.ellensailing.se\/?p=1298","title":{"rendered":"Sista utposten i Spanien blev Baiona, d\u00e4refter har vi g\u00e5tt till Portugal."},"content":{"rendered":"<p>Efter helt underbara dagar p\u00e5 Isla Cies s\u00e5 seglade vi ner mot Baiona. Som vanligt ingen vind men vi hade i alla fall medvind. Vi kom in till Baiona p\u00e5 tidig eftermiddag vilket var planen. Vi har haft ett vattenl\u00e4ckage p\u00e5 s\u00f6tvatten s\u00e5 vi best\u00e4mde oss f\u00f6r att riva bort alla durkar och bord f\u00f6r att se om vi kunde hitta n\u00e5gra r\u00e4nnilar. Vi hittade tv\u00e5 fel, en var k\u00f6kskranen d\u00e4r anslutningarna inte var okej \u00e5tdragna. Det andra verkliga orsaken var att ett T-r\u00f6r hade g\u00e5tt av bakom varmvattenberedaren och d\u00e4r sprutade det en hel del.<\/p>\n<p>Sk\u00f6nt var det att torka ur b\u00e5ten och l\u00e5ta allt f\u00e5 torka medan vi tog en tur p\u00e5 stan. Denna dag s\u00e5 var det ett Triatlon som gick med start i hamnen och d\u00e4r man b\u00f6rjade med simning i motstr\u00f6ms. De sista deltagarna hade det riktigt jobbigt in mot m\u00e5l.<\/p>\n<figure id=\"attachment_1301\" aria-describedby=\"caption-attachment-1301\" style=\"width: 640px\" class=\"wp-caption aligncenter\"><a href=\"https:\/\/i0.wp.com\/www.ellensailing.se\/wp-content\/uploads\/2017\/09\/DSC2690.jpg?ssl=1\"><img data-recalc-dims=\"1\" fetchpriority=\"high\" decoding=\"async\" class=\"wp-image-1301 size-large\" src=\"https:\/\/i0.wp.com\/www.ellensailing.se\/wp-content\/uploads\/2017\/09\/DSC2690.jpg?resize=640%2C428&#038;ssl=1\" alt=\"\" width=\"640\" height=\"428\" srcset=\"https:\/\/i0.wp.com\/www.ellensailing.se\/wp-content\/uploads\/2017\/09\/DSC2690.jpg?resize=1024%2C684&amp;ssl=1 1024w, https:\/\/i0.wp.com\/www.ellensailing.se\/wp-content\/uploads\/2017\/09\/DSC2690.jpg?resize=300%2C200&amp;ssl=1 300w, https:\/\/i0.wp.com\/www.ellensailing.se\/wp-content\/uploads\/2017\/09\/DSC2690.jpg?resize=768%2C513&amp;ssl=1 768w, https:\/\/i0.wp.com\/www.ellensailing.se\/wp-content\/uploads\/2017\/09\/DSC2690.jpg?w=1680&amp;ssl=1 1680w, https:\/\/i0.wp.com\/www.ellensailing.se\/wp-content\/uploads\/2017\/09\/DSC2690.jpg?w=2520&amp;ssl=1 2520w\" sizes=\"(max-width: 640px) 100vw, 640px\" \/><\/a><figcaption id=\"caption-attachment-1301\" class=\"wp-caption-text\">Sista man mot m\u00e5l. Tr\u00f6tt och med en j\u00e4kla motstr\u00f6m.<\/figcaption><\/figure>\n<p>Inte f\u00f6r att vara taskig \u00e4r det jag har ett foto p\u00e5 den sista men det var d\u00e5 vi gick in mot staden&#8230;<\/p>\n<p>Baiona \u00e4r en mycket trevlig liten stad, skulle nog s\u00e4ga att det \u00e4r den b\u00e4sta hittills men och den dyraste iaf vad g\u00e4ller hamnavgifter. Tur att man \u00e4r med i OCC och kan f\u00e5 25% rabatt.<\/p>\n<p>Vi tog en tur runt borgen som omger hamnen och det var en mycket trevlig liten tur. Det finns en yttre v\u00e4g och en inre v\u00e4g. Vi valde den runt muren.<\/p>\n<figure id=\"attachment_1305\" aria-describedby=\"caption-attachment-1305\" style=\"width: 640px\" class=\"wp-caption aligncenter\"><a href=\"https:\/\/i0.wp.com\/www.ellensailing.se\/wp-content\/uploads\/2017\/09\/DSC2711.jpg?ssl=1\"><img data-recalc-dims=\"1\" decoding=\"async\" class=\"wp-image-1305 size-large\" src=\"https:\/\/i0.wp.com\/www.ellensailing.se\/wp-content\/uploads\/2017\/09\/DSC2711.jpg?resize=640%2C428&#038;ssl=1\" alt=\"\" width=\"640\" height=\"428\" srcset=\"https:\/\/i0.wp.com\/www.ellensailing.se\/wp-content\/uploads\/2017\/09\/DSC2711.jpg?resize=1024%2C684&amp;ssl=1 1024w, https:\/\/i0.wp.com\/www.ellensailing.se\/wp-content\/uploads\/2017\/09\/DSC2711.jpg?resize=300%2C200&amp;ssl=1 300w, https:\/\/i0.wp.com\/www.ellensailing.se\/wp-content\/uploads\/2017\/09\/DSC2711.jpg?resize=768%2C513&amp;ssl=1 768w, https:\/\/i0.wp.com\/www.ellensailing.se\/wp-content\/uploads\/2017\/09\/DSC2711.jpg?w=1680&amp;ssl=1 1680w, https:\/\/i0.wp.com\/www.ellensailing.se\/wp-content\/uploads\/2017\/09\/DSC2711.jpg?w=2520&amp;ssl=1 2520w\" sizes=\"(max-width: 640px) 100vw, 640px\" \/><\/a><figcaption id=\"caption-attachment-1305\" class=\"wp-caption-text\">J\u00e4tte fin mur runt borgen.<\/figcaption><\/figure>\n<figure id=\"attachment_1304\" aria-describedby=\"caption-attachment-1304\" style=\"width: 640px\" class=\"wp-caption aligncenter\"><a href=\"https:\/\/i0.wp.com\/www.ellensailing.se\/wp-content\/uploads\/2017\/09\/DSC2706.jpg?ssl=1\"><img data-recalc-dims=\"1\" decoding=\"async\" class=\"wp-image-1304 size-large\" src=\"https:\/\/i0.wp.com\/www.ellensailing.se\/wp-content\/uploads\/2017\/09\/DSC2706.jpg?resize=640%2C428&#038;ssl=1\" alt=\"\" width=\"640\" height=\"428\" srcset=\"https:\/\/i0.wp.com\/www.ellensailing.se\/wp-content\/uploads\/2017\/09\/DSC2706.jpg?resize=1024%2C684&amp;ssl=1 1024w, https:\/\/i0.wp.com\/www.ellensailing.se\/wp-content\/uploads\/2017\/09\/DSC2706.jpg?resize=300%2C200&amp;ssl=1 300w, https:\/\/i0.wp.com\/www.ellensailing.se\/wp-content\/uploads\/2017\/09\/DSC2706.jpg?resize=768%2C513&amp;ssl=1 768w, https:\/\/i0.wp.com\/www.ellensailing.se\/wp-content\/uploads\/2017\/09\/DSC2706.jpg?w=1680&amp;ssl=1 1680w, https:\/\/i0.wp.com\/www.ellensailing.se\/wp-content\/uploads\/2017\/09\/DSC2706.jpg?w=2520&amp;ssl=1 2520w\" sizes=\"(max-width: 640px) 100vw, 640px\" \/><\/a><figcaption id=\"caption-attachment-1304\" class=\"wp-caption-text\">Lasse och Jackie<\/figcaption><\/figure>\n<figure id=\"attachment_1303\" aria-describedby=\"caption-attachment-1303\" style=\"width: 640px\" class=\"wp-caption aligncenter\"><a href=\"https:\/\/i0.wp.com\/www.ellensailing.se\/wp-content\/uploads\/2017\/09\/DSC2705.jpg?ssl=1\"><img data-recalc-dims=\"1\" loading=\"lazy\" decoding=\"async\" class=\"wp-image-1303 size-large\" src=\"https:\/\/i0.wp.com\/www.ellensailing.se\/wp-content\/uploads\/2017\/09\/DSC2705.jpg?resize=640%2C428&#038;ssl=1\" alt=\"\" width=\"640\" height=\"428\" srcset=\"https:\/\/i0.wp.com\/www.ellensailing.se\/wp-content\/uploads\/2017\/09\/DSC2705.jpg?resize=1024%2C684&amp;ssl=1 1024w, https:\/\/i0.wp.com\/www.ellensailing.se\/wp-content\/uploads\/2017\/09\/DSC2705.jpg?resize=300%2C200&amp;ssl=1 300w, https:\/\/i0.wp.com\/www.ellensailing.se\/wp-content\/uploads\/2017\/09\/DSC2705.jpg?resize=768%2C513&amp;ssl=1 768w, https:\/\/i0.wp.com\/www.ellensailing.se\/wp-content\/uploads\/2017\/09\/DSC2705.jpg?w=1680&amp;ssl=1 1680w, https:\/\/i0.wp.com\/www.ellensailing.se\/wp-content\/uploads\/2017\/09\/DSC2705.jpg?w=2520&amp;ssl=1 2520w\" sizes=\"(max-width: 640px) 100vw, 640px\" \/><\/a><figcaption id=\"caption-attachment-1303\" class=\"wp-caption-text\">Fin utsikt till Isla Cies.<\/figcaption><\/figure>\n<p>Det finns v\u00e4ldigt fina v\u00e4xter runt borgen. Bland annat finns n\u00e5got barrtr\u00e4d med barr som \u00e4r n\u00e4sta 40 cm l\u00e5nga. Ser helt konstigt ut men de \u00e4r j\u00e4ttefina. Vi hittade ocks\u00e5 limetr\u00e4d och det fanns faktiskt en gren som fallit ner och d\u00e5 plockade vi n\u00e5gra lime f\u00f6r att ha till GT:n, smakade mycket bra.<\/p>\n<figure id=\"attachment_1302\" aria-describedby=\"caption-attachment-1302\" style=\"width: 640px\" class=\"wp-caption aligncenter\"><a href=\"https:\/\/i0.wp.com\/www.ellensailing.se\/wp-content\/uploads\/2017\/09\/DSC2697.jpg?ssl=1\"><img data-recalc-dims=\"1\" loading=\"lazy\" decoding=\"async\" class=\"wp-image-1302 size-large\" src=\"https:\/\/i0.wp.com\/www.ellensailing.se\/wp-content\/uploads\/2017\/09\/DSC2697.jpg?resize=640%2C428&#038;ssl=1\" alt=\"\" width=\"640\" height=\"428\" srcset=\"https:\/\/i0.wp.com\/www.ellensailing.se\/wp-content\/uploads\/2017\/09\/DSC2697.jpg?resize=1024%2C684&amp;ssl=1 1024w, https:\/\/i0.wp.com\/www.ellensailing.se\/wp-content\/uploads\/2017\/09\/DSC2697.jpg?resize=300%2C200&amp;ssl=1 300w, https:\/\/i0.wp.com\/www.ellensailing.se\/wp-content\/uploads\/2017\/09\/DSC2697.jpg?resize=768%2C513&amp;ssl=1 768w, https:\/\/i0.wp.com\/www.ellensailing.se\/wp-content\/uploads\/2017\/09\/DSC2697.jpg?w=1680&amp;ssl=1 1680w, https:\/\/i0.wp.com\/www.ellensailing.se\/wp-content\/uploads\/2017\/09\/DSC2697.jpg?w=2520&amp;ssl=1 2520w\" sizes=\"(max-width: 640px) 100vw, 640px\" \/><\/a><figcaption id=\"caption-attachment-1302\" class=\"wp-caption-text\">L\u00e5nga barrar<\/figcaption><\/figure>\n<p>&nbsp;<\/p>\n<p>I hamnen ligger ocks\u00e5 Columbus skepp, i alla fall en replika. Det var hit som Columbus \u00e5terv\u00e4nde efter det han hittat V\u00e4stindien. Jag tror nog att skeppet var lite st\u00f6rre som han seglade men vem vet.<\/p>\n<figure id=\"attachment_1300\" aria-describedby=\"caption-attachment-1300\" style=\"width: 640px\" class=\"wp-caption aligncenter\"><a href=\"https:\/\/i0.wp.com\/www.ellensailing.se\/wp-content\/uploads\/2017\/09\/DSC2687.jpg?ssl=1\"><img data-recalc-dims=\"1\" loading=\"lazy\" decoding=\"async\" class=\"wp-image-1300 size-large\" src=\"https:\/\/i0.wp.com\/www.ellensailing.se\/wp-content\/uploads\/2017\/09\/DSC2687.jpg?resize=640%2C428&#038;ssl=1\" alt=\"\" width=\"640\" height=\"428\" srcset=\"https:\/\/i0.wp.com\/www.ellensailing.se\/wp-content\/uploads\/2017\/09\/DSC2687.jpg?resize=1024%2C684&amp;ssl=1 1024w, https:\/\/i0.wp.com\/www.ellensailing.se\/wp-content\/uploads\/2017\/09\/DSC2687.jpg?resize=300%2C200&amp;ssl=1 300w, https:\/\/i0.wp.com\/www.ellensailing.se\/wp-content\/uploads\/2017\/09\/DSC2687.jpg?resize=768%2C513&amp;ssl=1 768w, https:\/\/i0.wp.com\/www.ellensailing.se\/wp-content\/uploads\/2017\/09\/DSC2687.jpg?w=1680&amp;ssl=1 1680w, https:\/\/i0.wp.com\/www.ellensailing.se\/wp-content\/uploads\/2017\/09\/DSC2687.jpg?w=2520&amp;ssl=1 2520w\" sizes=\"(max-width: 640px) 100vw, 640px\" \/><\/a><figcaption id=\"caption-attachment-1300\" class=\"wp-caption-text\">Columbus skepp!<\/figcaption><\/figure>\n<figure id=\"attachment_1299\" aria-describedby=\"caption-attachment-1299\" style=\"width: 640px\" class=\"wp-caption aligncenter\"><a href=\"https:\/\/i0.wp.com\/www.ellensailing.se\/wp-content\/uploads\/2017\/09\/DSC2681.jpg?ssl=1\"><img data-recalc-dims=\"1\" loading=\"lazy\" decoding=\"async\" class=\"wp-image-1299 size-large\" src=\"https:\/\/i0.wp.com\/www.ellensailing.se\/wp-content\/uploads\/2017\/09\/DSC2681.jpg?resize=640%2C428&#038;ssl=1\" alt=\"\" width=\"640\" height=\"428\" srcset=\"https:\/\/i0.wp.com\/www.ellensailing.se\/wp-content\/uploads\/2017\/09\/DSC2681.jpg?resize=1024%2C684&amp;ssl=1 1024w, https:\/\/i0.wp.com\/www.ellensailing.se\/wp-content\/uploads\/2017\/09\/DSC2681.jpg?resize=300%2C200&amp;ssl=1 300w, https:\/\/i0.wp.com\/www.ellensailing.se\/wp-content\/uploads\/2017\/09\/DSC2681.jpg?resize=768%2C513&amp;ssl=1 768w, https:\/\/i0.wp.com\/www.ellensailing.se\/wp-content\/uploads\/2017\/09\/DSC2681.jpg?w=1680&amp;ssl=1 1680w, https:\/\/i0.wp.com\/www.ellensailing.se\/wp-content\/uploads\/2017\/09\/DSC2681.jpg?w=2520&amp;ssl=1 2520w\" sizes=\"(max-width: 640px) 100vw, 640px\" \/><\/a><figcaption id=\"caption-attachment-1299\" class=\"wp-caption-text\">Fin borg runt Baiona.<\/figcaption><\/figure>\n<p>Vi l\u00e5g kvar i Baiona i tv\u00e5 dagar. B\u00e5de Ellen (Najaden) och Olivia kom dit ig\u00e5r. Ellen gick idag till Porto och vi gick till Viano de Castelo. Vilket inneb\u00e4r att vi har anl\u00e4nt till Portugal.<\/p>\n<figure id=\"attachment_1308\" aria-describedby=\"caption-attachment-1308\" style=\"width: 640px\" class=\"wp-caption aligncenter\"><a href=\"https:\/\/i0.wp.com\/www.ellensailing.se\/wp-content\/uploads\/2017\/09\/DSC2731.jpg?ssl=1\"><img data-recalc-dims=\"1\" loading=\"lazy\" decoding=\"async\" class=\"wp-image-1308 size-large\" src=\"https:\/\/i0.wp.com\/www.ellensailing.se\/wp-content\/uploads\/2017\/09\/DSC2731.jpg?resize=640%2C428&#038;ssl=1\" alt=\"\" width=\"640\" height=\"428\" srcset=\"https:\/\/i0.wp.com\/www.ellensailing.se\/wp-content\/uploads\/2017\/09\/DSC2731.jpg?resize=1024%2C684&amp;ssl=1 1024w, https:\/\/i0.wp.com\/www.ellensailing.se\/wp-content\/uploads\/2017\/09\/DSC2731.jpg?resize=300%2C200&amp;ssl=1 300w, https:\/\/i0.wp.com\/www.ellensailing.se\/wp-content\/uploads\/2017\/09\/DSC2731.jpg?resize=768%2C513&amp;ssl=1 768w, https:\/\/i0.wp.com\/www.ellensailing.se\/wp-content\/uploads\/2017\/09\/DSC2731.jpg?w=1680&amp;ssl=1 1680w, https:\/\/i0.wp.com\/www.ellensailing.se\/wp-content\/uploads\/2017\/09\/DSC2731.jpg?w=2520&amp;ssl=1 2520w\" sizes=\"(max-width: 640px) 100vw, 640px\" \/><\/a><figcaption id=\"caption-attachment-1308\" class=\"wp-caption-text\">Portugals flagga hissas!<\/figcaption><\/figure>\n<p>Vi ligger utanf\u00f6r hamnen p\u00e5 anl\u00e4ggningsbryggan. Kanske inte det charmigaste st\u00e4llet men hamnkapten ville inte ha in oss i hamnen d\u00e5 det blir jobbigt med bro\u00f6ppning och att vi g\u00e5r lite f\u00f6r djupt. Tror inte riktigt p\u00e5 det f\u00f6r h\u00e4r ute \u00e4r det fullt med m\u00e5nga b\u00e5tar. Han orkar nog inte \u00f6ppna bron helt enkelt.<\/p>\n<p>Vattnet g\u00e5r att dricka men vinet \u00e4r godare, s\u00e5 vi tog en tur p\u00e5 stan f\u00f6r att prova. Det \u00e4r j\u00e4ttefin stad men det \u00e4r en viss skillnad p\u00e5 Spanien och Portugal, f\u00f6rutom spr\u00e5ket s\u00e5 klart. Mycket mer textil och sm\u00e5 aff\u00e4rer finns det.<\/p>\n<figure id=\"attachment_1310\" aria-describedby=\"caption-attachment-1310\" style=\"width: 640px\" class=\"wp-caption aligncenter\"><a href=\"https:\/\/i0.wp.com\/www.ellensailing.se\/wp-content\/uploads\/2017\/09\/DSC2737.jpg?ssl=1\"><img data-recalc-dims=\"1\" loading=\"lazy\" decoding=\"async\" class=\"wp-image-1310 size-large\" src=\"https:\/\/i0.wp.com\/www.ellensailing.se\/wp-content\/uploads\/2017\/09\/DSC2737.jpg?resize=640%2C958&#038;ssl=1\" alt=\"\" width=\"640\" height=\"958\" srcset=\"https:\/\/i0.wp.com\/www.ellensailing.se\/wp-content\/uploads\/2017\/09\/DSC2737.jpg?resize=684%2C1024&amp;ssl=1 684w, https:\/\/i0.wp.com\/www.ellensailing.se\/wp-content\/uploads\/2017\/09\/DSC2737.jpg?resize=201%2C300&amp;ssl=1 201w, https:\/\/i0.wp.com\/www.ellensailing.se\/wp-content\/uploads\/2017\/09\/DSC2737.jpg?resize=768%2C1149&amp;ssl=1 768w, https:\/\/i0.wp.com\/www.ellensailing.se\/wp-content\/uploads\/2017\/09\/DSC2737.jpg?w=2000&amp;ssl=1 2000w, https:\/\/i0.wp.com\/www.ellensailing.se\/wp-content\/uploads\/2017\/09\/DSC2737.jpg?w=1680&amp;ssl=1 1680w\" sizes=\"(max-width: 640px) 100vw, 640px\" \/><\/a><figcaption id=\"caption-attachment-1310\" class=\"wp-caption-text\">Paraplygatan, fint konstverk<\/figcaption><\/figure>\n<figure id=\"attachment_1309\" aria-describedby=\"caption-attachment-1309\" style=\"width: 640px\" class=\"wp-caption aligncenter\"><a href=\"https:\/\/i0.wp.com\/www.ellensailing.se\/wp-content\/uploads\/2017\/09\/DSC2735.jpg?ssl=1\"><img data-recalc-dims=\"1\" loading=\"lazy\" decoding=\"async\" class=\"wp-image-1309 size-large\" src=\"https:\/\/i0.wp.com\/www.ellensailing.se\/wp-content\/uploads\/2017\/09\/DSC2735.jpg?resize=640%2C428&#038;ssl=1\" alt=\"\" width=\"640\" height=\"428\" srcset=\"https:\/\/i0.wp.com\/www.ellensailing.se\/wp-content\/uploads\/2017\/09\/DSC2735.jpg?resize=1024%2C684&amp;ssl=1 1024w, https:\/\/i0.wp.com\/www.ellensailing.se\/wp-content\/uploads\/2017\/09\/DSC2735.jpg?resize=300%2C200&amp;ssl=1 300w, https:\/\/i0.wp.com\/www.ellensailing.se\/wp-content\/uploads\/2017\/09\/DSC2735.jpg?resize=768%2C513&amp;ssl=1 768w, https:\/\/i0.wp.com\/www.ellensailing.se\/wp-content\/uploads\/2017\/09\/DSC2735.jpg?w=1680&amp;ssl=1 1680w, https:\/\/i0.wp.com\/www.ellensailing.se\/wp-content\/uploads\/2017\/09\/DSC2735.jpg?w=2520&amp;ssl=1 2520w\" sizes=\"(max-width: 640px) 100vw, 640px\" \/><\/a><figcaption id=\"caption-attachment-1309\" class=\"wp-caption-text\">Julpyntet \u00e4r uppe!<\/figcaption><\/figure>\n<p>I morgon b\u00e4r det av mot Porto d\u00e4r vi kommer stanna n\u00e5gra dagar. Fortfarande kryss!<\/p>\n<p>&nbsp;<\/p>\n","protected":false},"excerpt":{"rendered":"<p>Efter helt underbara dagar p\u00e5 Isla Cies s\u00e5 seglade vi ner mot Baiona. Som vanligt ingen vind men vi hade[&#8230;]<\/p>\n","protected":false},"author":1,"featured_media":1299,"comment_status":"open","ping_status":"open","sticky":false,"template":"","format":"standard","meta":{"_jetpack_newsletter_access":"","_jetpack_dont_email_post_to_subs":false,"_jetpack_newsletter_tier_id":0,"_jetpack_memberships_contains_paywalled_content":false,"_jetpack_feature_clip_id":0,"_jetpack_memberships_contains_paid_content":false,"footnotes":"","jetpack_publicize_message":"","jetpack_publicize_feature_enabled":true,"jetpack_social_post_already_shared":true,"jetpack_social_options":{"image_generator_settings":{"template":"highway","default_image_id":0,"font":"","enabled":false},"version":2},"jetpack_post_was_ever_published":false},"categories":[22],"tags":[],"class_list":["post-1298","post","type-post","status-publish","format-standard","has-post-thumbnail","hentry","category-host-2017-till-cc"],"jetpack_publicize_connections":[],"jetpack_featured_media_url":"https:\/\/i0.wp.com\/www.ellensailing.se\/wp-content\/uploads\/2017\/09\/DSC2681.jpg?fit=2992%2C2000&ssl=1","jetpack_sharing_enabled":true,"jetpack_shortlink":"https:\/\/wp.me\/p5G68R-kW","jetpack-related-posts":[{"id":3602,"url":"https:\/\/www.ellensailing.se\/?p=3602","url_meta":{"origin":1298,"position":0},"title":"Uppdraget utf\u00f6rt!","author":"peter@ellensailing.se","date":"21 april, 2024","format":false,"excerpt":"Ig\u00e5r n\u00e4r vi var runt och pratade med Kupra odlarna s\u00e5 fick vi ett uppdrag av de och det var att ladda deras telefoner. Det vi fick med oss till b\u00e5ten var fem telefoner. N\u00e4r de jobbar p\u00e5 odlingarna finns ingen el. Som tack f\u00f6r hj\u00e4lpen fick vi fyra kokosn\u00f6tter\u2026","rel":"","context":"I \u201dS\u00f6derhavet\u201d","block_context":{"text":"S\u00f6derhavet","link":"https:\/\/www.ellensailing.se\/?cat=33"},"img":{"alt_text":"","src":"https:\/\/i0.wp.com\/www.ellensailing.se\/wp-content\/uploads\/2024\/04\/img_4128-1.jpg?fit=900%2C1200&ssl=1&resize=350%2C200","width":350,"height":200,"srcset":"https:\/\/i0.wp.com\/www.ellensailing.se\/wp-content\/uploads\/2024\/04\/img_4128-1.jpg?fit=900%2C1200&ssl=1&resize=350%2C200 1x, https:\/\/i0.wp.com\/www.ellensailing.se\/wp-content\/uploads\/2024\/04\/img_4128-1.jpg?fit=900%2C1200&ssl=1&resize=525%2C300 1.5x, https:\/\/i0.wp.com\/www.ellensailing.se\/wp-content\/uploads\/2024\/04\/img_4128-1.jpg?fit=900%2C1200&ssl=1&resize=700%2C400 2x"},"classes":[]},{"id":1563,"url":"https:\/\/www.ellensailing.se\/?p=1563","url_meta":{"origin":1298,"position":1},"title":"Vi \u00e4r redo f\u00f6r Atlanten!","author":"peter@ellensailing.se","date":"18 november, 2017","format":false,"excerpt":"Nu \u00e4r i princip allt inhandlat till avf\u00e4rden i morgon. Det sista in nu \u00e4r frukt och gr\u00f6nt. F\u00f6r att inte f\u00e5 in kackerlackor m\u00e5ste allt sk\u00f6ljas noga. Det tar sin lilla stund och alla b\u00e5tar h\u00e5ller p\u00e5 samtidigt. V\u00e4ldigt kul att se. Idag s\u00e5 blir det skepparm\u00f6te kl. 12\u2026","rel":"","context":"I \u201dARC 2017\u201d","block_context":{"text":"ARC 2017","link":"https:\/\/www.ellensailing.se\/?cat=23"},"img":{"alt_text":"","src":"https:\/\/i0.wp.com\/www.ellensailing.se\/wp-content\/uploads\/2017\/11\/IMG_6342-e1511001620571.jpg?fit=900%2C1200&ssl=1&resize=350%2C200","width":350,"height":200,"srcset":"https:\/\/i0.wp.com\/www.ellensailing.se\/wp-content\/uploads\/2017\/11\/IMG_6342-e1511001620571.jpg?fit=900%2C1200&ssl=1&resize=350%2C200 1x, https:\/\/i0.wp.com\/www.ellensailing.se\/wp-content\/uploads\/2017\/11\/IMG_6342-e1511001620571.jpg?fit=900%2C1200&ssl=1&resize=525%2C300 1.5x, https:\/\/i0.wp.com\/www.ellensailing.se\/wp-content\/uploads\/2017\/11\/IMG_6342-e1511001620571.jpg?fit=900%2C1200&ssl=1&resize=700%2C400 2x"},"classes":[]},{"id":3579,"url":"https:\/\/www.ellensailing.se\/?p=3579","url_meta":{"origin":1298,"position":2},"title":"Makemo \u00f6stra","author":"peter@ellensailing.se","date":"20 april, 2024","format":false,"excerpt":"Ig\u00e5r p\u00e5 torsdagen var det storhandling i lilla byn. Det var v\u00e4ldigt v\u00e5gigt d\u00e4r s\u00e5 vi beslutade oss f\u00f6r att g\u00e5 upp till \u00f6stra h\u00f6rnet p\u00e5 atollen f\u00f6r att f\u00e5 sj\u00f6l\u00e4. H\u00e4r i \u00f6stra h\u00f6rnet \u00e4r vi p\u00e5 Makemo V\u00e4gen dit var fylld med bommisar (koraller som v\u00e4xer rakt upp).\u2026","rel":"","context":"I \u201dS\u00f6derhavet\u201d","block_context":{"text":"S\u00f6derhavet","link":"https:\/\/www.ellensailing.se\/?cat=33"},"img":{"alt_text":"","src":"https:\/\/i0.wp.com\/www.ellensailing.se\/wp-content\/uploads\/2024\/04\/img_4070-1.jpg?fit=1200%2C900&ssl=1&resize=350%2C200","width":350,"height":200,"srcset":"https:\/\/i0.wp.com\/www.ellensailing.se\/wp-content\/uploads\/2024\/04\/img_4070-1.jpg?fit=1200%2C900&ssl=1&resize=350%2C200 1x, https:\/\/i0.wp.com\/www.ellensailing.se\/wp-content\/uploads\/2024\/04\/img_4070-1.jpg?fit=1200%2C900&ssl=1&resize=525%2C300 1.5x, https:\/\/i0.wp.com\/www.ellensailing.se\/wp-content\/uploads\/2024\/04\/img_4070-1.jpg?fit=1200%2C900&ssl=1&resize=700%2C400 2x, https:\/\/i0.wp.com\/www.ellensailing.se\/wp-content\/uploads\/2024\/04\/img_4070-1.jpg?fit=1200%2C900&ssl=1&resize=1050%2C600 3x"},"classes":[]},{"id":1341,"url":"https:\/\/www.ellensailing.se\/?p=1341","url_meta":{"origin":1298,"position":3},"title":"Cascais \u00e4r en riktig p\u00e4rla.","author":"peter@ellensailing.se","date":"29 september, 2017","format":false,"excerpt":"Inte trodde jag att vi skulle ligga stilla s\u00e5 l\u00e4nge som vi gjort. Det har i och f\u00f6r sig g\u00f6ra med att vi v\u00e4ntat p\u00e5 nya batterier som best\u00e4lldes i m\u00e5ndags fr\u00e5n EnterNaval. De har varit mycket hj\u00e4lpsamma men vi har varit p\u00e5 n\u00e5lar f\u00f6r om batterierna skall komma i\u2026","rel":"","context":"I \u201dH\u00f6st 2017 till Grand Canrias.\u201d","block_context":{"text":"H\u00f6st 2017 till Grand Canrias.","link":"https:\/\/www.ellensailing.se\/?cat=22"},"img":{"alt_text":"","src":"https:\/\/i0.wp.com\/www.ellensailing.se\/wp-content\/uploads\/2017\/09\/024.jpg?fit=1200%2C900&ssl=1&resize=350%2C200","width":350,"height":200,"srcset":"https:\/\/i0.wp.com\/www.ellensailing.se\/wp-content\/uploads\/2017\/09\/024.jpg?fit=1200%2C900&ssl=1&resize=350%2C200 1x, https:\/\/i0.wp.com\/www.ellensailing.se\/wp-content\/uploads\/2017\/09\/024.jpg?fit=1200%2C900&ssl=1&resize=525%2C300 1.5x, https:\/\/i0.wp.com\/www.ellensailing.se\/wp-content\/uploads\/2017\/09\/024.jpg?fit=1200%2C900&ssl=1&resize=700%2C400 2x, https:\/\/i0.wp.com\/www.ellensailing.se\/wp-content\/uploads\/2017\/09\/024.jpg?fit=1200%2C900&ssl=1&resize=1050%2C600 3x"},"classes":[]},{"id":2594,"url":"https:\/\/www.ellensailing.se\/?p=2594","url_meta":{"origin":1298,"position":4},"title":"Det dr\u00e4ller av Arconor i Antiqua!","author":"peter@ellensailing.se","date":"4 maj, 2019","format":false,"excerpt":"Kanske inte d\u00e5 men i allafall tv\u00e5 stycken. Kul att se Grace 2 igen. De \u00e4r ute p\u00e5 sin sista vecka av segling f\u00f6r denna s\u00e4song. F\u00f6r oss ocks\u00e5 s\u00e5 \u00e4r det packning som g\u00e4ller idag. Vi har varit i Antiqua sedan den 23 april och det \u00e4r v\u00e4ldigt fint\u2026","rel":"","context":"I \u201dV\u00e4stindien 2019\u201d","block_context":{"text":"V\u00e4stindien 2019","link":"https:\/\/www.ellensailing.se\/?cat=25"},"img":{"alt_text":"","src":"https:\/\/i0.wp.com\/www.ellensailing.se\/wp-content\/uploads\/2019\/05\/49AC9354-0A0F-4E92-806A-D880CF291EA8.jpeg?fit=1200%2C900&ssl=1&resize=350%2C200","width":350,"height":200,"srcset":"https:\/\/i0.wp.com\/www.ellensailing.se\/wp-content\/uploads\/2019\/05\/49AC9354-0A0F-4E92-806A-D880CF291EA8.jpeg?fit=1200%2C900&ssl=1&resize=350%2C200 1x, https:\/\/i0.wp.com\/www.ellensailing.se\/wp-content\/uploads\/2019\/05\/49AC9354-0A0F-4E92-806A-D880CF291EA8.jpeg?fit=1200%2C900&ssl=1&resize=525%2C300 1.5x, https:\/\/i0.wp.com\/www.ellensailing.se\/wp-content\/uploads\/2019\/05\/49AC9354-0A0F-4E92-806A-D880CF291EA8.jpeg?fit=1200%2C900&ssl=1&resize=700%2C400 2x, https:\/\/i0.wp.com\/www.ellensailing.se\/wp-content\/uploads\/2019\/05\/49AC9354-0A0F-4E92-806A-D880CF291EA8.jpeg?fit=1200%2C900&ssl=1&resize=1050%2C600 3x"},"classes":[]},{"id":1247,"url":"https:\/\/www.ellensailing.se\/?p=1247","url_meta":{"origin":1298,"position":5},"title":"Meckar och utflyktsdag i Vigo!","author":"peter@ellensailing.se","date":"14 september, 2017","format":false,"excerpt":"\u00c4ntligen \u00e4r v\u00e4rmen h\u00e4r och massor av sol. Det \u00e4r j\u00e4ttesk\u00f6nt men det bl\u00e5ser en del. Jag och Lasse har meckat med Watermaker idag. Pumpen p\u00e5 den har brakat, nu g\u00e4ller det att hitta n\u00e5gon ny. Inte l\u00e4tt n\u00e4r man \u00e4r p\u00e5 flytande fot. F\u00e5tt n\u00e5gra tips och det \u00e4r\u2026","rel":"","context":"I \u201dH\u00f6st 2017 till Grand Canrias.\u201d","block_context":{"text":"H\u00f6st 2017 till Grand Canrias.","link":"https:\/\/www.ellensailing.se\/?cat=22"},"img":{"alt_text":"","src":"https:\/\/i0.wp.com\/www.ellensailing.se\/wp-content\/uploads\/2017\/09\/DSC2502.jpg?fit=1200%2C802&ssl=1&resize=350%2C200","width":350,"height":200,"srcset":"https:\/\/i0.wp.com\/www.ellensailing.se\/wp-content\/uploads\/2017\/09\/DSC2502.jpg?fit=1200%2C802&ssl=1&resize=350%2C200 1x, https:\/\/i0.wp.com\/www.ellensailing.se\/wp-content\/uploads\/2017\/09\/DSC2502.jpg?fit=1200%2C802&ssl=1&resize=525%2C300 1.5x, https:\/\/i0.wp.com\/www.ellensailing.se\/wp-content\/uploads\/2017\/09\/DSC2502.jpg?fit=1200%2C802&ssl=1&resize=700%2C400 2x, https:\/\/i0.wp.com\/www.ellensailing.se\/wp-content\/uploads\/2017\/09\/DSC2502.jpg?fit=1200%2C802&ssl=1&resize=1050%2C600 3x"},"classes":[]}],"jetpack_likes_enabled":false,"_links":{"self":[{"href":"https:\/\/www.ellensailing.se\/index.php?rest_route=\/wp\/v2\/posts\/1298","targetHints":{"allow":["GET"]}}],"collection":[{"href":"https:\/\/www.ellensailing.se\/index.php?rest_route=\/wp\/v2\/posts"}],"about":[{"href":"https:\/\/www.ellensailing.se\/index.php?rest_route=\/wp\/v2\/types\/post"}],"author":[{"embeddable":true,"href":"https:\/\/www.ellensailing.se\/index.php?rest_route=\/wp\/v2\/users\/1"}],"replies":[{"embeddable":true,"href":"https:\/\/www.ellensailing.se\/index.php?rest_route=%2Fwp%2Fv2%2Fcomments&post=1298"}],"version-history":[{"count":1,"href":"https:\/\/www.ellensailing.se\/index.php?rest_route=\/wp\/v2\/posts\/1298\/revisions"}],"predecessor-version":[{"id":1311,"href":"https:\/\/www.ellensailing.se\/index.php?rest_route=\/wp\/v2\/posts\/1298\/revisions\/1311"}],"wp:featuredmedia":[{"embeddable":true,"href":"https:\/\/www.ellensailing.se\/index.php?rest_route=\/wp\/v2\/media\/1299"}],"wp:attachment":[{"href":"https:\/\/www.ellensailing.se\/index.php?rest_route=%2Fwp%2Fv2%2Fmedia&parent=1298"}],"wp:term":[{"taxonomy":"category","embeddable":true,"href":"https:\/\/www.ellensailing.se\/index.php?rest_route=%2Fwp%2Fv2%2Fcategories&post=1298"},{"taxonomy":"post_tag","embeddable":true,"href":"https:\/\/www.ellensailing.se\/index.php?rest_route=%2Fwp%2Fv2%2Ftags&post=1298"}],"curies":[{"name":"wp","href":"https:\/\/api.w.org\/{rel}","templated":true}]}}