{"id":1247,"date":"2017-09-14T21:43:27","date_gmt":"2017-09-14T19:43:27","guid":{"rendered":"https:\/\/www.ellensailing.se\/?p=1247"},"modified":"2017-09-14T21:47:51","modified_gmt":"2017-09-14T19:47:51","slug":"meckar-och-utflyktsdag-i-vigo","status":"publish","type":"post","link":"https:\/\/www.ellensailing.se\/?p=1247","title":{"rendered":"Meckar och utflyktsdag i Vigo!"},"content":{"rendered":"<p>\u00c4ntligen \u00e4r v\u00e4rmen h\u00e4r och massor av sol. Det \u00e4r j\u00e4ttesk\u00f6nt men det bl\u00e5ser en del. Jag och Lasse har meckat med Watermaker idag. Pumpen p\u00e5 den har brakat, nu g\u00e4ller det att hitta n\u00e5gon ny. Inte l\u00e4tt n\u00e4r man \u00e4r p\u00e5 flytande fot. F\u00e5tt n\u00e5gra tips och det \u00e4r bra att skicka mejl.\u00a0 Vi har \u00e4ven haft ett l\u00e4ckage av s\u00f6tvatten som vi tror har hittat felet p\u00e5. K\u00f6ksblandarens slangar var inte \u00e5tdragna. Kan det vara l\u00f6sningen. Vi f\u00e5r se.<\/p>\n<figure id=\"attachment_1249\" aria-describedby=\"caption-attachment-1249\" style=\"width: 640px\" class=\"wp-caption aligncenter\"><a href=\"https:\/\/i0.wp.com\/www.ellensailing.se\/wp-content\/uploads\/2017\/09\/DSC2493.jpg?ssl=1\"><img data-recalc-dims=\"1\" fetchpriority=\"high\" decoding=\"async\" class=\"wp-image-1249 size-large\" src=\"https:\/\/i0.wp.com\/www.ellensailing.se\/wp-content\/uploads\/2017\/09\/DSC2493.jpg?resize=640%2C428&#038;ssl=1\" alt=\"\" width=\"640\" height=\"428\" srcset=\"https:\/\/i0.wp.com\/www.ellensailing.se\/wp-content\/uploads\/2017\/09\/DSC2493.jpg?resize=1024%2C684&amp;ssl=1 1024w, https:\/\/i0.wp.com\/www.ellensailing.se\/wp-content\/uploads\/2017\/09\/DSC2493.jpg?resize=300%2C200&amp;ssl=1 300w, https:\/\/i0.wp.com\/www.ellensailing.se\/wp-content\/uploads\/2017\/09\/DSC2493.jpg?resize=768%2C513&amp;ssl=1 768w, https:\/\/i0.wp.com\/www.ellensailing.se\/wp-content\/uploads\/2017\/09\/DSC2493.jpg?w=1680&amp;ssl=1 1680w, https:\/\/i0.wp.com\/www.ellensailing.se\/wp-content\/uploads\/2017\/09\/DSC2493.jpg?w=2520&amp;ssl=1 2520w\" sizes=\"(max-width: 640px) 100vw, 640px\" \/><\/a><figcaption id=\"caption-attachment-1249\" class=\"wp-caption-text\">Fin promenad till borgen.<\/figcaption><\/figure>\n<p>Efter meckandet s\u00e5 tog vi en promenad upp p\u00e5 berget och till parken Monte del Castro. V\u00e4ldigt fin utsikt var det men m\u00e5nga trappor upp blev det. Jackline brukar r\u00e4kna men tappade r\u00e4kningen.<\/p>\n<figure id=\"attachment_1253\" aria-describedby=\"caption-attachment-1253\" style=\"width: 640px\" class=\"wp-caption aligncenter\"><a href=\"https:\/\/i0.wp.com\/www.ellensailing.se\/wp-content\/uploads\/2017\/09\/DSC2499.jpg?ssl=1\"><img data-recalc-dims=\"1\" decoding=\"async\" class=\"wp-image-1253 size-large\" src=\"https:\/\/i0.wp.com\/www.ellensailing.se\/wp-content\/uploads\/2017\/09\/DSC2499.jpg?resize=640%2C428&#038;ssl=1\" alt=\"\" width=\"640\" height=\"428\" srcset=\"https:\/\/i0.wp.com\/www.ellensailing.se\/wp-content\/uploads\/2017\/09\/DSC2499.jpg?resize=1024%2C684&amp;ssl=1 1024w, https:\/\/i0.wp.com\/www.ellensailing.se\/wp-content\/uploads\/2017\/09\/DSC2499.jpg?resize=300%2C200&amp;ssl=1 300w, https:\/\/i0.wp.com\/www.ellensailing.se\/wp-content\/uploads\/2017\/09\/DSC2499.jpg?resize=768%2C513&amp;ssl=1 768w, https:\/\/i0.wp.com\/www.ellensailing.se\/wp-content\/uploads\/2017\/09\/DSC2499.jpg?w=1680&amp;ssl=1 1680w, https:\/\/i0.wp.com\/www.ellensailing.se\/wp-content\/uploads\/2017\/09\/DSC2499.jpg?w=2520&amp;ssl=1 2520w\" sizes=\"(max-width: 640px) 100vw, 640px\" \/><\/a><figcaption id=\"caption-attachment-1253\" class=\"wp-caption-text\">Lasse och Jackline fr\u00e5n borgen.<\/figcaption><\/figure>\n<figure id=\"attachment_1261\" aria-describedby=\"caption-attachment-1261\" style=\"width: 640px\" class=\"wp-caption aligncenter\"><a href=\"https:\/\/i0.wp.com\/www.ellensailing.se\/wp-content\/uploads\/2017\/09\/DSC2510.jpg?ssl=1\"><img data-recalc-dims=\"1\" decoding=\"async\" class=\"wp-image-1261 size-large\" src=\"https:\/\/i0.wp.com\/www.ellensailing.se\/wp-content\/uploads\/2017\/09\/DSC2510.jpg?resize=640%2C428&#038;ssl=1\" alt=\"\" width=\"640\" height=\"428\" srcset=\"https:\/\/i0.wp.com\/www.ellensailing.se\/wp-content\/uploads\/2017\/09\/DSC2510.jpg?resize=1024%2C684&amp;ssl=1 1024w, https:\/\/i0.wp.com\/www.ellensailing.se\/wp-content\/uploads\/2017\/09\/DSC2510.jpg?resize=300%2C200&amp;ssl=1 300w, https:\/\/i0.wp.com\/www.ellensailing.se\/wp-content\/uploads\/2017\/09\/DSC2510.jpg?resize=768%2C513&amp;ssl=1 768w, https:\/\/i0.wp.com\/www.ellensailing.se\/wp-content\/uploads\/2017\/09\/DSC2510.jpg?w=1680&amp;ssl=1 1680w, https:\/\/i0.wp.com\/www.ellensailing.se\/wp-content\/uploads\/2017\/09\/DSC2510.jpg?w=2520&amp;ssl=1 2520w\" sizes=\"(max-width: 640px) 100vw, 640px\" \/><\/a><figcaption id=\"caption-attachment-1261\" class=\"wp-caption-text\">Islas Cias skall vi segla till imorgon som ni ser i bakgrunden.<\/figcaption><\/figure>\n<p>Vi hade best\u00e4llt en isolations transformator av B\u00e5taccenten i L\u00e4nna som skulle best\u00e4llas och skickas till marinan Real Marina Nautico de Vigo. Best\u00e4llningen skulle g\u00e5 via Holland f\u00f6r att skickas d\u00e4rifr\u00e5n ner till Spanien. Lite sp\u00e4nnande var det men n\u00e4r vi kom i onsdags vid tv\u00e5tiden s\u00e5 l\u00e5g paketet d\u00e4r. Den \u00e4r nu bytt och vi har g\u00e5tt p\u00e5 ett riktigt Spanskt postkontor &#8221;Correos&#8221; f\u00f6r att skicka tillbaka den gamla till Molle som kommer l\u00e4mna in den p\u00e5 lagning. F\u00e5 se hur det g\u00e5r.<\/p>\n<figure id=\"attachment_1262\" aria-describedby=\"caption-attachment-1262\" style=\"width: 640px\" class=\"wp-caption aligncenter\"><a href=\"https:\/\/i0.wp.com\/www.ellensailing.se\/wp-content\/uploads\/2017\/09\/Corrtesa.jpg?ssl=1\"><img data-recalc-dims=\"1\" loading=\"lazy\" decoding=\"async\" class=\"wp-image-1262 size-large\" src=\"https:\/\/i0.wp.com\/www.ellensailing.se\/wp-content\/uploads\/2017\/09\/Corrtesa-e1505417497875-1024x768.jpg?resize=640%2C480&#038;ssl=1\" alt=\"\" width=\"640\" height=\"480\" srcset=\"https:\/\/i0.wp.com\/www.ellensailing.se\/wp-content\/uploads\/2017\/09\/Corrtesa-e1505417497875.jpg?resize=1024%2C768&amp;ssl=1 1024w, https:\/\/i0.wp.com\/www.ellensailing.se\/wp-content\/uploads\/2017\/09\/Corrtesa-e1505417497875.jpg?resize=300%2C225&amp;ssl=1 300w, https:\/\/i0.wp.com\/www.ellensailing.se\/wp-content\/uploads\/2017\/09\/Corrtesa-e1505417497875.jpg?resize=768%2C576&amp;ssl=1 768w, https:\/\/i0.wp.com\/www.ellensailing.se\/wp-content\/uploads\/2017\/09\/Corrtesa-e1505417497875.jpg?resize=320%2C240&amp;ssl=1 320w, https:\/\/i0.wp.com\/www.ellensailing.se\/wp-content\/uploads\/2017\/09\/Corrtesa-e1505417497875.jpg?w=1632&amp;ssl=1 1632w\" sizes=\"(max-width: 640px) 100vw, 640px\" \/><\/a><figcaption id=\"caption-attachment-1262\" class=\"wp-caption-text\">Riktigt postkontor<\/figcaption><\/figure>\n<p>Under promenaden till fortet s\u00e5g vi massor av konstiga tr\u00e4d som vi undrar vad det \u00e4r. Vi har lagt ut det p\u00e5 entreprenad till experter som vi k\u00e4nner men vi f\u00e5r se vad de kommer fram med. Har ni n\u00e5gon aning.<\/p>\n<figure id=\"attachment_1259\" aria-describedby=\"caption-attachment-1259\" style=\"width: 640px\" class=\"wp-caption aligncenter\"><a href=\"https:\/\/i0.wp.com\/www.ellensailing.se\/wp-content\/uploads\/2017\/09\/DSC2518.jpg?ssl=1\"><img data-recalc-dims=\"1\" loading=\"lazy\" decoding=\"async\" class=\"wp-image-1259 size-large\" src=\"https:\/\/i0.wp.com\/www.ellensailing.se\/wp-content\/uploads\/2017\/09\/DSC2518.jpg?resize=640%2C428&#038;ssl=1\" alt=\"\" width=\"640\" height=\"428\" srcset=\"https:\/\/i0.wp.com\/www.ellensailing.se\/wp-content\/uploads\/2017\/09\/DSC2518.jpg?resize=1024%2C684&amp;ssl=1 1024w, https:\/\/i0.wp.com\/www.ellensailing.se\/wp-content\/uploads\/2017\/09\/DSC2518.jpg?resize=300%2C200&amp;ssl=1 300w, https:\/\/i0.wp.com\/www.ellensailing.se\/wp-content\/uploads\/2017\/09\/DSC2518.jpg?resize=768%2C513&amp;ssl=1 768w, https:\/\/i0.wp.com\/www.ellensailing.se\/wp-content\/uploads\/2017\/09\/DSC2518.jpg?w=1680&amp;ssl=1 1680w, https:\/\/i0.wp.com\/www.ellensailing.se\/wp-content\/uploads\/2017\/09\/DSC2518.jpg?w=2520&amp;ssl=1 2520w\" sizes=\"(max-width: 640px) 100vw, 640px\" \/><\/a><figcaption id=\"caption-attachment-1259\" class=\"wp-caption-text\">Tr\u00e4det b\u00e4r n\u00e5gra konstiga frukter&#8230;<\/figcaption><\/figure>\n<figure id=\"attachment_1258\" aria-describedby=\"caption-attachment-1258\" style=\"width: 640px\" class=\"wp-caption aligncenter\"><a href=\"https:\/\/i0.wp.com\/www.ellensailing.se\/wp-content\/uploads\/2017\/09\/DSC2517.jpg?ssl=1\"><img data-recalc-dims=\"1\" loading=\"lazy\" decoding=\"async\" class=\"wp-image-1258 size-large\" src=\"https:\/\/i0.wp.com\/www.ellensailing.se\/wp-content\/uploads\/2017\/09\/DSC2517.jpg?resize=640%2C428&#038;ssl=1\" alt=\"\" width=\"640\" height=\"428\" srcset=\"https:\/\/i0.wp.com\/www.ellensailing.se\/wp-content\/uploads\/2017\/09\/DSC2517.jpg?resize=1024%2C684&amp;ssl=1 1024w, https:\/\/i0.wp.com\/www.ellensailing.se\/wp-content\/uploads\/2017\/09\/DSC2517.jpg?resize=300%2C200&amp;ssl=1 300w, https:\/\/i0.wp.com\/www.ellensailing.se\/wp-content\/uploads\/2017\/09\/DSC2517.jpg?resize=768%2C513&amp;ssl=1 768w, https:\/\/i0.wp.com\/www.ellensailing.se\/wp-content\/uploads\/2017\/09\/DSC2517.jpg?w=1680&amp;ssl=1 1680w, https:\/\/i0.wp.com\/www.ellensailing.se\/wp-content\/uploads\/2017\/09\/DSC2517.jpg?w=2520&amp;ssl=1 2520w\" sizes=\"(max-width: 640px) 100vw, 640px\" \/><\/a><figcaption id=\"caption-attachment-1258\" class=\"wp-caption-text\">Har v\u00e4ldigt fina blommor.<\/figcaption><\/figure>\n<p>Tillbaka i hamnen efter \u00f6l p\u00e5 ett litet torg gick vi f\u00f6rbi en fiskeaff\u00e4r och k\u00f6pte huggkrok och s\u00e4nken. Vi f\u00e5r se vad vi f\u00e5r n\u00e4sta g\u00e5ng.<\/p>\n<p>Imorgon b\u00e4r det av mot Islas Cies som \u00e4r en nationalpark. Vi tycker vi s\u00f6kt tillst\u00e5nd p\u00e5 r\u00e4tt s\u00e4tt men mejlen har studsat tillbaka alltid f\u00f6rutom en g\u00e5ng och det r\u00e4ckte. De mejladresser de har p\u00e5 broschyrer, p\u00e5 ans\u00f6kningsformul\u00e4r g\u00e4ller inte. Tack vare Bj\u00f6rn och Gertrud fick vi tag i r\u00e4tt adress och nu har vi ankringstillst\u00e5nd i morgon och p\u00e5 l\u00f6rdag. Skall bli kul att segla dit \u00e4ven om det bl\u00e5ser lite.<\/p>\n<p>Lite kul \u00e4r det n\u00e4stan, att bredvid oss s\u00e5 ligger en b\u00e5t som heter Ultimo precis som v\u00e5ra v\u00e4nner Conny och Carina. Fast denna \u00e4r troligen den sista supermamo som byggdes och deras \u00e4r en 54. Lite roligt ialla fall.<\/p>\n<figure id=\"attachment_1260\" aria-describedby=\"caption-attachment-1260\" style=\"width: 640px\" class=\"wp-caption aligncenter\"><a href=\"https:\/\/i0.wp.com\/www.ellensailing.se\/wp-content\/uploads\/2017\/09\/DSC2520.jpg?ssl=1\"><img data-recalc-dims=\"1\" loading=\"lazy\" decoding=\"async\" class=\"wp-image-1260 size-large\" src=\"https:\/\/i0.wp.com\/www.ellensailing.se\/wp-content\/uploads\/2017\/09\/DSC2520.jpg?resize=640%2C428&#038;ssl=1\" alt=\"\" width=\"640\" height=\"428\" srcset=\"https:\/\/i0.wp.com\/www.ellensailing.se\/wp-content\/uploads\/2017\/09\/DSC2520.jpg?resize=1024%2C684&amp;ssl=1 1024w, https:\/\/i0.wp.com\/www.ellensailing.se\/wp-content\/uploads\/2017\/09\/DSC2520.jpg?resize=300%2C200&amp;ssl=1 300w, https:\/\/i0.wp.com\/www.ellensailing.se\/wp-content\/uploads\/2017\/09\/DSC2520.jpg?resize=768%2C513&amp;ssl=1 768w, https:\/\/i0.wp.com\/www.ellensailing.se\/wp-content\/uploads\/2017\/09\/DSC2520.jpg?w=1680&amp;ssl=1 1680w, https:\/\/i0.wp.com\/www.ellensailing.se\/wp-content\/uploads\/2017\/09\/DSC2520.jpg?w=2520&amp;ssl=1 2520w\" sizes=\"(max-width: 640px) 100vw, 640px\" \/><\/a><figcaption id=\"caption-attachment-1260\" class=\"wp-caption-text\">Ultimo betyder den senaste p\u00e5 franska.<\/figcaption><\/figure>\n","protected":false},"excerpt":{"rendered":"<p>\u00c4ntligen \u00e4r v\u00e4rmen h\u00e4r och massor av sol. Det \u00e4r j\u00e4ttesk\u00f6nt men det bl\u00e5ser en del. Jag och Lasse har[&#8230;]<\/p>\n","protected":false},"author":1,"featured_media":1254,"comment_status":"open","ping_status":"open","sticky":false,"template":"","format":"standard","meta":{"_jetpack_newsletter_access":"","_jetpack_dont_email_post_to_subs":false,"_jetpack_newsletter_tier_id":0,"_jetpack_memberships_contains_paywalled_content":false,"_jetpack_feature_clip_id":0,"_jetpack_memberships_contains_paid_content":false,"footnotes":"","jetpack_publicize_message":"","jetpack_publicize_feature_enabled":true,"jetpack_social_post_already_shared":true,"jetpack_social_options":{"image_generator_settings":{"template":"highway","default_image_id":0,"font":"","enabled":false},"version":2},"jetpack_post_was_ever_published":false},"categories":[22],"tags":[],"class_list":["post-1247","post","type-post","status-publish","format-standard","has-post-thumbnail","hentry","category-host-2017-till-cc"],"jetpack_publicize_connections":[],"jetpack_featured_media_url":"https:\/\/i0.wp.com\/www.ellensailing.se\/wp-content\/uploads\/2017\/09\/DSC2502.jpg?fit=2992%2C2000&ssl=1","jetpack_sharing_enabled":true,"jetpack_shortlink":"https:\/\/wp.me\/p5G68R-k7","jetpack-related-posts":[{"id":3178,"url":"https:\/\/www.ellensailing.se\/?p=3178","url_meta":{"origin":1247,"position":0},"title":"F\u00f6rsta g\u00e5ngen p\u00e5 Sand\u00f6n.","author":"peter@ellensailing.se","date":"4 september, 2021","format":false,"excerpt":"Ig\u00e5r seglade vi ut till Sand\u00f6n som \u00e4r Svinninge Marina Klubbs klubbholme. Vad fint det \u00e4r d\u00e4r och s\u00e5 v\u00e4lordnat. De har alltid en hamnv\u00e4rd d\u00e4r som hj\u00e4lper till n\u00e4r man kommer och talar om vart man skall ligga. Finns b\u00e5de bojar och man kan ocks\u00e5 ligga l\u00e4ngsmed bryggan. Fick\u2026","rel":"","context":"I \u201dSegling 2021\u201d","block_context":{"text":"Segling 2021","link":"https:\/\/www.ellensailing.se\/?cat=28"},"img":{"alt_text":"","src":"https:\/\/i0.wp.com\/www.ellensailing.se\/wp-content\/uploads\/2021\/09\/Cocapabana-1.jpg?fit=1200%2C900&ssl=1&resize=350%2C200","width":350,"height":200,"srcset":"https:\/\/i0.wp.com\/www.ellensailing.se\/wp-content\/uploads\/2021\/09\/Cocapabana-1.jpg?fit=1200%2C900&ssl=1&resize=350%2C200 1x, https:\/\/i0.wp.com\/www.ellensailing.se\/wp-content\/uploads\/2021\/09\/Cocapabana-1.jpg?fit=1200%2C900&ssl=1&resize=525%2C300 1.5x, https:\/\/i0.wp.com\/www.ellensailing.se\/wp-content\/uploads\/2021\/09\/Cocapabana-1.jpg?fit=1200%2C900&ssl=1&resize=700%2C400 2x, https:\/\/i0.wp.com\/www.ellensailing.se\/wp-content\/uploads\/2021\/09\/Cocapabana-1.jpg?fit=1200%2C900&ssl=1&resize=1050%2C600 3x"},"classes":[]},{"id":1064,"url":"https:\/\/www.ellensailing.se\/?p=1064","url_meta":{"origin":1247,"position":1},"title":"G\u00e5r fr\u00e5n \u00d6st till V\u00e4st!","author":"peter@ellensailing.se","date":"12 juli, 2016","format":false,"excerpt":"Vi hade lite sovmorgon och tog det lugnt innan vi seglade iv\u00e4g fr\u00e5n Eastbourne till Hamble Port Marina. Det \u00e4r mycket sp\u00e4nnande dels att f\u00e5 passer 0 merdianen och att f\u00e5 segla in mot Solent som \u00e4r seglingens mecka. Extra kul n\u00e4r det \u00e4r s\u00f6ndag och massor av kappseglingar p\u00e5g\u00e5r\u2026","rel":"","context":"I \u201dSommar 2016\u201d","block_context":{"text":"Sommar 2016","link":"https:\/\/www.ellensailing.se\/?cat=20"},"img":{"alt_text":"","src":"https:\/\/i0.wp.com\/www.ellensailing.se\/wp-content\/uploads\/2016\/07\/DSC_0932.jpg?fit=1200%2C797&ssl=1&resize=350%2C200","width":350,"height":200,"srcset":"https:\/\/i0.wp.com\/www.ellensailing.se\/wp-content\/uploads\/2016\/07\/DSC_0932.jpg?fit=1200%2C797&ssl=1&resize=350%2C200 1x, https:\/\/i0.wp.com\/www.ellensailing.se\/wp-content\/uploads\/2016\/07\/DSC_0932.jpg?fit=1200%2C797&ssl=1&resize=525%2C300 1.5x, https:\/\/i0.wp.com\/www.ellensailing.se\/wp-content\/uploads\/2016\/07\/DSC_0932.jpg?fit=1200%2C797&ssl=1&resize=700%2C400 2x, https:\/\/i0.wp.com\/www.ellensailing.se\/wp-content\/uploads\/2016\/07\/DSC_0932.jpg?fit=1200%2C797&ssl=1&resize=1050%2C600 3x"},"classes":[]},{"id":583,"url":"https:\/\/www.ellensailing.se\/?p=583","url_meta":{"origin":1247,"position":2},"title":"En otroligt kul helg med g\u00e4nget!","author":"peter@ellensailing.se","date":"27 juli, 2015","format":false,"excerpt":"\u00a0 Nu kan man s\u00e4ga att semestern \u00e4r slut p\u00e5 riktigt f\u00f6r denna g\u00e5ng. Trots att vi hunnit jobba en vecka s\u00e5 har b\u00e5ten varit kvar p\u00e5 semester i Kalmar. I fredags s\u00e5 fl\u00f6g vi ner till Kalmar f\u00f6r att segla hem. Prognoserna som varit f\u00f6r veckan har verkligen sett\u2026","rel":"","context":"I \u201dSommar 2015\u201d","block_context":{"text":"Sommar 2015","link":"https:\/\/www.ellensailing.se\/?cat=4"},"img":{"alt_text":"","src":"https:\/\/i0.wp.com\/www.ellensailing.se\/wp-content\/uploads\/2015\/07\/DSC_0033.jpg?fit=1200%2C797&ssl=1&resize=350%2C200","width":350,"height":200,"srcset":"https:\/\/i0.wp.com\/www.ellensailing.se\/wp-content\/uploads\/2015\/07\/DSC_0033.jpg?fit=1200%2C797&ssl=1&resize=350%2C200 1x, https:\/\/i0.wp.com\/www.ellensailing.se\/wp-content\/uploads\/2015\/07\/DSC_0033.jpg?fit=1200%2C797&ssl=1&resize=525%2C300 1.5x, https:\/\/i0.wp.com\/www.ellensailing.se\/wp-content\/uploads\/2015\/07\/DSC_0033.jpg?fit=1200%2C797&ssl=1&resize=700%2C400 2x, https:\/\/i0.wp.com\/www.ellensailing.se\/wp-content\/uploads\/2015\/07\/DSC_0033.jpg?fit=1200%2C797&ssl=1&resize=1050%2C600 3x"},"classes":[]},{"id":1068,"url":"https:\/\/www.ellensailing.se\/?p=1068","url_meta":{"origin":1247,"position":3},"title":"Firar Lasses f\u00f6delsedag p\u00e5 Cowes!","author":"peter@ellensailing.se","date":"12 juli, 2016","format":false,"excerpt":"Idag har vi firat Lasse i Cowes p\u00e5 \u00f6n Isle of Wight. Det \u00e4r verkligen seglingens mecka. Massor av kappseglingar utanf\u00f6r och f\u00f6rberedelser f\u00f6r Cowes Classic sailweek. Vi \u00e5t en lunch p\u00e5 den fina klubben Island sailing club. Man fick verkligen vrida nacken av sig hela tiden. Vi fick se\u2026","rel":"","context":"I \u201dSommar 2016\u201d","block_context":{"text":"Sommar 2016","link":"https:\/\/www.ellensailing.se\/?cat=20"},"img":{"alt_text":"","src":"https:\/\/i0.wp.com\/www.ellensailing.se\/wp-content\/uploads\/2016\/07\/DSC_0997.jpg?fit=1200%2C797&ssl=1&resize=350%2C200","width":350,"height":200,"srcset":"https:\/\/i0.wp.com\/www.ellensailing.se\/wp-content\/uploads\/2016\/07\/DSC_0997.jpg?fit=1200%2C797&ssl=1&resize=350%2C200 1x, https:\/\/i0.wp.com\/www.ellensailing.se\/wp-content\/uploads\/2016\/07\/DSC_0997.jpg?fit=1200%2C797&ssl=1&resize=525%2C300 1.5x, https:\/\/i0.wp.com\/www.ellensailing.se\/wp-content\/uploads\/2016\/07\/DSC_0997.jpg?fit=1200%2C797&ssl=1&resize=700%2C400 2x, https:\/\/i0.wp.com\/www.ellensailing.se\/wp-content\/uploads\/2016\/07\/DSC_0997.jpg?fit=1200%2C797&ssl=1&resize=1050%2C600 3x"},"classes":[]},{"id":3643,"url":"https:\/\/www.ellensailing.se\/?p=3643","url_meta":{"origin":1247,"position":4},"title":"Snorkling i Tahanea","author":"peter@ellensailing.se","date":"24 april, 2024","format":false,"excerpt":"Vi har haft massor av bra snorkling h\u00e4r p\u00e5 Tahanea. Vi har flutit i alla inpassager och det \u00e4r otroligt. Har ocks\u00e5 simmat rakt in fr\u00e5n b\u00e5ten. H\u00e4r kommer en litet smakprov fr\u00e5n dykningarna. https:\/\/youtu.be\/etWEyk4KVeA?feature=shared Lite fina bilder fr\u00e5n dykningen Den lilla hajen Black Tip P\u00e5 v\u00e4g i plurret Undrar\u2026","rel":"","context":"I \u201dS\u00f6derhavet\u201d","block_context":{"text":"S\u00f6derhavet","link":"https:\/\/www.ellensailing.se\/?cat=33"},"img":{"alt_text":"","src":"https:\/\/i0.wp.com\/www.ellensailing.se\/wp-content\/uploads\/2024\/04\/gptempdownload-3-1-1.jpg?fit=1200%2C900&ssl=1&resize=350%2C200","width":350,"height":200,"srcset":"https:\/\/i0.wp.com\/www.ellensailing.se\/wp-content\/uploads\/2024\/04\/gptempdownload-3-1-1.jpg?fit=1200%2C900&ssl=1&resize=350%2C200 1x, https:\/\/i0.wp.com\/www.ellensailing.se\/wp-content\/uploads\/2024\/04\/gptempdownload-3-1-1.jpg?fit=1200%2C900&ssl=1&resize=525%2C300 1.5x, https:\/\/i0.wp.com\/www.ellensailing.se\/wp-content\/uploads\/2024\/04\/gptempdownload-3-1-1.jpg?fit=1200%2C900&ssl=1&resize=700%2C400 2x, https:\/\/i0.wp.com\/www.ellensailing.se\/wp-content\/uploads\/2024\/04\/gptempdownload-3-1-1.jpg?fit=1200%2C900&ssl=1&resize=1050%2C600 3x"},"classes":[]},{"id":649,"url":"https:\/\/www.ellensailing.se\/?p=649","url_meta":{"origin":1247,"position":5},"title":"Fantastik trevlig OSK tr\u00e4ff i helgen!","author":"peter@ellensailing.se","date":"16 augusti, 2015","format":false,"excerpt":"I helgen har vi haft f\u00f6rm\u00e5nen att vara hemma hos Christer och Annika och haft Oceanseglarnas sensommartr\u00e4ff. De \u00e4r s\u00e5 gener\u00f6sa att de st\u00e4ller upp med sitt fina hus och allt jobb som de l\u00e4gger ner med mat etc. Det \u00e4r s\u00e5 kul att tr\u00e4ffa likasinnade som har eller skall\u2026","rel":"","context":"I \u201dSommar 2015\u201d","block_context":{"text":"Sommar 2015","link":"https:\/\/www.ellensailing.se\/?cat=4"},"img":{"alt_text":"","src":"https:\/\/i0.wp.com\/www.ellensailing.se\/wp-content\/uploads\/2015\/08\/DSC_0119.jpg?fit=1200%2C797&ssl=1&resize=350%2C200","width":350,"height":200,"srcset":"https:\/\/i0.wp.com\/www.ellensailing.se\/wp-content\/uploads\/2015\/08\/DSC_0119.jpg?fit=1200%2C797&ssl=1&resize=350%2C200 1x, https:\/\/i0.wp.com\/www.ellensailing.se\/wp-content\/uploads\/2015\/08\/DSC_0119.jpg?fit=1200%2C797&ssl=1&resize=525%2C300 1.5x, https:\/\/i0.wp.com\/www.ellensailing.se\/wp-content\/uploads\/2015\/08\/DSC_0119.jpg?fit=1200%2C797&ssl=1&resize=700%2C400 2x, https:\/\/i0.wp.com\/www.ellensailing.se\/wp-content\/uploads\/2015\/08\/DSC_0119.jpg?fit=1200%2C797&ssl=1&resize=1050%2C600 3x"},"classes":[]}],"jetpack_likes_enabled":false,"_links":{"self":[{"href":"https:\/\/www.ellensailing.se\/index.php?rest_route=\/wp\/v2\/posts\/1247","targetHints":{"allow":["GET"]}}],"collection":[{"href":"https:\/\/www.ellensailing.se\/index.php?rest_route=\/wp\/v2\/posts"}],"about":[{"href":"https:\/\/www.ellensailing.se\/index.php?rest_route=\/wp\/v2\/types\/post"}],"author":[{"embeddable":true,"href":"https:\/\/www.ellensailing.se\/index.php?rest_route=\/wp\/v2\/users\/1"}],"replies":[{"embeddable":true,"href":"https:\/\/www.ellensailing.se\/index.php?rest_route=%2Fwp%2Fv2%2Fcomments&post=1247"}],"version-history":[{"count":2,"href":"https:\/\/www.ellensailing.se\/index.php?rest_route=\/wp\/v2\/posts\/1247\/revisions"}],"predecessor-version":[{"id":1267,"href":"https:\/\/www.ellensailing.se\/index.php?rest_route=\/wp\/v2\/posts\/1247\/revisions\/1267"}],"wp:featuredmedia":[{"embeddable":true,"href":"https:\/\/www.ellensailing.se\/index.php?rest_route=\/wp\/v2\/media\/1254"}],"wp:attachment":[{"href":"https:\/\/www.ellensailing.se\/index.php?rest_route=%2Fwp%2Fv2%2Fmedia&parent=1247"}],"wp:term":[{"taxonomy":"category","embeddable":true,"href":"https:\/\/www.ellensailing.se\/index.php?rest_route=%2Fwp%2Fv2%2Fcategories&post=1247"},{"taxonomy":"post_tag","embeddable":true,"href":"https:\/\/www.ellensailing.se\/index.php?rest_route=%2Fwp%2Fv2%2Ftags&post=1247"}],"curies":[{"name":"wp","href":"https:\/\/api.w.org\/{rel}","templated":true}]}}