{"id":1229,"date":"2017-09-10T19:05:02","date_gmt":"2017-09-10T17:05:02","guid":{"rendered":"https:\/\/www.ellensailing.se\/?p=1229"},"modified":"2017-09-10T19:05:02","modified_gmt":"2017-09-10T17:05:02","slug":"seglat-forbi-varldens-ande-idag","status":"publish","type":"post","link":"https:\/\/www.ellensailing.se\/?p=1229","title":{"rendered":"Seglat f\u00f6rbi v\u00e4rldens \u00e4nde idag!"},"content":{"rendered":"<p>Idag har vi seglat f\u00f6rbi v\u00e4rldens \u00e4nde, i alla fall om man skall tro pilgimerna. Efter det man g\u00e5tt pilgrimsvandringen s\u00e5 skulle man efter man varit i katedralen i Santiago de Compostela forts\u00e4tta till v\u00e4rlden \u00e4nde som man d\u00e5 trodde var Fisterra &#8221;v\u00e4rldens \u00e4nde&#8221;.<\/p>\n<p>N\u00e4r pilgrmerna var v\u00e4l framme s\u00e5 skulle de br\u00e4nna upp sina kl\u00e4der som en reningsporcess f\u00f6r att p\u00e5b\u00f6rja det nya livet. Man skulle ocks\u00e5 leta upp en sn\u00e4cka fr\u00e5n Fisterra som ett minne fr\u00e5n vandringen och att det var en symbol f\u00f6r uppst\u00e5ndelsen efter d\u00f6den.<\/p>\n<p>Inte riktigt s\u00e5 drastiskt har det varit idag. Ganska lite vind men som vanligt kryss. Vet inte vad det \u00e4r med vinden riktigt. Vi fick s\u00e4llskap av Ellen (Najad 460), Salsa och Olivia fr\u00e5n Norgre. Nu ligger vi p\u00e5 svaj i Corcubion som \u00e4r vik innanf\u00f6r Fisterra. Det \u00e4r ett riktigt skitv\u00e4der med regn och kyla. V\u00e4rmaren \u00e4r p\u00e5slagen. I morgon g\u00e5r vi till Muros f\u00f6r att sedan p\u00e5 onsdag g\u00e5 in till Vigo.<\/p>\n<figure id=\"attachment_1230\" aria-describedby=\"caption-attachment-1230\" style=\"width: 640px\" class=\"wp-caption aligncenter\"><a href=\"https:\/\/i0.wp.com\/www.ellensailing.se\/wp-content\/uploads\/2017\/09\/IMG_0037.jpg?ssl=1\"><img data-recalc-dims=\"1\" fetchpriority=\"high\" decoding=\"async\" class=\"wp-image-1230 size-large\" src=\"https:\/\/i0.wp.com\/www.ellensailing.se\/wp-content\/uploads\/2017\/09\/IMG_0037.jpg?resize=640%2C427&#038;ssl=1\" alt=\"\" width=\"640\" height=\"427\" srcset=\"https:\/\/i0.wp.com\/www.ellensailing.se\/wp-content\/uploads\/2017\/09\/IMG_0037.jpg?resize=1024%2C683&amp;ssl=1 1024w, https:\/\/i0.wp.com\/www.ellensailing.se\/wp-content\/uploads\/2017\/09\/IMG_0037.jpg?resize=300%2C200&amp;ssl=1 300w, https:\/\/i0.wp.com\/www.ellensailing.se\/wp-content\/uploads\/2017\/09\/IMG_0037.jpg?resize=768%2C512&amp;ssl=1 768w, https:\/\/i0.wp.com\/www.ellensailing.se\/wp-content\/uploads\/2017\/09\/IMG_0037.jpg?w=1620&amp;ssl=1 1620w\" sizes=\"(max-width: 640px) 100vw, 640px\" \/><\/a><figcaption id=\"caption-attachment-1230\" class=\"wp-caption-text\">V\u00e4rldens \u00e4nde enligt pilgrimerna.<\/figcaption><\/figure>\n","protected":false},"excerpt":{"rendered":"<p>Idag har vi seglat f\u00f6rbi v\u00e4rldens \u00e4nde, i alla fall om man skall tro pilgimerna. Efter det man g\u00e5tt pilgrimsvandringen[&#8230;]<\/p>\n","protected":false},"author":1,"featured_media":1231,"comment_status":"open","ping_status":"open","sticky":false,"template":"","format":"standard","meta":{"_jetpack_newsletter_access":"","_jetpack_dont_email_post_to_subs":false,"_jetpack_newsletter_tier_id":0,"_jetpack_memberships_contains_paywalled_content":false,"_jetpack_feature_clip_id":0,"_jetpack_memberships_contains_paid_content":false,"footnotes":"","jetpack_publicize_message":"","jetpack_publicize_feature_enabled":true,"jetpack_social_post_already_shared":true,"jetpack_social_options":{"image_generator_settings":{"template":"highway","default_image_id":0,"font":"","enabled":false},"version":2},"jetpack_post_was_ever_published":false},"categories":[22],"tags":[],"class_list":["post-1229","post","type-post","status-publish","format-standard","has-post-thumbnail","hentry","category-host-2017-till-cc"],"jetpack_publicize_connections":[],"jetpack_featured_media_url":"https:\/\/i0.wp.com\/www.ellensailing.se\/wp-content\/uploads\/2017\/09\/IMG_0039.jpg?fit=1620%2C1080&ssl=1","jetpack_sharing_enabled":true,"jetpack_shortlink":"https:\/\/wp.me\/p5G68R-jP","jetpack-related-posts":[{"id":1364,"url":"https:\/\/www.ellensailing.se\/?p=1364","url_meta":{"origin":1229,"position":0},"title":"H\u00e4rliga dagar i Lagos och Portmao!","author":"peter@ellensailing.se","date":"4 oktober, 2017","format":false,"excerpt":"\u00c4ntligen s\u00e5 har vi uppn\u00e5tt v\u00e5rt uppdrag att f\u00e5 Ellen klar p\u00e5 alla punkter. Vi har haft kontakt med Bluewater marin som skulle fixa v\u00e5r Watermaker. M\u00e5nga mejl och jagande av delar \u00f6ver hela v\u00e4rlden s\u00e5 anl\u00e4nde i alla fall allt till Portmano i tisdags. Det vi inte visste var\u2026","rel":"","context":"I \u201dH\u00f6st 2017 till Grand Canrias.\u201d","block_context":{"text":"H\u00f6st 2017 till Grand Canrias.","link":"https:\/\/www.ellensailing.se\/?cat=22"},"img":{"alt_text":"","src":"https:\/\/i0.wp.com\/www.ellensailing.se\/wp-content\/uploads\/2017\/10\/IMG_6146.jpg?fit=480%2C640&ssl=1&resize=350%2C200","width":350,"height":200},"classes":[]},{"id":3656,"url":"https:\/\/www.ellensailing.se\/?p=3656","url_meta":{"origin":1229,"position":1},"title":"Nattsegling till Fakarava","author":"peter@ellensailing.se","date":"27 april, 2024","format":false,"excerpt":"Vi gick ut fr\u00e5n Tahanea vid 4 tiden. Det \u00e4r bara 50 Nm till Fakarava s\u00e5 det g\u00e4ller att segla l\u00e5ngsamt. Det \u00e4r inte alltid l\u00e4tt. Passet var ganska str\u00f6mt, runt 3 knop men det var inga problem. V\u00e4l ute satte vi genuan och seglade med vinden. N\u00e4r vi b\u00f6rjade\u2026","rel":"","context":"I \u201dS\u00f6derhavet\u201d","block_context":{"text":"S\u00f6derhavet","link":"https:\/\/www.ellensailing.se\/?cat=33"},"img":{"alt_text":"","src":"https:\/\/i0.wp.com\/www.ellensailing.se\/wp-content\/uploads\/2024\/04\/gptempdownload-26-1.jpg?fit=1200%2C900&ssl=1&resize=350%2C200","width":350,"height":200,"srcset":"https:\/\/i0.wp.com\/www.ellensailing.se\/wp-content\/uploads\/2024\/04\/gptempdownload-26-1.jpg?fit=1200%2C900&ssl=1&resize=350%2C200 1x, https:\/\/i0.wp.com\/www.ellensailing.se\/wp-content\/uploads\/2024\/04\/gptempdownload-26-1.jpg?fit=1200%2C900&ssl=1&resize=525%2C300 1.5x, https:\/\/i0.wp.com\/www.ellensailing.se\/wp-content\/uploads\/2024\/04\/gptempdownload-26-1.jpg?fit=1200%2C900&ssl=1&resize=700%2C400 2x, https:\/\/i0.wp.com\/www.ellensailing.se\/wp-content\/uploads\/2024\/04\/gptempdownload-26-1.jpg?fit=1200%2C900&ssl=1&resize=1050%2C600 3x"},"classes":[]},{"id":1887,"url":"https:\/\/www.ellensailing.se\/?p=1887","url_meta":{"origin":1229,"position":2},"title":"Vilken kv\u00e4ll!","author":"peter@ellensailing.se","date":"5 mars, 2018","format":false,"excerpt":"Fullm\u00e5ne och s\u00e5 annorlunda vind \u00e4n vi \u00e4r van vid. Det bl\u00e5ser v\u00e4sterligt och vi ligger l\u00e4ngst ut mot revet och har bara en katamaran bakom oss, sen ligger Afrika. Det \u00e4r nog f\u00f6rsta g\u00e5ngen som vi har v\u00e4sterliga vindar och idag har det bl\u00e5st ganska bra om lite mot\u2026","rel":"","context":"I \u201dV\u00e4stindien 2017-2018\u201d","block_context":{"text":"V\u00e4stindien 2017-2018","link":"https:\/\/www.ellensailing.se\/?cat=24"},"img":{"alt_text":"","src":"https:\/\/i0.wp.com\/www.ellensailing.se\/wp-content\/uploads\/2018\/03\/B796C58B-48FF-487A-87FE-EE96C63B4726.jpeg?fit=1200%2C800&ssl=1&resize=350%2C200","width":350,"height":200,"srcset":"https:\/\/i0.wp.com\/www.ellensailing.se\/wp-content\/uploads\/2018\/03\/B796C58B-48FF-487A-87FE-EE96C63B4726.jpeg?fit=1200%2C800&ssl=1&resize=350%2C200 1x, https:\/\/i0.wp.com\/www.ellensailing.se\/wp-content\/uploads\/2018\/03\/B796C58B-48FF-487A-87FE-EE96C63B4726.jpeg?fit=1200%2C800&ssl=1&resize=525%2C300 1.5x, https:\/\/i0.wp.com\/www.ellensailing.se\/wp-content\/uploads\/2018\/03\/B796C58B-48FF-487A-87FE-EE96C63B4726.jpeg?fit=1200%2C800&ssl=1&resize=700%2C400 2x, https:\/\/i0.wp.com\/www.ellensailing.se\/wp-content\/uploads\/2018\/03\/B796C58B-48FF-487A-87FE-EE96C63B4726.jpeg?fit=1200%2C800&ssl=1&resize=1050%2C600 3x"},"classes":[]},{"id":1370,"url":"https:\/\/www.ellensailing.se\/?p=1370","url_meta":{"origin":1229,"position":3},"title":"Dag1, \u00f6verfart fr\u00e5n Lagos till Isla Graciosa","author":"peter@ellensailing.se","date":"5 oktober, 2017","format":false,"excerpt":"Idag vid 10 tiden s\u00e5 gled vi ut fr\u00e5n hamnen i Lagos. Det tog lite tid d\u00e5 receptionen inte \u00f6ppnade f\u00f6rr\u00e4n 9 och m\u00e5nga vill iv\u00e4g. Ingen seglelb\u00e5t kommer ut f\u00f6r man m\u00e5ste \u00f6ppna en g\u00e5ngbro f\u00f6r att komma ut. Vi passade p\u00e5 att tanka b\u00e5ten f\u00f6r det ser ut\u2026","rel":"","context":"I \u201dH\u00f6st 2017 till Grand Canrias.\u201d","block_context":{"text":"H\u00f6st 2017 till Grand Canrias.","link":"https:\/\/www.ellensailing.se\/?cat=22"},"img":{"alt_text":"","src":"","width":0,"height":0},"classes":[]},{"id":429,"url":"https:\/\/www.ellensailing.se\/?p=429","url_meta":{"origin":1229,"position":4},"title":"Ett bl\u00e5sigt utklippan!","author":"peter@ellensailing.se","date":"30 juni, 2015","format":false,"excerpt":"Vi har idag seglat 53 distans fr\u00e5n Kalmar till Utklippan. Fr\u00e5n b\u00f6rjan var seglingen helt underbar. \u00c4ntligen streckbog mot utklippan. Vi hade blivit lovade det fr\u00e5n v\u00e4dergudarna med. Men n\u00e5gon Gud gick hem och motvridet och \u00f6kande vind gjorde att vi fick b\u00f6rja kryssa igen.\u00a0 Det var konstigt v\u00e4der med\u2026","rel":"","context":"I \u201dSommar 2015\u201d","block_context":{"text":"Sommar 2015","link":"https:\/\/www.ellensailing.se\/?cat=4"},"img":{"alt_text":"","src":"https:\/\/i0.wp.com\/www.ellensailing.se\/wp-content\/uploads\/2015\/06\/DSC_0176-e1435683498795.jpg?fit=797%2C1200&ssl=1&resize=350%2C200","width":350,"height":200,"srcset":"https:\/\/i0.wp.com\/www.ellensailing.se\/wp-content\/uploads\/2015\/06\/DSC_0176-e1435683498795.jpg?fit=797%2C1200&ssl=1&resize=350%2C200 1x, https:\/\/i0.wp.com\/www.ellensailing.se\/wp-content\/uploads\/2015\/06\/DSC_0176-e1435683498795.jpg?fit=797%2C1200&ssl=1&resize=525%2C300 1.5x, https:\/\/i0.wp.com\/www.ellensailing.se\/wp-content\/uploads\/2015\/06\/DSC_0176-e1435683498795.jpg?fit=797%2C1200&ssl=1&resize=700%2C400 2x"},"classes":[]},{"id":1583,"url":"https:\/\/www.ellensailing.se\/?p=1583","url_meta":{"origin":1229,"position":5},"title":"Dygn 1. Fr\u00e5n Start","author":"peter@ellensailing.se","date":"20 november, 2017","format":false,"excerpt":"Snart \u00e4r f\u00f6rsta dygnet avklarat. En fin och lugn start med moderata vindar. Ganska snart s\u00e5 hissade vi Code1 och gick som attans. Riktigt kul. N\u00e4r vi n\u00e4rmade oss s\u00f6dra Gran Canaria gippade vi v\u00e4sterut. Vi gick riktigt bra. N\u00e4r solen b\u00f6rjade g\u00e5 ner s\u00e5 tog vi ner Code 1\u2026","rel":"","context":"I \u201dARC 2017\u201d","block_context":{"text":"ARC 2017","link":"https:\/\/www.ellensailing.se\/?cat=23"},"img":{"alt_text":"","src":"","width":0,"height":0},"classes":[]}],"jetpack_likes_enabled":false,"_links":{"self":[{"href":"https:\/\/www.ellensailing.se\/index.php?rest_route=\/wp\/v2\/posts\/1229","targetHints":{"allow":["GET"]}}],"collection":[{"href":"https:\/\/www.ellensailing.se\/index.php?rest_route=\/wp\/v2\/posts"}],"about":[{"href":"https:\/\/www.ellensailing.se\/index.php?rest_route=\/wp\/v2\/types\/post"}],"author":[{"embeddable":true,"href":"https:\/\/www.ellensailing.se\/index.php?rest_route=\/wp\/v2\/users\/1"}],"replies":[{"embeddable":true,"href":"https:\/\/www.ellensailing.se\/index.php?rest_route=%2Fwp%2Fv2%2Fcomments&post=1229"}],"version-history":[{"count":1,"href":"https:\/\/www.ellensailing.se\/index.php?rest_route=\/wp\/v2\/posts\/1229\/revisions"}],"predecessor-version":[{"id":1232,"href":"https:\/\/www.ellensailing.se\/index.php?rest_route=\/wp\/v2\/posts\/1229\/revisions\/1232"}],"wp:featuredmedia":[{"embeddable":true,"href":"https:\/\/www.ellensailing.se\/index.php?rest_route=\/wp\/v2\/media\/1231"}],"wp:attachment":[{"href":"https:\/\/www.ellensailing.se\/index.php?rest_route=%2Fwp%2Fv2%2Fmedia&parent=1229"}],"wp:term":[{"taxonomy":"category","embeddable":true,"href":"https:\/\/www.ellensailing.se\/index.php?rest_route=%2Fwp%2Fv2%2Fcategories&post=1229"},{"taxonomy":"post_tag","embeddable":true,"href":"https:\/\/www.ellensailing.se\/index.php?rest_route=%2Fwp%2Fv2%2Ftags&post=1229"}],"curies":[{"name":"wp","href":"https:\/\/api.w.org\/{rel}","templated":true}]}}