{"id":1211,"date":"2017-09-09T23:02:46","date_gmt":"2017-09-09T21:02:46","guid":{"rendered":"https:\/\/www.ellensailing.se\/?p=1211"},"modified":"2017-09-10T04:35:23","modified_gmt":"2017-09-10T02:35:23","slug":"nu-har-vi-lamnat-a-coruna-och-ligger-pa-svaj-i-en-liten-fiskeby","status":"publish","type":"post","link":"https:\/\/www.ellensailing.se\/?p=1211","title":{"rendered":"Nu har vi l\u00e4mnat A Coruna och ligger p\u00e5 svaj i en liten fiskeby!"},"content":{"rendered":"<p>Vi har haft n\u00e5gra sk\u00f6na dagar i A Coruna som \u00e4r en helt underbar liten stad, stor men liten. Finns s\u00e5 mycket att se och de har helt underbara ytor f\u00f6r folk att r\u00f6ra sig p\u00e5, och folk \u00e4r verkligen ute och r\u00f6r sig. Fina cykelv\u00e4gar runt hela staden, g\u00e5ngpromenader, lekplatser och allt finns verkligen h\u00e4r.<\/p>\n<figure id=\"attachment_1217\" aria-describedby=\"caption-attachment-1217\" style=\"width: 640px\" class=\"wp-caption aligncenter\"><a href=\"https:\/\/i0.wp.com\/www.ellensailing.se\/wp-content\/uploads\/2017\/09\/DSC2259.jpg?ssl=1\"><img data-recalc-dims=\"1\" fetchpriority=\"high\" decoding=\"async\" class=\"wp-image-1217 size-large\" src=\"https:\/\/i0.wp.com\/www.ellensailing.se\/wp-content\/uploads\/2017\/09\/DSC2259.jpg?resize=640%2C428&#038;ssl=1\" alt=\"\" width=\"640\" height=\"428\" srcset=\"https:\/\/i0.wp.com\/www.ellensailing.se\/wp-content\/uploads\/2017\/09\/DSC2259.jpg?resize=1024%2C684&amp;ssl=1 1024w, https:\/\/i0.wp.com\/www.ellensailing.se\/wp-content\/uploads\/2017\/09\/DSC2259.jpg?resize=300%2C200&amp;ssl=1 300w, https:\/\/i0.wp.com\/www.ellensailing.se\/wp-content\/uploads\/2017\/09\/DSC2259.jpg?resize=768%2C513&amp;ssl=1 768w, https:\/\/i0.wp.com\/www.ellensailing.se\/wp-content\/uploads\/2017\/09\/DSC2259.jpg?w=1680&amp;ssl=1 1680w, https:\/\/i0.wp.com\/www.ellensailing.se\/wp-content\/uploads\/2017\/09\/DSC2259.jpg?w=2520&amp;ssl=1 2520w\" sizes=\"(max-width: 640px) 100vw, 640px\" \/><\/a><figcaption id=\"caption-attachment-1217\" class=\"wp-caption-text\">Uppe vid fyren Hercules!<\/figcaption><\/figure>\n<p>S\u00e5 himla roligt ocks\u00e5 att f\u00e5 det mottagandet av v\u00e5ra seglande v\u00e4nner fr\u00e5n Sverige, Norge och Danmark. Kul att \u00e4ntligen f\u00e5 tr\u00e4ffa den andra Ellen, Salsa och Sally. Eller det spelar ingen roll, hela bryggan var full av nordiska b\u00e5tar, s\u00e5 himla roligt.<\/p>\n<figure id=\"attachment_1213\" aria-describedby=\"caption-attachment-1213\" style=\"width: 640px\" class=\"wp-caption aligncenter\"><a href=\"https:\/\/i0.wp.com\/www.ellensailing.se\/wp-content\/uploads\/2017\/09\/DSC2222.jpg?ssl=1\"><img data-recalc-dims=\"1\" decoding=\"async\" class=\"wp-image-1213 size-large\" src=\"https:\/\/i0.wp.com\/www.ellensailing.se\/wp-content\/uploads\/2017\/09\/DSC2222.jpg?resize=640%2C428&#038;ssl=1\" alt=\"\" width=\"640\" height=\"428\" srcset=\"https:\/\/i0.wp.com\/www.ellensailing.se\/wp-content\/uploads\/2017\/09\/DSC2222.jpg?resize=1024%2C684&amp;ssl=1 1024w, https:\/\/i0.wp.com\/www.ellensailing.se\/wp-content\/uploads\/2017\/09\/DSC2222.jpg?resize=300%2C200&amp;ssl=1 300w, https:\/\/i0.wp.com\/www.ellensailing.se\/wp-content\/uploads\/2017\/09\/DSC2222.jpg?resize=768%2C513&amp;ssl=1 768w, https:\/\/i0.wp.com\/www.ellensailing.se\/wp-content\/uploads\/2017\/09\/DSC2222.jpg?w=1680&amp;ssl=1 1680w, https:\/\/i0.wp.com\/www.ellensailing.se\/wp-content\/uploads\/2017\/09\/DSC2222.jpg?w=2520&amp;ssl=1 2520w\" sizes=\"(max-width: 640px) 100vw, 640px\" \/><\/a><figcaption id=\"caption-attachment-1213\" class=\"wp-caption-text\">Fina hamnen i A Coruna<\/figcaption><\/figure>\n<figure id=\"attachment_1214\" aria-describedby=\"caption-attachment-1214\" style=\"width: 640px\" class=\"wp-caption aligncenter\"><a href=\"https:\/\/i0.wp.com\/www.ellensailing.se\/wp-content\/uploads\/2017\/09\/DSC2228.jpg?ssl=1\"><img data-recalc-dims=\"1\" decoding=\"async\" class=\"wp-image-1214 size-large\" src=\"https:\/\/i0.wp.com\/www.ellensailing.se\/wp-content\/uploads\/2017\/09\/DSC2228.jpg?resize=640%2C428&#038;ssl=1\" alt=\"\" width=\"640\" height=\"428\" srcset=\"https:\/\/i0.wp.com\/www.ellensailing.se\/wp-content\/uploads\/2017\/09\/DSC2228.jpg?resize=1024%2C684&amp;ssl=1 1024w, https:\/\/i0.wp.com\/www.ellensailing.se\/wp-content\/uploads\/2017\/09\/DSC2228.jpg?resize=300%2C200&amp;ssl=1 300w, https:\/\/i0.wp.com\/www.ellensailing.se\/wp-content\/uploads\/2017\/09\/DSC2228.jpg?resize=768%2C513&amp;ssl=1 768w, https:\/\/i0.wp.com\/www.ellensailing.se\/wp-content\/uploads\/2017\/09\/DSC2228.jpg?w=1680&amp;ssl=1 1680w, https:\/\/i0.wp.com\/www.ellensailing.se\/wp-content\/uploads\/2017\/09\/DSC2228.jpg?w=2520&amp;ssl=1 2520w\" sizes=\"(max-width: 640px) 100vw, 640px\" \/><\/a><figcaption id=\"caption-attachment-1214\" class=\"wp-caption-text\">Hamnkontoret med restaurang och bar.<\/figcaption><\/figure>\n<p>Haft lite problem med Mastervolt transformatorn s\u00e5 jag och Lasse har varit p\u00e5 liten roadtrip f\u00f6r att laga den. Hamnade i mitten av fiskehamnen d\u00e4r n\u00e5gon Electirca Avidal skulle vara representant f\u00f6r Mastervolt. Lasse fick honom att koppla in transformatorn och d\u00e5 gick str\u00f6mmen i hela verkstaden. NoNo, Que maleta esto blanco&#8230; typ. Bra i alla fall att B\u00e5taccenten kunde st\u00e4lla upp och skicka en ny till Vigo med leverans direkt fr\u00e5n Holland. Tack Gunnar f\u00f6r din otroliga service. Hoppas den kommer dit bara.<\/p>\n<figure id=\"attachment_1216\" aria-describedby=\"caption-attachment-1216\" style=\"width: 640px\" class=\"wp-caption aligncenter\"><a href=\"https:\/\/i0.wp.com\/www.ellensailing.se\/wp-content\/uploads\/2017\/09\/DSC2243.jpg?ssl=1\"><img data-recalc-dims=\"1\" loading=\"lazy\" decoding=\"async\" class=\"wp-image-1216 size-large\" src=\"https:\/\/i0.wp.com\/www.ellensailing.se\/wp-content\/uploads\/2017\/09\/DSC2243.jpg?resize=640%2C428&#038;ssl=1\" alt=\"\" width=\"640\" height=\"428\" srcset=\"https:\/\/i0.wp.com\/www.ellensailing.se\/wp-content\/uploads\/2017\/09\/DSC2243.jpg?resize=1024%2C684&amp;ssl=1 1024w, https:\/\/i0.wp.com\/www.ellensailing.se\/wp-content\/uploads\/2017\/09\/DSC2243.jpg?resize=300%2C200&amp;ssl=1 300w, https:\/\/i0.wp.com\/www.ellensailing.se\/wp-content\/uploads\/2017\/09\/DSC2243.jpg?resize=768%2C513&amp;ssl=1 768w, https:\/\/i0.wp.com\/www.ellensailing.se\/wp-content\/uploads\/2017\/09\/DSC2243.jpg?w=1680&amp;ssl=1 1680w, https:\/\/i0.wp.com\/www.ellensailing.se\/wp-content\/uploads\/2017\/09\/DSC2243.jpg?w=2520&amp;ssl=1 2520w\" sizes=\"(max-width: 640px) 100vw, 640px\" \/><\/a><figcaption id=\"caption-attachment-1216\" class=\"wp-caption-text\">L\u00e5ngpromenad upp till Herkules runt hela staden!<\/figcaption><\/figure>\n<figure id=\"attachment_1218\" aria-describedby=\"caption-attachment-1218\" style=\"width: 640px\" class=\"wp-caption aligncenter\"><a href=\"https:\/\/i0.wp.com\/www.ellensailing.se\/wp-content\/uploads\/2017\/09\/DSC2264.jpg?ssl=1\"><img data-recalc-dims=\"1\" loading=\"lazy\" decoding=\"async\" class=\"wp-image-1218 size-large\" src=\"https:\/\/i0.wp.com\/www.ellensailing.se\/wp-content\/uploads\/2017\/09\/DSC2264.jpg?resize=640%2C428&#038;ssl=1\" alt=\"\" width=\"640\" height=\"428\" srcset=\"https:\/\/i0.wp.com\/www.ellensailing.se\/wp-content\/uploads\/2017\/09\/DSC2264.jpg?resize=1024%2C684&amp;ssl=1 1024w, https:\/\/i0.wp.com\/www.ellensailing.se\/wp-content\/uploads\/2017\/09\/DSC2264.jpg?resize=300%2C200&amp;ssl=1 300w, https:\/\/i0.wp.com\/www.ellensailing.se\/wp-content\/uploads\/2017\/09\/DSC2264.jpg?resize=768%2C513&amp;ssl=1 768w, https:\/\/i0.wp.com\/www.ellensailing.se\/wp-content\/uploads\/2017\/09\/DSC2264.jpg?w=1680&amp;ssl=1 1680w, https:\/\/i0.wp.com\/www.ellensailing.se\/wp-content\/uploads\/2017\/09\/DSC2264.jpg?w=2520&amp;ssl=1 2520w\" sizes=\"(max-width: 640px) 100vw, 640px\" \/><\/a><figcaption id=\"caption-attachment-1218\" class=\"wp-caption-text\">S\u00e5 fina promenad och cykelv\u00e4gar runt A Coruna.<\/figcaption><\/figure>\n<p>Idag s\u00e5 seglade vi iv\u00e4g fr\u00e5n A Coruna mot Corme porto som \u00e4r en liten fiskeby. Inte stor alls, vi \u00e4r den enda segelb\u00e5t som ligger h\u00e4r och vi ligger p\u00e5 svaj. Supermysigt \u00e4r det och det guppar lite lagom. Det b\u00f6rjade med n\u00e4stan ingen vind alls men v\u00e4dret h\u00e4r ner v\u00e4xlar otroligt fort fr\u00e5n stiltje och sol till regn och 14 meter per sekund. Det hade vi idag, men det g\u00e5r tillbaka lika fort. Det var en mycket h\u00e4ftig seglingsupplevelse d\u00e5 vi gick mycket n\u00e4r kusten och innanf\u00f6r de nordligaste \u00f6arna med massor av grynnor, k\u00e4ndes som hemma n\u00e4stan.<\/p>\n<figure id=\"attachment_1223\" aria-describedby=\"caption-attachment-1223\" style=\"width: 640px\" class=\"wp-caption aligncenter\"><a href=\"https:\/\/i0.wp.com\/www.ellensailing.se\/wp-content\/uploads\/2017\/09\/DSC2275.jpg?ssl=1\"><img data-recalc-dims=\"1\" loading=\"lazy\" decoding=\"async\" class=\"wp-image-1223 size-large\" src=\"https:\/\/i0.wp.com\/www.ellensailing.se\/wp-content\/uploads\/2017\/09\/DSC2275.jpg?resize=640%2C428&#038;ssl=1\" alt=\"\" width=\"640\" height=\"428\" srcset=\"https:\/\/i0.wp.com\/www.ellensailing.se\/wp-content\/uploads\/2017\/09\/DSC2275.jpg?resize=1024%2C684&amp;ssl=1 1024w, https:\/\/i0.wp.com\/www.ellensailing.se\/wp-content\/uploads\/2017\/09\/DSC2275.jpg?resize=300%2C200&amp;ssl=1 300w, https:\/\/i0.wp.com\/www.ellensailing.se\/wp-content\/uploads\/2017\/09\/DSC2275.jpg?resize=768%2C513&amp;ssl=1 768w, https:\/\/i0.wp.com\/www.ellensailing.se\/wp-content\/uploads\/2017\/09\/DSC2275.jpg?w=1680&amp;ssl=1 1680w, https:\/\/i0.wp.com\/www.ellensailing.se\/wp-content\/uploads\/2017\/09\/DSC2275.jpg?w=2520&amp;ssl=1 2520w\" sizes=\"(max-width: 640px) 100vw, 640px\" \/><\/a><figcaption id=\"caption-attachment-1223\" class=\"wp-caption-text\">Ser lugnt ut men det var ganska tr\u00e5ngt mellan grynnorna.<\/figcaption><\/figure>\n<p>Inseglingen till Corme har h\u00e4ftig d\u00e4r det g\u00e4llde att g\u00e5 p\u00e5 r\u00e4tt sida om grynnorna, vilket sk\u00e5despel.<\/p>\n<figure id=\"attachment_1219\" aria-describedby=\"caption-attachment-1219\" style=\"width: 640px\" class=\"wp-caption aligncenter\"><a href=\"https:\/\/i0.wp.com\/www.ellensailing.se\/wp-content\/uploads\/2017\/09\/DSC2328.jpg?ssl=1\"><img data-recalc-dims=\"1\" loading=\"lazy\" decoding=\"async\" class=\"wp-image-1219 size-large\" src=\"https:\/\/i0.wp.com\/www.ellensailing.se\/wp-content\/uploads\/2017\/09\/DSC2328.jpg?resize=640%2C428&#038;ssl=1\" alt=\"\" width=\"640\" height=\"428\" srcset=\"https:\/\/i0.wp.com\/www.ellensailing.se\/wp-content\/uploads\/2017\/09\/DSC2328.jpg?resize=1024%2C684&amp;ssl=1 1024w, https:\/\/i0.wp.com\/www.ellensailing.se\/wp-content\/uploads\/2017\/09\/DSC2328.jpg?resize=300%2C200&amp;ssl=1 300w, https:\/\/i0.wp.com\/www.ellensailing.se\/wp-content\/uploads\/2017\/09\/DSC2328.jpg?resize=768%2C513&amp;ssl=1 768w, https:\/\/i0.wp.com\/www.ellensailing.se\/wp-content\/uploads\/2017\/09\/DSC2328.jpg?w=1680&amp;ssl=1 1680w, https:\/\/i0.wp.com\/www.ellensailing.se\/wp-content\/uploads\/2017\/09\/DSC2328.jpg?w=2520&amp;ssl=1 2520w\" sizes=\"(max-width: 640px) 100vw, 640px\" \/><\/a><figcaption id=\"caption-attachment-1219\" class=\"wp-caption-text\">H\u00e4ftigt sk\u00e5despel vi grynnorna vid insegling till Corme!<\/figcaption><\/figure>\n<p>Inne i hamnen \u00e4r det j\u00e4ttemysigt. Bl\u00e5ste upp dingen f\u00f6r f\u00f6rsta g\u00e5ngen och tog den in till stranden. Byn gick vi igenom p\u00e5 10 minuter men m\u00e5nga barer fanns det. En Estrella slank ner \u00e4nd\u00e5. Nu har vi \u00e4tit en mycket god kuppilupp av Jackelina.<\/p>\n<figure id=\"attachment_1220\" aria-describedby=\"caption-attachment-1220\" style=\"width: 640px\" class=\"wp-caption aligncenter\"><a href=\"https:\/\/i0.wp.com\/www.ellensailing.se\/wp-content\/uploads\/2017\/09\/DSC2345.jpg?ssl=1\"><img data-recalc-dims=\"1\" loading=\"lazy\" decoding=\"async\" class=\"wp-image-1220 size-large\" src=\"https:\/\/i0.wp.com\/www.ellensailing.se\/wp-content\/uploads\/2017\/09\/DSC2345.jpg?resize=640%2C428&#038;ssl=1\" alt=\"\" width=\"640\" height=\"428\" srcset=\"https:\/\/i0.wp.com\/www.ellensailing.se\/wp-content\/uploads\/2017\/09\/DSC2345.jpg?resize=1024%2C684&amp;ssl=1 1024w, https:\/\/i0.wp.com\/www.ellensailing.se\/wp-content\/uploads\/2017\/09\/DSC2345.jpg?resize=300%2C200&amp;ssl=1 300w, https:\/\/i0.wp.com\/www.ellensailing.se\/wp-content\/uploads\/2017\/09\/DSC2345.jpg?resize=768%2C513&amp;ssl=1 768w, https:\/\/i0.wp.com\/www.ellensailing.se\/wp-content\/uploads\/2017\/09\/DSC2345.jpg?w=1680&amp;ssl=1 1680w, https:\/\/i0.wp.com\/www.ellensailing.se\/wp-content\/uploads\/2017\/09\/DSC2345.jpg?w=2520&amp;ssl=1 2520w\" sizes=\"(max-width: 640px) 100vw, 640px\" \/><\/a><figcaption id=\"caption-attachment-1220\" class=\"wp-caption-text\">Ellen p\u00e5 redden!<\/figcaption><\/figure>\n<figure id=\"attachment_1221\" aria-describedby=\"caption-attachment-1221\" style=\"width: 640px\" class=\"wp-caption aligncenter\"><a href=\"https:\/\/i0.wp.com\/www.ellensailing.se\/wp-content\/uploads\/2017\/09\/DSC2347.jpg?ssl=1\"><img data-recalc-dims=\"1\" loading=\"lazy\" decoding=\"async\" class=\"wp-image-1221 size-large\" src=\"https:\/\/i0.wp.com\/www.ellensailing.se\/wp-content\/uploads\/2017\/09\/DSC2347.jpg?resize=640%2C428&#038;ssl=1\" alt=\"\" width=\"640\" height=\"428\" srcset=\"https:\/\/i0.wp.com\/www.ellensailing.se\/wp-content\/uploads\/2017\/09\/DSC2347.jpg?resize=1024%2C684&amp;ssl=1 1024w, https:\/\/i0.wp.com\/www.ellensailing.se\/wp-content\/uploads\/2017\/09\/DSC2347.jpg?resize=300%2C200&amp;ssl=1 300w, https:\/\/i0.wp.com\/www.ellensailing.se\/wp-content\/uploads\/2017\/09\/DSC2347.jpg?resize=768%2C513&amp;ssl=1 768w, https:\/\/i0.wp.com\/www.ellensailing.se\/wp-content\/uploads\/2017\/09\/DSC2347.jpg?w=1680&amp;ssl=1 1680w, https:\/\/i0.wp.com\/www.ellensailing.se\/wp-content\/uploads\/2017\/09\/DSC2347.jpg?w=2520&amp;ssl=1 2520w\" sizes=\"(max-width: 640px) 100vw, 640px\" \/><\/a><figcaption id=\"caption-attachment-1221\" class=\"wp-caption-text\">Helt ensamma i viken, inga andra turister \u00e4n vi!<\/figcaption><\/figure>\n<figure id=\"attachment_1222\" aria-describedby=\"caption-attachment-1222\" style=\"width: 640px\" class=\"wp-caption aligncenter\"><a href=\"https:\/\/i0.wp.com\/www.ellensailing.se\/wp-content\/uploads\/2017\/09\/DSC2373.jpg?ssl=1\"><img data-recalc-dims=\"1\" loading=\"lazy\" decoding=\"async\" class=\"wp-image-1222 size-large\" src=\"https:\/\/i0.wp.com\/www.ellensailing.se\/wp-content\/uploads\/2017\/09\/DSC2373.jpg?resize=640%2C428&#038;ssl=1\" alt=\"\" width=\"640\" height=\"428\" srcset=\"https:\/\/i0.wp.com\/www.ellensailing.se\/wp-content\/uploads\/2017\/09\/DSC2373.jpg?resize=1024%2C684&amp;ssl=1 1024w, https:\/\/i0.wp.com\/www.ellensailing.se\/wp-content\/uploads\/2017\/09\/DSC2373.jpg?resize=300%2C200&amp;ssl=1 300w, https:\/\/i0.wp.com\/www.ellensailing.se\/wp-content\/uploads\/2017\/09\/DSC2373.jpg?resize=768%2C513&amp;ssl=1 768w, https:\/\/i0.wp.com\/www.ellensailing.se\/wp-content\/uploads\/2017\/09\/DSC2373.jpg?w=1680&amp;ssl=1 1680w, https:\/\/i0.wp.com\/www.ellensailing.se\/wp-content\/uploads\/2017\/09\/DSC2373.jpg?w=2520&amp;ssl=1 2520w\" sizes=\"(max-width: 640px) 100vw, 640px\" \/><\/a><figcaption id=\"caption-attachment-1222\" class=\"wp-caption-text\">H\u00e4rlig middag i sittbrunnen!<\/figcaption><\/figure>\n<figure id=\"attachment_1225\" aria-describedby=\"caption-attachment-1225\" style=\"width: 640px\" class=\"wp-caption aligncenter\"><a href=\"https:\/\/i0.wp.com\/www.ellensailing.se\/wp-content\/uploads\/2017\/09\/DSC2353.jpg?ssl=1\"><img data-recalc-dims=\"1\" loading=\"lazy\" decoding=\"async\" class=\"wp-image-1225 size-large\" src=\"https:\/\/i0.wp.com\/www.ellensailing.se\/wp-content\/uploads\/2017\/09\/DSC2353.jpg?resize=640%2C428&#038;ssl=1\" alt=\"\" width=\"640\" height=\"428\" srcset=\"https:\/\/i0.wp.com\/www.ellensailing.se\/wp-content\/uploads\/2017\/09\/DSC2353.jpg?resize=1024%2C684&amp;ssl=1 1024w, https:\/\/i0.wp.com\/www.ellensailing.se\/wp-content\/uploads\/2017\/09\/DSC2353.jpg?resize=300%2C200&amp;ssl=1 300w, https:\/\/i0.wp.com\/www.ellensailing.se\/wp-content\/uploads\/2017\/09\/DSC2353.jpg?resize=768%2C513&amp;ssl=1 768w, https:\/\/i0.wp.com\/www.ellensailing.se\/wp-content\/uploads\/2017\/09\/DSC2353.jpg?w=1680&amp;ssl=1 1680w, https:\/\/i0.wp.com\/www.ellensailing.se\/wp-content\/uploads\/2017\/09\/DSC2353.jpg?w=2520&amp;ssl=1 2520w\" sizes=\"(max-width: 640px) 100vw, 640px\" \/><\/a><figcaption id=\"caption-attachment-1225\" class=\"wp-caption-text\">B\u00e5tpojken k\u00f6r #tacacat<\/figcaption><\/figure>\n","protected":false},"excerpt":{"rendered":"<p>Vi har haft n\u00e5gra sk\u00f6na dagar i A Coruna som \u00e4r en helt underbar liten stad, stor men liten. Finns[&#8230;]<\/p>\n","protected":false},"author":1,"featured_media":1219,"comment_status":"open","ping_status":"open","sticky":false,"template":"","format":"standard","meta":{"_jetpack_newsletter_access":"","_jetpack_dont_email_post_to_subs":false,"_jetpack_newsletter_tier_id":0,"_jetpack_memberships_contains_paywalled_content":false,"_jetpack_feature_clip_id":0,"_jetpack_memberships_contains_paid_content":false,"footnotes":"","jetpack_publicize_message":"","jetpack_publicize_feature_enabled":true,"jetpack_social_post_already_shared":true,"jetpack_social_options":{"image_generator_settings":{"template":"highway","default_image_id":0,"font":"","enabled":false},"version":2},"jetpack_post_was_ever_published":false},"categories":[22],"tags":[],"class_list":["post-1211","post","type-post","status-publish","format-standard","has-post-thumbnail","hentry","category-host-2017-till-cc"],"jetpack_publicize_connections":[],"jetpack_featured_media_url":"https:\/\/i0.wp.com\/www.ellensailing.se\/wp-content\/uploads\/2017\/09\/DSC2328.jpg?fit=2992%2C2000&ssl=1","jetpack_sharing_enabled":true,"jetpack_shortlink":"https:\/\/wp.me\/p5G68R-jx","jetpack-related-posts":[{"id":1298,"url":"https:\/\/www.ellensailing.se\/?p=1298","url_meta":{"origin":1211,"position":0},"title":"Sista utposten i Spanien blev Baiona, d\u00e4refter har vi g\u00e5tt till Portugal.","author":"peter@ellensailing.se","date":"18 september, 2017","format":false,"excerpt":"Efter helt underbara dagar p\u00e5 Isla Cies s\u00e5 seglade vi ner mot Baiona. Som vanligt ingen vind men vi hade i alla fall medvind. Vi kom in till Baiona p\u00e5 tidig eftermiddag vilket var planen. Vi har haft ett vattenl\u00e4ckage p\u00e5 s\u00f6tvatten s\u00e5 vi best\u00e4mde oss f\u00f6r att riva bort\u2026","rel":"","context":"I \u201dH\u00f6st 2017 till Grand Canrias.\u201d","block_context":{"text":"H\u00f6st 2017 till Grand Canrias.","link":"https:\/\/www.ellensailing.se\/?cat=22"},"img":{"alt_text":"","src":"https:\/\/i0.wp.com\/www.ellensailing.se\/wp-content\/uploads\/2017\/09\/DSC2681.jpg?fit=1200%2C802&ssl=1&resize=350%2C200","width":350,"height":200,"srcset":"https:\/\/i0.wp.com\/www.ellensailing.se\/wp-content\/uploads\/2017\/09\/DSC2681.jpg?fit=1200%2C802&ssl=1&resize=350%2C200 1x, https:\/\/i0.wp.com\/www.ellensailing.se\/wp-content\/uploads\/2017\/09\/DSC2681.jpg?fit=1200%2C802&ssl=1&resize=525%2C300 1.5x, https:\/\/i0.wp.com\/www.ellensailing.se\/wp-content\/uploads\/2017\/09\/DSC2681.jpg?fit=1200%2C802&ssl=1&resize=700%2C400 2x, https:\/\/i0.wp.com\/www.ellensailing.se\/wp-content\/uploads\/2017\/09\/DSC2681.jpg?fit=1200%2C802&ssl=1&resize=1050%2C600 3x"},"classes":[]},{"id":971,"url":"https:\/\/www.ellensailing.se\/?p=971","url_meta":{"origin":1211,"position":1},"title":"Resten av Kielkanalen och att g\u00e5 i motstr\u00f6m!","author":"peter@ellensailing.se","date":"27 juni, 2016","format":false,"excerpt":"Vi gick upp p\u00e5 morgonen vid 08.00, dagen efter midsommar. Det har v\u00e4l aldrig h\u00e4nt. Vi kom in till Rehnsberg strax efter 11. Det blev en tur upp p\u00e5 staden f\u00f6r att f\u00e5 r\u00f6ra p\u00e5 benen lite. Det var en ganska mysig liten stad som man troligtvis aldrig hade kommit\u2026","rel":"","context":"I \u201dSommar 2016\u201d","block_context":{"text":"Sommar 2016","link":"https:\/\/www.ellensailing.se\/?cat=20"},"img":{"alt_text":"","src":"https:\/\/i0.wp.com\/www.ellensailing.se\/wp-content\/uploads\/2016\/06\/DSC_0321.jpg?fit=1200%2C797&ssl=1&resize=350%2C200","width":350,"height":200,"srcset":"https:\/\/i0.wp.com\/www.ellensailing.se\/wp-content\/uploads\/2016\/06\/DSC_0321.jpg?fit=1200%2C797&ssl=1&resize=350%2C200 1x, https:\/\/i0.wp.com\/www.ellensailing.se\/wp-content\/uploads\/2016\/06\/DSC_0321.jpg?fit=1200%2C797&ssl=1&resize=525%2C300 1.5x, https:\/\/i0.wp.com\/www.ellensailing.se\/wp-content\/uploads\/2016\/06\/DSC_0321.jpg?fit=1200%2C797&ssl=1&resize=700%2C400 2x, https:\/\/i0.wp.com\/www.ellensailing.se\/wp-content\/uploads\/2016\/06\/DSC_0321.jpg?fit=1200%2C797&ssl=1&resize=1050%2C600 3x"},"classes":[]},{"id":2543,"url":"https:\/\/www.ellensailing.se\/?p=2543","url_meta":{"origin":1211,"position":2},"title":"Med bil runt Anguilla, det \u00e4r inte stort!","author":"peter@ellensailing.se","date":"15 april, 2019","format":false,"excerpt":"I morse s\u00e5 \u00e5kte vi in till Elvis d\u00e4r bilen skulle levereras. Fick v\u00e4nta i en kvart, men vad \u00e4r det i Karibien. Inget \u00e4r p\u00e5 tid s\u00e5 det spelar ingen roll. Fick en pratstund med en av kompanjonerna p\u00e5 Elvis. \u00c5kte f\u00f6rst igenom staden men hade siktet in p\u00e5\u2026","rel":"","context":"I \u201dV\u00e4stindien 2019\u201d","block_context":{"text":"V\u00e4stindien 2019","link":"https:\/\/www.ellensailing.se\/?cat=25"},"img":{"alt_text":"","src":"https:\/\/i0.wp.com\/www.ellensailing.se\/wp-content\/uploads\/2019\/04\/4C439086-0CB2-4288-9263-ABA33BB08BE6.jpeg?fit=1200%2C800&ssl=1&resize=350%2C200","width":350,"height":200,"srcset":"https:\/\/i0.wp.com\/www.ellensailing.se\/wp-content\/uploads\/2019\/04\/4C439086-0CB2-4288-9263-ABA33BB08BE6.jpeg?fit=1200%2C800&ssl=1&resize=350%2C200 1x, https:\/\/i0.wp.com\/www.ellensailing.se\/wp-content\/uploads\/2019\/04\/4C439086-0CB2-4288-9263-ABA33BB08BE6.jpeg?fit=1200%2C800&ssl=1&resize=525%2C300 1.5x, https:\/\/i0.wp.com\/www.ellensailing.se\/wp-content\/uploads\/2019\/04\/4C439086-0CB2-4288-9263-ABA33BB08BE6.jpeg?fit=1200%2C800&ssl=1&resize=700%2C400 2x, https:\/\/i0.wp.com\/www.ellensailing.se\/wp-content\/uploads\/2019\/04\/4C439086-0CB2-4288-9263-ABA33BB08BE6.jpeg?fit=1200%2C800&ssl=1&resize=1050%2C600 3x"},"classes":[]},{"id":2341,"url":"https:\/\/www.ellensailing.se\/?p=2341","url_meta":{"origin":1211,"position":3},"title":"En underbar helg avslutas i Cambridge.","author":"peter@ellensailing.se","date":"21 oktober, 2018","format":false,"excerpt":"Efter en helt underbar helg i England avslutar vi den i den vackra staden Cambridge. Vi har g\u00e5tt och g\u00e5tt p\u00e5 alla m\u00f6jliga st\u00e4llen. Ig\u00e5r gick jag, Frank och Puppie hela v\u00e4gen fr\u00e5n deras hem till Burghley House. Det \u00e4r en helt enorm anl\u00e4ggning med v\u00e4ldigt stora parker. Efter promenade\u2026","rel":"","context":"I \u201dB\u00e5ten p\u00e5 land\u201d","block_context":{"text":"B\u00e5ten p\u00e5 land","link":"https:\/\/www.ellensailing.se\/?cat=3"},"img":{"alt_text":"","src":"https:\/\/i0.wp.com\/www.ellensailing.se\/wp-content\/uploads\/2018\/10\/EB772A42-690B-4401-BE7F-367271D5CFEE.jpeg?fit=1200%2C900&ssl=1&resize=350%2C200","width":350,"height":200,"srcset":"https:\/\/i0.wp.com\/www.ellensailing.se\/wp-content\/uploads\/2018\/10\/EB772A42-690B-4401-BE7F-367271D5CFEE.jpeg?fit=1200%2C900&ssl=1&resize=350%2C200 1x, https:\/\/i0.wp.com\/www.ellensailing.se\/wp-content\/uploads\/2018\/10\/EB772A42-690B-4401-BE7F-367271D5CFEE.jpeg?fit=1200%2C900&ssl=1&resize=525%2C300 1.5x, https:\/\/i0.wp.com\/www.ellensailing.se\/wp-content\/uploads\/2018\/10\/EB772A42-690B-4401-BE7F-367271D5CFEE.jpeg?fit=1200%2C900&ssl=1&resize=700%2C400 2x, https:\/\/i0.wp.com\/www.ellensailing.se\/wp-content\/uploads\/2018\/10\/EB772A42-690B-4401-BE7F-367271D5CFEE.jpeg?fit=1200%2C900&ssl=1&resize=1050%2C600 3x"},"classes":[]},{"id":543,"url":"https:\/\/www.ellensailing.se\/?p=543","url_meta":{"origin":1211,"position":4},"title":"En sk\u00f6n dag i Leba!","author":"peter@ellensailing.se","date":"16 juli, 2015","format":false,"excerpt":"Vi best\u00e4mde oss ig\u00e5r f\u00f6r att ligga kvar i Leba idag. Det g\u00f6r \u00e4ven Think Twice och Glittra. Christina blev magsjuk ig\u00e5r s\u00e5 hon tappade alla krafter. Vi kommer imorgon f\u00f6rhoppningsvis f\u00e5 bra v\u00e4der f\u00f6r \u00f6versegling fr\u00e5n Leba i Polen till Kalmar i Sverige. Det har bl\u00e5st ganska ordentligt de\u2026","rel":"","context":"I \u201dSommar 2015\u201d","block_context":{"text":"Sommar 2015","link":"https:\/\/www.ellensailing.se\/?cat=4"},"img":{"alt_text":"","src":"https:\/\/i0.wp.com\/www.ellensailing.se\/wp-content\/uploads\/2015\/07\/IMG_4385.jpg?fit=480%2C640&ssl=1&resize=350%2C200","width":350,"height":200},"classes":[]},{"id":997,"url":"https:\/\/www.ellensailing.se\/?p=997","url_meta":{"origin":1211,"position":5},"title":"Amsterdam i tv\u00e5 skepnader","author":"peter@ellensailing.se","date":"2 juli, 2016","format":false,"excerpt":"Vi kom till Amsterdam ig\u00e5r fredag. Som vanligt har det bl\u00e5st och regnat som tusan. Vi gick in mot Amsterdam p\u00e5 eftermiddagen. Hittade en pr\u00e5m som s\u00e5lde disel som var n\u00e4stan helt slut. Vi fick GTL disel som inte hade n\u00e5gon inblandning av RME i sig. Vi kom till Sixhaven\u2026","rel":"","context":"I \u201dSommar 2016\u201d","block_context":{"text":"Sommar 2016","link":"https:\/\/www.ellensailing.se\/?cat=20"},"img":{"alt_text":"","src":"https:\/\/i0.wp.com\/www.ellensailing.se\/wp-content\/uploads\/2016\/07\/IMG_5258.jpg?fit=1200%2C900&ssl=1&resize=350%2C200","width":350,"height":200,"srcset":"https:\/\/i0.wp.com\/www.ellensailing.se\/wp-content\/uploads\/2016\/07\/IMG_5258.jpg?fit=1200%2C900&ssl=1&resize=350%2C200 1x, https:\/\/i0.wp.com\/www.ellensailing.se\/wp-content\/uploads\/2016\/07\/IMG_5258.jpg?fit=1200%2C900&ssl=1&resize=525%2C300 1.5x, https:\/\/i0.wp.com\/www.ellensailing.se\/wp-content\/uploads\/2016\/07\/IMG_5258.jpg?fit=1200%2C900&ssl=1&resize=700%2C400 2x, https:\/\/i0.wp.com\/www.ellensailing.se\/wp-content\/uploads\/2016\/07\/IMG_5258.jpg?fit=1200%2C900&ssl=1&resize=1050%2C600 3x"},"classes":[]}],"jetpack_likes_enabled":false,"_links":{"self":[{"href":"https:\/\/www.ellensailing.se\/index.php?rest_route=\/wp\/v2\/posts\/1211","targetHints":{"allow":["GET"]}}],"collection":[{"href":"https:\/\/www.ellensailing.se\/index.php?rest_route=\/wp\/v2\/posts"}],"about":[{"href":"https:\/\/www.ellensailing.se\/index.php?rest_route=\/wp\/v2\/types\/post"}],"author":[{"embeddable":true,"href":"https:\/\/www.ellensailing.se\/index.php?rest_route=\/wp\/v2\/users\/1"}],"replies":[{"embeddable":true,"href":"https:\/\/www.ellensailing.se\/index.php?rest_route=%2Fwp%2Fv2%2Fcomments&post=1211"}],"version-history":[{"count":2,"href":"https:\/\/www.ellensailing.se\/index.php?rest_route=\/wp\/v2\/posts\/1211\/revisions"}],"predecessor-version":[{"id":1227,"href":"https:\/\/www.ellensailing.se\/index.php?rest_route=\/wp\/v2\/posts\/1211\/revisions\/1227"}],"wp:featuredmedia":[{"embeddable":true,"href":"https:\/\/www.ellensailing.se\/index.php?rest_route=\/wp\/v2\/media\/1219"}],"wp:attachment":[{"href":"https:\/\/www.ellensailing.se\/index.php?rest_route=%2Fwp%2Fv2%2Fmedia&parent=1211"}],"wp:term":[{"taxonomy":"category","embeddable":true,"href":"https:\/\/www.ellensailing.se\/index.php?rest_route=%2Fwp%2Fv2%2Fcategories&post=1211"},{"taxonomy":"post_tag","embeddable":true,"href":"https:\/\/www.ellensailing.se\/index.php?rest_route=%2Fwp%2Fv2%2Ftags&post=1211"}],"curies":[{"name":"wp","href":"https:\/\/api.w.org\/{rel}","templated":true}]}}