{"id":1198,"date":"2017-09-07T09:23:53","date_gmt":"2017-09-07T07:23:53","guid":{"rendered":"https:\/\/www.ellensailing.se\/?p=1198"},"modified":"2017-09-07T09:23:53","modified_gmt":"2017-09-07T07:23:53","slug":"biscaya-avklarat-och-vart-forsta-tonfisk-fangad","status":"publish","type":"post","link":"https:\/\/www.ellensailing.se\/?p=1198","title":{"rendered":"Biscaya avklarat och v\u00e5rt f\u00f6rsta tonfisk f\u00e5ngad!"},"content":{"rendered":"<p>Nu har vi \u00e4ntligen klarat av att korsa Biscaya! Ingen av oss har gjort det f\u00f6rut och det \u00e4r en skr\u00e4ckblandad f\u00f6rtjusning att passera. Har aldrig varit med om att det kan vara s\u00e5 branta klippor mellan 4000 meter djupt till 150 meter p\u00e5 olika st\u00e4llen. F\u00f6rst\u00e5r att det kan bli tuffa f\u00f6rh\u00e5llanden h\u00e4r men v\u00e5r egna v\u00e4derroting funkade v\u00e4ldigt bra och den f\u00f6ll faktiskt in till hundra procent.<\/p>\n<figure id=\"attachment_1206\" aria-describedby=\"caption-attachment-1206\" style=\"width: 640px\" class=\"wp-caption aligncenter\"><a href=\"https:\/\/i0.wp.com\/www.ellensailing.se\/wp-content\/uploads\/2017\/09\/DSC2188.jpg?ssl=1\"><img data-recalc-dims=\"1\" fetchpriority=\"high\" decoding=\"async\" class=\"wp-image-1206 size-large\" src=\"https:\/\/i0.wp.com\/www.ellensailing.se\/wp-content\/uploads\/2017\/09\/DSC2188.jpg?resize=640%2C428&#038;ssl=1\" alt=\"\" width=\"640\" height=\"428\" srcset=\"https:\/\/i0.wp.com\/www.ellensailing.se\/wp-content\/uploads\/2017\/09\/DSC2188.jpg?resize=1024%2C684&amp;ssl=1 1024w, https:\/\/i0.wp.com\/www.ellensailing.se\/wp-content\/uploads\/2017\/09\/DSC2188.jpg?resize=300%2C200&amp;ssl=1 300w, https:\/\/i0.wp.com\/www.ellensailing.se\/wp-content\/uploads\/2017\/09\/DSC2188.jpg?resize=768%2C513&amp;ssl=1 768w, https:\/\/i0.wp.com\/www.ellensailing.se\/wp-content\/uploads\/2017\/09\/DSC2188.jpg?w=1680&amp;ssl=1 1680w, https:\/\/i0.wp.com\/www.ellensailing.se\/wp-content\/uploads\/2017\/09\/DSC2188.jpg?w=2520&amp;ssl=1 2520w\" sizes=\"(max-width: 640px) 100vw, 640px\" \/><\/a><figcaption id=\"caption-attachment-1206\" class=\"wp-caption-text\">Vindstilla p\u00e5 Biscayan!<\/figcaption><\/figure>\n<p>Det \u00e4r med stor respekt man ger sig ut fr\u00e5n La Rochelle, v\u00e5r plan var att g\u00e5 med str\u00f6mmen ut f\u00f6r att f\u00e5 tillr\u00e4ckligt med djup n\u00e4r det\u00a0\u00e4r h\u00f6gvatten\u00a0och bra driv med str\u00f6mmen ut. Vi visste att det skulle bli kryss, men det har vi ju haft hela tiden s\u00e5 vad \u00e4r skillnaden. Vi gick p\u00e5 en bog rakt v\u00e4sterut fr\u00e5n La Rochelle i fyra timmar, sedan slog vi mot SW, men str\u00f6mmar etc. tryckte oss mot\u00a0 Bilbao. Men efter ett tag s\u00e5 lyfte vi. Enligt v\u00e5r prognos skulle vinden v\u00e4nda p\u00e5 tisdagen mot NW vid 17 tiden. Med facit i hand s\u00e5 blev det s\u00e5 och vi kunde lyfta dit vi skulle.<\/p>\n<p>Vi fick helt vindstilla p\u00e5 m\u00e5ndag natt vilket gjorde att Yalle fick jobba lite. Vid sju kom vinden \u00e5ter och vi kunde\u00a0\u00a0 segla igen. Det var fullm\u00e5ne s\u00e5 det var hyggligt ljust ute.<\/p>\n<figure id=\"attachment_1208\" aria-describedby=\"caption-attachment-1208\" style=\"width: 640px\" class=\"wp-caption aligncenter\"><a href=\"https:\/\/i0.wp.com\/www.ellensailing.se\/wp-content\/uploads\/2017\/09\/DSC2211-e1504732722542.jpg?ssl=1\"><img data-recalc-dims=\"1\" decoding=\"async\" class=\"wp-image-1208 size-large\" src=\"https:\/\/i0.wp.com\/www.ellensailing.se\/wp-content\/uploads\/2017\/09\/DSC2211-e1504732722542-684x1024.jpg?resize=640%2C958&#038;ssl=1\" alt=\"\" width=\"640\" height=\"958\" srcset=\"https:\/\/i0.wp.com\/www.ellensailing.se\/wp-content\/uploads\/2017\/09\/DSC2211-e1504732722542.jpg?resize=684%2C1024&amp;ssl=1 684w, https:\/\/i0.wp.com\/www.ellensailing.se\/wp-content\/uploads\/2017\/09\/DSC2211-e1504732722542.jpg?resize=201%2C300&amp;ssl=1 201w, https:\/\/i0.wp.com\/www.ellensailing.se\/wp-content\/uploads\/2017\/09\/DSC2211-e1504732722542.jpg?resize=768%2C1149&amp;ssl=1 768w, https:\/\/i0.wp.com\/www.ellensailing.se\/wp-content\/uploads\/2017\/09\/DSC2211-e1504732722542.jpg?w=2000&amp;ssl=1 2000w, https:\/\/i0.wp.com\/www.ellensailing.se\/wp-content\/uploads\/2017\/09\/DSC2211-e1504732722542.jpg?w=1680&amp;ssl=1 1680w\" sizes=\"(max-width: 640px) 100vw, 640px\" \/><\/a><figcaption id=\"caption-attachment-1208\" class=\"wp-caption-text\">Fullm\u00e5ne \u00f6ver Biscaya<\/figcaption><\/figure>\n<p>&nbsp;<\/p>\n<p>Redan vid La Rochelle s\u00e5 hojta Lasse att han s\u00e5g fisk som hoppade vi b\u00e5ten, fyra olika tonfisk som hoppade och det resulterade i att vi sl\u00e4ngde ut draget! Sl\u00e4ngde ut kroken s\u00e5 att s\u00e4ga!<\/p>\n<p>I tisdags n\u00e4r Lasse skulle skota om storen tyckte han att det l\u00e4t m\u00e4rkligt i bak fr\u00e5n fiskesp\u00f6t! Hj\u00e4lp, napp v\u00e5r f\u00f6rsta tonfisk. Jackline gl\u00f6mde att sakta ner och Lasse var helt fokus f\u00f6r att f\u00e5 upp fisken. Jag hade g\u00e5tt av mitt pass och fick springa upp f\u00f6r att hj\u00e4lpa till. P\u00e5 med seglingshandskarna. Vi har gl\u00f6mt k\u00f6pt huggkrok s\u00e5 jag fick ta med h\u00e4nderna.<\/p>\n<figure id=\"attachment_1200\" aria-describedby=\"caption-attachment-1200\" style=\"width: 640px\" class=\"wp-caption aligncenter\"><a href=\"https:\/\/i0.wp.com\/www.ellensailing.se\/wp-content\/uploads\/2017\/09\/DSC2194.jpg?ssl=1\"><img data-recalc-dims=\"1\" decoding=\"async\" class=\"wp-image-1200 size-large\" src=\"https:\/\/i0.wp.com\/www.ellensailing.se\/wp-content\/uploads\/2017\/09\/DSC2194.jpg?resize=640%2C428&#038;ssl=1\" alt=\"\" width=\"640\" height=\"428\" srcset=\"https:\/\/i0.wp.com\/www.ellensailing.se\/wp-content\/uploads\/2017\/09\/DSC2194.jpg?resize=1024%2C684&amp;ssl=1 1024w, https:\/\/i0.wp.com\/www.ellensailing.se\/wp-content\/uploads\/2017\/09\/DSC2194.jpg?resize=300%2C200&amp;ssl=1 300w, https:\/\/i0.wp.com\/www.ellensailing.se\/wp-content\/uploads\/2017\/09\/DSC2194.jpg?resize=768%2C513&amp;ssl=1 768w, https:\/\/i0.wp.com\/www.ellensailing.se\/wp-content\/uploads\/2017\/09\/DSC2194.jpg?w=1680&amp;ssl=1 1680w, https:\/\/i0.wp.com\/www.ellensailing.se\/wp-content\/uploads\/2017\/09\/DSC2194.jpg?w=2520&amp;ssl=1 2520w\" sizes=\"(max-width: 640px) 100vw, 640px\" \/><\/a><figcaption id=\"caption-attachment-1200\" class=\"wp-caption-text\">Lasse fiskar upp en tonfisk!<\/figcaption><\/figure>\n<p>Helt sjukt vad det blir blod n\u00e4r man tar ut en tonfisk. Tur att Lasse fick en flaska vodka att h\u00e4lla i g\u00e4larna ( bara lite allts\u00e5). De d\u00f6r d\u00e5 omedelbart. Tonfisken skall grillas som kotletter n\u00e4r vi kommer fram till A Couruna.<\/p>\n<figure id=\"attachment_1203\" aria-describedby=\"caption-attachment-1203\" style=\"width: 640px\" class=\"wp-caption aligncenter\"><a href=\"https:\/\/i0.wp.com\/www.ellensailing.se\/wp-content\/uploads\/2017\/09\/DSC2203.jpg?ssl=1\"><img data-recalc-dims=\"1\" loading=\"lazy\" decoding=\"async\" class=\"wp-image-1203 size-large\" src=\"https:\/\/i0.wp.com\/www.ellensailing.se\/wp-content\/uploads\/2017\/09\/DSC2203.jpg?resize=640%2C428&#038;ssl=1\" alt=\"\" width=\"640\" height=\"428\" srcset=\"https:\/\/i0.wp.com\/www.ellensailing.se\/wp-content\/uploads\/2017\/09\/DSC2203.jpg?resize=1024%2C684&amp;ssl=1 1024w, https:\/\/i0.wp.com\/www.ellensailing.se\/wp-content\/uploads\/2017\/09\/DSC2203.jpg?resize=300%2C200&amp;ssl=1 300w, https:\/\/i0.wp.com\/www.ellensailing.se\/wp-content\/uploads\/2017\/09\/DSC2203.jpg?resize=768%2C513&amp;ssl=1 768w, https:\/\/i0.wp.com\/www.ellensailing.se\/wp-content\/uploads\/2017\/09\/DSC2203.jpg?w=1680&amp;ssl=1 1680w, https:\/\/i0.wp.com\/www.ellensailing.se\/wp-content\/uploads\/2017\/09\/DSC2203.jpg?w=2520&amp;ssl=1 2520w\" sizes=\"(max-width: 640px) 100vw, 640px\" \/><\/a><figcaption id=\"caption-attachment-1203\" class=\"wp-caption-text\">Blir lite st\u00e4dande efter rensning!<\/figcaption><\/figure>\n<p>Seglingen har varit helt underbar med en skr\u00e4ckblandad f\u00f6rtjusning. Det \u00e4r ett riktigt stort hav och inga b\u00e5tar. Man \u00e4r riktigt ensam.<\/p>\n<figure id=\"attachment_1204\" aria-describedby=\"caption-attachment-1204\" style=\"width: 640px\" class=\"wp-caption aligncenter\"><a href=\"https:\/\/i0.wp.com\/www.ellensailing.se\/wp-content\/uploads\/2017\/09\/DSC2169.jpg?ssl=1\"><img data-recalc-dims=\"1\" loading=\"lazy\" decoding=\"async\" class=\"wp-image-1204 size-large\" src=\"https:\/\/i0.wp.com\/www.ellensailing.se\/wp-content\/uploads\/2017\/09\/DSC2169.jpg?resize=640%2C428&#038;ssl=1\" alt=\"\" width=\"640\" height=\"428\" srcset=\"https:\/\/i0.wp.com\/www.ellensailing.se\/wp-content\/uploads\/2017\/09\/DSC2169.jpg?resize=1024%2C684&amp;ssl=1 1024w, https:\/\/i0.wp.com\/www.ellensailing.se\/wp-content\/uploads\/2017\/09\/DSC2169.jpg?resize=300%2C200&amp;ssl=1 300w, https:\/\/i0.wp.com\/www.ellensailing.se\/wp-content\/uploads\/2017\/09\/DSC2169.jpg?resize=768%2C513&amp;ssl=1 768w, https:\/\/i0.wp.com\/www.ellensailing.se\/wp-content\/uploads\/2017\/09\/DSC2169.jpg?w=1680&amp;ssl=1 1680w, https:\/\/i0.wp.com\/www.ellensailing.se\/wp-content\/uploads\/2017\/09\/DSC2169.jpg?w=2520&amp;ssl=1 2520w\" sizes=\"(max-width: 640px) 100vw, 640px\" \/><\/a><figcaption id=\"caption-attachment-1204\" class=\"wp-caption-text\">Man kan fantisera mycket p\u00e5 havet men visst ser det ut som en hund!<\/figcaption><\/figure>\n<p>Sk\u00f6nt att vara framme. Vi har flera b\u00e5tar som skall med ARC som \u00e4r svenskar och vi kommer nog f\u00f6ljas vid en bit ned. Den andra Ellen (en Najad 460) och Salsa kommer g\u00e5 vidare idag fr\u00e5n A Couruna ner mot riorna i Spanien.<\/p>\n<figure id=\"attachment_1199\" aria-describedby=\"caption-attachment-1199\" style=\"width: 640px\" class=\"wp-caption aligncenter\"><a href=\"https:\/\/i0.wp.com\/www.ellensailing.se\/wp-content\/uploads\/2017\/09\/DSC2193.jpg?ssl=1\"><img data-recalc-dims=\"1\" loading=\"lazy\" decoding=\"async\" class=\"wp-image-1199 size-large\" src=\"https:\/\/i0.wp.com\/www.ellensailing.se\/wp-content\/uploads\/2017\/09\/DSC2193.jpg?resize=640%2C428&#038;ssl=1\" alt=\"\" width=\"640\" height=\"428\" srcset=\"https:\/\/i0.wp.com\/www.ellensailing.se\/wp-content\/uploads\/2017\/09\/DSC2193.jpg?resize=1024%2C684&amp;ssl=1 1024w, https:\/\/i0.wp.com\/www.ellensailing.se\/wp-content\/uploads\/2017\/09\/DSC2193.jpg?resize=300%2C200&amp;ssl=1 300w, https:\/\/i0.wp.com\/www.ellensailing.se\/wp-content\/uploads\/2017\/09\/DSC2193.jpg?resize=768%2C513&amp;ssl=1 768w, https:\/\/i0.wp.com\/www.ellensailing.se\/wp-content\/uploads\/2017\/09\/DSC2193.jpg?w=1680&amp;ssl=1 1680w, https:\/\/i0.wp.com\/www.ellensailing.se\/wp-content\/uploads\/2017\/09\/DSC2193.jpg?w=2520&amp;ssl=1 2520w\" sizes=\"(max-width: 640px) 100vw, 640px\" \/><\/a><figcaption id=\"caption-attachment-1199\" class=\"wp-caption-text\">Det har g\u00e5tt bra f\u00f6r Jackelina \u00f6ver Biscayan, eller Pirajan som hon s\u00e4ger.<\/figcaption><\/figure>\n<p>&nbsp;<\/p>\n<p>&nbsp;<\/p>\n","protected":false},"excerpt":{"rendered":"<p>Nu har vi \u00e4ntligen klarat av att korsa Biscaya! Ingen av oss har gjort det f\u00f6rut och det \u00e4r en[&#8230;]<\/p>\n","protected":false},"author":1,"featured_media":1201,"comment_status":"open","ping_status":"open","sticky":false,"template":"","format":"standard","meta":{"_jetpack_newsletter_access":"","_jetpack_dont_email_post_to_subs":false,"_jetpack_newsletter_tier_id":0,"_jetpack_memberships_contains_paywalled_content":false,"_jetpack_feature_clip_id":0,"_jetpack_memberships_contains_paid_content":false,"footnotes":"","jetpack_publicize_message":"","jetpack_publicize_feature_enabled":true,"jetpack_social_post_already_shared":true,"jetpack_social_options":{"image_generator_settings":{"template":"highway","default_image_id":0,"font":"","enabled":false},"version":2},"jetpack_post_was_ever_published":false},"categories":[22],"tags":[],"class_list":["post-1198","post","type-post","status-publish","format-standard","has-post-thumbnail","hentry","category-host-2017-till-cc"],"jetpack_publicize_connections":[],"jetpack_featured_media_url":"https:\/\/i0.wp.com\/www.ellensailing.se\/wp-content\/uploads\/2017\/09\/DSC2200-e1504768850168.jpg?fit=2000%2C2992&ssl=1","jetpack_sharing_enabled":true,"jetpack_shortlink":"https:\/\/wp.me\/p5G68R-jk","jetpack-related-posts":[{"id":1463,"url":"https:\/\/www.ellensailing.se\/?p=1463","url_meta":{"origin":1198,"position":0},"title":"Valar i massor!","author":"peter@ellensailing.se","date":"20 oktober, 2017","format":false,"excerpt":"Det vi hoppades p\u00e5 var att f\u00e5 se valar n\u00e4r vi g\u00e5r mellan La Gomera och Teneriffa, men att vi skulle f\u00e5 se s\u00e5 m\u00e5nga och p\u00e5 s\u00e5 n\u00e4ra h\u00e5ll hade man inte trott. Det var s\u00e4kert ca 10 stycken olika valar. Runt fem stycken var bara en meter fr\u00e5n\u2026","rel":"","context":"I \u201dH\u00f6st 2017 till Grand Canrias.\u201d","block_context":{"text":"H\u00f6st 2017 till Grand Canrias.","link":"https:\/\/www.ellensailing.se\/?cat=22"},"img":{"alt_text":"","src":"https:\/\/i0.wp.com\/www.ellensailing.se\/wp-content\/uploads\/2017\/10\/DSC3977.jpg?fit=1200%2C802&ssl=1&resize=350%2C200","width":350,"height":200,"srcset":"https:\/\/i0.wp.com\/www.ellensailing.se\/wp-content\/uploads\/2017\/10\/DSC3977.jpg?fit=1200%2C802&ssl=1&resize=350%2C200 1x, https:\/\/i0.wp.com\/www.ellensailing.se\/wp-content\/uploads\/2017\/10\/DSC3977.jpg?fit=1200%2C802&ssl=1&resize=525%2C300 1.5x, https:\/\/i0.wp.com\/www.ellensailing.se\/wp-content\/uploads\/2017\/10\/DSC3977.jpg?fit=1200%2C802&ssl=1&resize=700%2C400 2x, https:\/\/i0.wp.com\/www.ellensailing.se\/wp-content\/uploads\/2017\/10\/DSC3977.jpg?fit=1200%2C802&ssl=1&resize=1050%2C600 3x"},"classes":[]},{"id":1211,"url":"https:\/\/www.ellensailing.se\/?p=1211","url_meta":{"origin":1198,"position":1},"title":"Nu har vi l\u00e4mnat A Coruna och ligger p\u00e5 svaj i en liten fiskeby!","author":"peter@ellensailing.se","date":"9 september, 2017","format":false,"excerpt":"Vi har haft n\u00e5gra sk\u00f6na dagar i A Coruna som \u00e4r en helt underbar liten stad, stor men liten. Finns s\u00e5 mycket att se och de har helt underbara ytor f\u00f6r folk att r\u00f6ra sig p\u00e5, och folk \u00e4r verkligen ute och r\u00f6r sig. Fina cykelv\u00e4gar runt hela staden, g\u00e5ngpromenader,\u2026","rel":"","context":"I \u201dH\u00f6st 2017 till Grand Canrias.\u201d","block_context":{"text":"H\u00f6st 2017 till Grand Canrias.","link":"https:\/\/www.ellensailing.se\/?cat=22"},"img":{"alt_text":"","src":"https:\/\/i0.wp.com\/www.ellensailing.se\/wp-content\/uploads\/2017\/09\/DSC2328.jpg?fit=1200%2C802&ssl=1&resize=350%2C200","width":350,"height":200,"srcset":"https:\/\/i0.wp.com\/www.ellensailing.se\/wp-content\/uploads\/2017\/09\/DSC2328.jpg?fit=1200%2C802&ssl=1&resize=350%2C200 1x, https:\/\/i0.wp.com\/www.ellensailing.se\/wp-content\/uploads\/2017\/09\/DSC2328.jpg?fit=1200%2C802&ssl=1&resize=525%2C300 1.5x, https:\/\/i0.wp.com\/www.ellensailing.se\/wp-content\/uploads\/2017\/09\/DSC2328.jpg?fit=1200%2C802&ssl=1&resize=700%2C400 2x, https:\/\/i0.wp.com\/www.ellensailing.se\/wp-content\/uploads\/2017\/09\/DSC2328.jpg?fit=1200%2C802&ssl=1&resize=1050%2C600 3x"},"classes":[]},{"id":1180,"url":"https:\/\/www.ellensailing.se\/?p=1180","url_meta":{"origin":1198,"position":2},"title":"La Rochelle och nu \u00e4r vi p\u00e5 v\u00e4g.","author":"peter@ellensailing.se","date":"3 september, 2017","format":false,"excerpt":"\u00c4ntligen \u00e4r det dagen D. Tj\u00e4nstledigheten \u00e4r p\u00e5b\u00f6rjad sedan i fredags. Vi startade v\u00e4ldigt tidigt f\u00f6r att jag tror nog ingen sov s\u00e5 bra dagen innan. Jackline var uppe mycket tidigt och b\u00f6rjade strosa runt i Duvbo. Har nog aldrig varit med om s\u00e5 mycket folk p\u00e5 Arlanda. K\u00f6n till\u2026","rel":"","context":"I \u201dH\u00f6st 2017 till Grand Canrias.\u201d","block_context":{"text":"H\u00f6st 2017 till Grand Canrias.","link":"https:\/\/www.ellensailing.se\/?cat=22"},"img":{"alt_text":"","src":"https:\/\/i0.wp.com\/www.ellensailing.se\/wp-content\/uploads\/2017\/09\/20170903_122117-e1504461598508.jpg?fit=900%2C1200&ssl=1&resize=350%2C200","width":350,"height":200,"srcset":"https:\/\/i0.wp.com\/www.ellensailing.se\/wp-content\/uploads\/2017\/09\/20170903_122117-e1504461598508.jpg?fit=900%2C1200&ssl=1&resize=350%2C200 1x, https:\/\/i0.wp.com\/www.ellensailing.se\/wp-content\/uploads\/2017\/09\/20170903_122117-e1504461598508.jpg?fit=900%2C1200&ssl=1&resize=525%2C300 1.5x, https:\/\/i0.wp.com\/www.ellensailing.se\/wp-content\/uploads\/2017\/09\/20170903_122117-e1504461598508.jpg?fit=900%2C1200&ssl=1&resize=700%2C400 2x"},"classes":[]},{"id":1043,"url":"https:\/\/www.ellensailing.se\/?p=1043","url_meta":{"origin":1198,"position":3},"title":"Flygande \u00f6verfart \u00f6ver Dover Strait!","author":"peter@ellensailing.se","date":"7 juli, 2016","format":false,"excerpt":"Vi l\u00e4mnade Frankrike i morse d\u00e5 vi r\u00e4knat ut att vi borde ha medstr\u00f6ms \u00f6ver kanalen. F\u00e5r lov att tacka Carl-H\u00e5kan p\u00e5 OSK som l\u00e4rt oss n\u00e5got. Funkade fantastisk bra. Att segla \u00f6ver denna str\u00e4cka \u00e4r 40 distansminuter s\u00e5 det g\u00e4llde att vara \u00f6ver innan klockan 3 f\u00f6r d\u00e5 v\u00e4nder\u2026","rel":"","context":"I \u201dSommar 2016\u201d","block_context":{"text":"Sommar 2016","link":"https:\/\/www.ellensailing.se\/?cat=20"},"img":{"alt_text":"","src":"https:\/\/i0.wp.com\/www.ellensailing.se\/wp-content\/uploads\/2016\/07\/DSC_0872.jpg?fit=1200%2C797&ssl=1&resize=350%2C200","width":350,"height":200,"srcset":"https:\/\/i0.wp.com\/www.ellensailing.se\/wp-content\/uploads\/2016\/07\/DSC_0872.jpg?fit=1200%2C797&ssl=1&resize=350%2C200 1x, https:\/\/i0.wp.com\/www.ellensailing.se\/wp-content\/uploads\/2016\/07\/DSC_0872.jpg?fit=1200%2C797&ssl=1&resize=525%2C300 1.5x, https:\/\/i0.wp.com\/www.ellensailing.se\/wp-content\/uploads\/2016\/07\/DSC_0872.jpg?fit=1200%2C797&ssl=1&resize=700%2C400 2x, https:\/\/i0.wp.com\/www.ellensailing.se\/wp-content\/uploads\/2016\/07\/DSC_0872.jpg?fit=1200%2C797&ssl=1&resize=1050%2C600 3x"},"classes":[]},{"id":1438,"url":"https:\/\/www.ellensailing.se\/?p=1438","url_meta":{"origin":1198,"position":4},"title":"Turistande i Lanzarote!","author":"peter@ellensailing.se","date":"15 oktober, 2017","format":false,"excerpt":"I fredags s\u00e5 var vi riktiga turister p\u00e5 Lanzarote. Vi hyrde en Fiat 500 och \u00e5kte runt p\u00e5 \u00f6n. Vi b\u00f6rjade med att \u00e5ka till nationalparken som var ett riktigt vulkanomr\u00e5de. Det heter Timanfaya. D\u00e4r \u00e5kte man runt med buss uppe bland kratrarna. Strax under marken \u00e4r det supervarmt. K\u00e4nns\u2026","rel":"","context":"I \u201dH\u00f6st 2017 till Grand Canrias.\u201d","block_context":{"text":"H\u00f6st 2017 till Grand Canrias.","link":"https:\/\/www.ellensailing.se\/?cat=22"},"img":{"alt_text":"","src":"https:\/\/i0.wp.com\/www.ellensailing.se\/wp-content\/uploads\/2017\/10\/GOPR0458.jpg?fit=1200%2C900&ssl=1&resize=350%2C200","width":350,"height":200,"srcset":"https:\/\/i0.wp.com\/www.ellensailing.se\/wp-content\/uploads\/2017\/10\/GOPR0458.jpg?fit=1200%2C900&ssl=1&resize=350%2C200 1x, https:\/\/i0.wp.com\/www.ellensailing.se\/wp-content\/uploads\/2017\/10\/GOPR0458.jpg?fit=1200%2C900&ssl=1&resize=525%2C300 1.5x, https:\/\/i0.wp.com\/www.ellensailing.se\/wp-content\/uploads\/2017\/10\/GOPR0458.jpg?fit=1200%2C900&ssl=1&resize=700%2C400 2x, https:\/\/i0.wp.com\/www.ellensailing.se\/wp-content\/uploads\/2017\/10\/GOPR0458.jpg?fit=1200%2C900&ssl=1&resize=1050%2C600 3x"},"classes":[]},{"id":3681,"url":"https:\/\/www.ellensailing.se\/?p=3681","url_meta":{"origin":1198,"position":5},"title":"Dykning med Top Dive","author":"peter@ellensailing.se","date":"30 april, 2024","format":false,"excerpt":"Idag var det dags f\u00f6r mig och Ola att dyka. Vi hade bokat med Top Dive tv\u00e5 stycken dyk. Funktionsdugligt men inte mer Ligger lugnt iaf Dykb\u00e5ten var ganska skruttig Vi d\u00f6k h\u00e4r i Fakarava south i inpasseringssystem sundet till atollen. D\u00e4r finns Wall of Shark. Helt otroligt med hajar.\u2026","rel":"","context":"I \u201dS\u00f6derhavet\u201d","block_context":{"text":"S\u00f6derhavet","link":"https:\/\/www.ellensailing.se\/?cat=33"},"img":{"alt_text":"","src":"https:\/\/i0.wp.com\/www.ellensailing.se\/wp-content\/uploads\/2024\/04\/gptempdownload-12-1-1.jpg?fit=1200%2C900&ssl=1&resize=350%2C200","width":350,"height":200,"srcset":"https:\/\/i0.wp.com\/www.ellensailing.se\/wp-content\/uploads\/2024\/04\/gptempdownload-12-1-1.jpg?fit=1200%2C900&ssl=1&resize=350%2C200 1x, https:\/\/i0.wp.com\/www.ellensailing.se\/wp-content\/uploads\/2024\/04\/gptempdownload-12-1-1.jpg?fit=1200%2C900&ssl=1&resize=525%2C300 1.5x, https:\/\/i0.wp.com\/www.ellensailing.se\/wp-content\/uploads\/2024\/04\/gptempdownload-12-1-1.jpg?fit=1200%2C900&ssl=1&resize=700%2C400 2x, https:\/\/i0.wp.com\/www.ellensailing.se\/wp-content\/uploads\/2024\/04\/gptempdownload-12-1-1.jpg?fit=1200%2C900&ssl=1&resize=1050%2C600 3x"},"classes":[]}],"jetpack_likes_enabled":false,"_links":{"self":[{"href":"https:\/\/www.ellensailing.se\/index.php?rest_route=\/wp\/v2\/posts\/1198","targetHints":{"allow":["GET"]}}],"collection":[{"href":"https:\/\/www.ellensailing.se\/index.php?rest_route=\/wp\/v2\/posts"}],"about":[{"href":"https:\/\/www.ellensailing.se\/index.php?rest_route=\/wp\/v2\/types\/post"}],"author":[{"embeddable":true,"href":"https:\/\/www.ellensailing.se\/index.php?rest_route=\/wp\/v2\/users\/1"}],"replies":[{"embeddable":true,"href":"https:\/\/www.ellensailing.se\/index.php?rest_route=%2Fwp%2Fv2%2Fcomments&post=1198"}],"version-history":[{"count":2,"href":"https:\/\/www.ellensailing.se\/index.php?rest_route=\/wp\/v2\/posts\/1198\/revisions"}],"predecessor-version":[{"id":1210,"href":"https:\/\/www.ellensailing.se\/index.php?rest_route=\/wp\/v2\/posts\/1198\/revisions\/1210"}],"wp:featuredmedia":[{"embeddable":true,"href":"https:\/\/www.ellensailing.se\/index.php?rest_route=\/wp\/v2\/media\/1201"}],"wp:attachment":[{"href":"https:\/\/www.ellensailing.se\/index.php?rest_route=%2Fwp%2Fv2%2Fmedia&parent=1198"}],"wp:term":[{"taxonomy":"category","embeddable":true,"href":"https:\/\/www.ellensailing.se\/index.php?rest_route=%2Fwp%2Fv2%2Fcategories&post=1198"},{"taxonomy":"post_tag","embeddable":true,"href":"https:\/\/www.ellensailing.se\/index.php?rest_route=%2Fwp%2Fv2%2Ftags&post=1198"}],"curies":[{"name":"wp","href":"https:\/\/api.w.org\/{rel}","templated":true}]}}