{"id":1180,"date":"2017-09-03T20:31:17","date_gmt":"2017-09-03T18:31:17","guid":{"rendered":"https:\/\/www.ellensailing.se\/?p=1180"},"modified":"2017-09-03T20:31:17","modified_gmt":"2017-09-03T18:31:17","slug":"la-rochelle-och-nu-ar-vi-pa-vag","status":"publish","type":"post","link":"https:\/\/www.ellensailing.se\/?p=1180","title":{"rendered":"La Rochelle och nu \u00e4r vi p\u00e5 v\u00e4g."},"content":{"rendered":"<p>\u00c4ntligen \u00e4r det dagen D. Tj\u00e4nstledigheten \u00e4r p\u00e5b\u00f6rjad sedan i fredags. Vi startade v\u00e4ldigt tidigt f\u00f6r att jag tror nog ingen sov s\u00e5 bra dagen innan. Jackline var uppe mycket tidigt och b\u00f6rjade strosa runt i Duvbo. Har nog aldrig varit med om s\u00e5 mycket folk p\u00e5 Arlanda. K\u00f6n till s\u00e4kerhetskontrollen var s\u00e4kert 100 meter l\u00e5ng. Lite problem var det med min v\u00e4ska som var f\u00f6r l\u00e5ng och v\u00e4gde 28 kilo, fick g\u00e5 som specialbagage. N\u00e4r vi kom till Paris som kom den inte alls till att b\u00f6rja med, men efter mycket om och men kom den. K\u00f6rde de 50 milen ner till La Rochelle, mycket fina v\u00e4gar tycker jag.<\/p>\n<figure id=\"attachment_1184\" aria-describedby=\"caption-attachment-1184\" style=\"width: 640px\" class=\"wp-caption aligncenter\"><a href=\"https:\/\/i0.wp.com\/www.ellensailing.se\/wp-content\/uploads\/2017\/09\/20170903_122117.jpg?ssl=1\"><img data-recalc-dims=\"1\" fetchpriority=\"high\" decoding=\"async\" class=\"wp-image-1184 size-large\" src=\"https:\/\/i0.wp.com\/www.ellensailing.se\/wp-content\/uploads\/2017\/09\/20170903_122117-e1504461598508-768x1024.jpg?resize=640%2C853&#038;ssl=1\" alt=\"\" width=\"640\" height=\"853\" srcset=\"https:\/\/i0.wp.com\/www.ellensailing.se\/wp-content\/uploads\/2017\/09\/20170903_122117-e1504461598508.jpg?resize=768%2C1024&amp;ssl=1 768w, https:\/\/i0.wp.com\/www.ellensailing.se\/wp-content\/uploads\/2017\/09\/20170903_122117-e1504461598508.jpg?resize=225%2C300&amp;ssl=1 225w, https:\/\/i0.wp.com\/www.ellensailing.se\/wp-content\/uploads\/2017\/09\/20170903_122117-e1504461598508.jpg?w=1680&amp;ssl=1 1680w, https:\/\/i0.wp.com\/www.ellensailing.se\/wp-content\/uploads\/2017\/09\/20170903_122117-e1504461598508.jpg?w=2520&amp;ssl=1 2520w\" sizes=\"(max-width: 640px) 100vw, 640px\" \/><\/a><figcaption id=\"caption-attachment-1184\" class=\"wp-caption-text\">Inloppet till La Rochelle<\/figcaption><\/figure>\n<p>Vi har fixat med b\u00e5ten, varit och storhandlat p\u00e5 Carefour. Vilka butiker de har med s\u00e5 mycket grejor, helt galet. Nu har vi f\u00e5tt all packning p\u00e5 plats. Idag har vi fixat och tv\u00e4ttat b\u00e5ten igen och promenerat in p\u00e5 stan.<\/p>\n<p>La Rochelle \u00e4r en supermysig stad som \u00e4r riktigt gammal. Vi gick upp i Tour de la Lanterne, 164 steg upp i tornet s\u00e5 ser man mycket bra. Tre h\u00f6jdr\u00e4dda, \u00e4r det bra&#8230; men Jackie h\u00f6ll sig mot v\u00e4ggen.<\/p>\n<figure id=\"attachment_1190\" aria-describedby=\"caption-attachment-1190\" style=\"width: 640px\" class=\"wp-caption aligncenter\"><a href=\"https:\/\/i0.wp.com\/www.ellensailing.se\/wp-content\/uploads\/2017\/09\/20170903_144751.jpg?ssl=1\"><img data-recalc-dims=\"1\" decoding=\"async\" class=\"wp-image-1190 size-large\" src=\"https:\/\/i0.wp.com\/www.ellensailing.se\/wp-content\/uploads\/2017\/09\/20170903_144751.jpg?resize=640%2C480&#038;ssl=1\" alt=\"\" width=\"640\" height=\"480\" srcset=\"https:\/\/i0.wp.com\/www.ellensailing.se\/wp-content\/uploads\/2017\/09\/20170903_144751.jpg?resize=1024%2C768&amp;ssl=1 1024w, https:\/\/i0.wp.com\/www.ellensailing.se\/wp-content\/uploads\/2017\/09\/20170903_144751.jpg?resize=300%2C225&amp;ssl=1 300w, https:\/\/i0.wp.com\/www.ellensailing.se\/wp-content\/uploads\/2017\/09\/20170903_144751.jpg?resize=768%2C576&amp;ssl=1 768w, https:\/\/i0.wp.com\/www.ellensailing.se\/wp-content\/uploads\/2017\/09\/20170903_144751.jpg?resize=320%2C240&amp;ssl=1 320w, https:\/\/i0.wp.com\/www.ellensailing.se\/wp-content\/uploads\/2017\/09\/20170903_144751.jpg?w=1680&amp;ssl=1 1680w, https:\/\/i0.wp.com\/www.ellensailing.se\/wp-content\/uploads\/2017\/09\/20170903_144751.jpg?w=2520&amp;ssl=1 2520w\" sizes=\"(max-width: 640px) 100vw, 640px\" \/><\/a><figcaption id=\"caption-attachment-1190\" class=\"wp-caption-text\">Jackie trycker sig mot v\u00e4ggen!<\/figcaption><\/figure>\n<figure id=\"attachment_1191\" aria-describedby=\"caption-attachment-1191\" style=\"width: 640px\" class=\"wp-caption aligncenter\"><a href=\"https:\/\/i0.wp.com\/www.ellensailing.se\/wp-content\/uploads\/2017\/09\/20170903_144754.jpg?ssl=1\"><img data-recalc-dims=\"1\" decoding=\"async\" class=\"wp-image-1191 size-large\" src=\"https:\/\/i0.wp.com\/www.ellensailing.se\/wp-content\/uploads\/2017\/09\/20170903_144754.jpg?resize=640%2C480&#038;ssl=1\" alt=\"\" width=\"640\" height=\"480\" srcset=\"https:\/\/i0.wp.com\/www.ellensailing.se\/wp-content\/uploads\/2017\/09\/20170903_144754.jpg?resize=1024%2C768&amp;ssl=1 1024w, https:\/\/i0.wp.com\/www.ellensailing.se\/wp-content\/uploads\/2017\/09\/20170903_144754.jpg?resize=300%2C225&amp;ssl=1 300w, https:\/\/i0.wp.com\/www.ellensailing.se\/wp-content\/uploads\/2017\/09\/20170903_144754.jpg?resize=768%2C576&amp;ssl=1 768w, https:\/\/i0.wp.com\/www.ellensailing.se\/wp-content\/uploads\/2017\/09\/20170903_144754.jpg?resize=320%2C240&amp;ssl=1 320w, https:\/\/i0.wp.com\/www.ellensailing.se\/wp-content\/uploads\/2017\/09\/20170903_144754.jpg?w=1680&amp;ssl=1 1680w, https:\/\/i0.wp.com\/www.ellensailing.se\/wp-content\/uploads\/2017\/09\/20170903_144754.jpg?w=2520&amp;ssl=1 2520w\" sizes=\"(max-width: 640px) 100vw, 640px\" \/><\/a><figcaption id=\"caption-attachment-1191\" class=\"wp-caption-text\">N\u00e4ra v\u00e4ggen \u00e4r bra&#8230;<\/figcaption><\/figure>\n<figure id=\"attachment_1192\" aria-describedby=\"caption-attachment-1192\" style=\"width: 640px\" class=\"wp-caption aligncenter\"><a href=\"https:\/\/i0.wp.com\/www.ellensailing.se\/wp-content\/uploads\/2017\/09\/20170903_144823.jpg?ssl=1\"><img data-recalc-dims=\"1\" loading=\"lazy\" decoding=\"async\" class=\"wp-image-1192 size-large\" src=\"https:\/\/i0.wp.com\/www.ellensailing.se\/wp-content\/uploads\/2017\/09\/20170903_144823.jpg?resize=640%2C480&#038;ssl=1\" alt=\"\" width=\"640\" height=\"480\" srcset=\"https:\/\/i0.wp.com\/www.ellensailing.se\/wp-content\/uploads\/2017\/09\/20170903_144823.jpg?resize=1024%2C768&amp;ssl=1 1024w, https:\/\/i0.wp.com\/www.ellensailing.se\/wp-content\/uploads\/2017\/09\/20170903_144823.jpg?resize=300%2C225&amp;ssl=1 300w, https:\/\/i0.wp.com\/www.ellensailing.se\/wp-content\/uploads\/2017\/09\/20170903_144823.jpg?resize=768%2C576&amp;ssl=1 768w, https:\/\/i0.wp.com\/www.ellensailing.se\/wp-content\/uploads\/2017\/09\/20170903_144823.jpg?resize=320%2C240&amp;ssl=1 320w, https:\/\/i0.wp.com\/www.ellensailing.se\/wp-content\/uploads\/2017\/09\/20170903_144823.jpg?w=1680&amp;ssl=1 1680w, https:\/\/i0.wp.com\/www.ellensailing.se\/wp-content\/uploads\/2017\/09\/20170903_144823.jpg?w=2520&amp;ssl=1 2520w\" sizes=\"(max-width: 640px) 100vw, 640px\" \/><\/a><figcaption id=\"caption-attachment-1192\" class=\"wp-caption-text\">Jag \u00e4r h\u00f6jdr\u00e4dd men i detta s\u00e4llskap \u00e4r man r\u00e4tt cool!<\/figcaption><\/figure>\n<p>Hamnen i La Rochelle \u00e4r nog den st\u00f6rsta av alla, undrar hur m\u00e5nga tusen b\u00e5tar det ligger d\u00e4r. I alla fall s\u00e5 finns det hur mycket b\u00e5tbutiker, b\u00e5ts\u00e4ljare som helst d\u00e4r.<\/p>\n<figure id=\"attachment_1188\" aria-describedby=\"caption-attachment-1188\" style=\"width: 640px\" class=\"wp-caption aligncenter\"><a href=\"https:\/\/i0.wp.com\/www.ellensailing.se\/wp-content\/uploads\/2017\/09\/20170903_144711.jpg?ssl=1\"><img data-recalc-dims=\"1\" loading=\"lazy\" decoding=\"async\" class=\"wp-image-1188 size-large\" src=\"https:\/\/i0.wp.com\/www.ellensailing.se\/wp-content\/uploads\/2017\/09\/20170903_144711.jpg?resize=640%2C480&#038;ssl=1\" alt=\"\" width=\"640\" height=\"480\" srcset=\"https:\/\/i0.wp.com\/www.ellensailing.se\/wp-content\/uploads\/2017\/09\/20170903_144711.jpg?resize=1024%2C768&amp;ssl=1 1024w, https:\/\/i0.wp.com\/www.ellensailing.se\/wp-content\/uploads\/2017\/09\/20170903_144711.jpg?resize=300%2C225&amp;ssl=1 300w, https:\/\/i0.wp.com\/www.ellensailing.se\/wp-content\/uploads\/2017\/09\/20170903_144711.jpg?resize=768%2C576&amp;ssl=1 768w, https:\/\/i0.wp.com\/www.ellensailing.se\/wp-content\/uploads\/2017\/09\/20170903_144711.jpg?resize=320%2C240&amp;ssl=1 320w, https:\/\/i0.wp.com\/www.ellensailing.se\/wp-content\/uploads\/2017\/09\/20170903_144711.jpg?w=1680&amp;ssl=1 1680w, https:\/\/i0.wp.com\/www.ellensailing.se\/wp-content\/uploads\/2017\/09\/20170903_144711.jpg?w=2520&amp;ssl=1 2520w\" sizes=\"(max-width: 640px) 100vw, 640px\" \/><\/a><figcaption id=\"caption-attachment-1188\" class=\"wp-caption-text\">N\u00e5gonstans ligger Ellen bland 1000 tals master!<\/figcaption><\/figure>\n<p>Idag blev det ocks\u00e5 en sk\u00f6n liten lunch inne vid stans alla uteservieringar med Mollfritt. Lite olika smaker testades. Jackie tog en naturell, Lasse Curry och jag testa en Rockford. Supergott!<\/p>\n<figure id=\"attachment_1186\" aria-describedby=\"caption-attachment-1186\" style=\"width: 640px\" class=\"wp-caption aligncenter\"><a href=\"https:\/\/i0.wp.com\/www.ellensailing.se\/wp-content\/uploads\/2017\/09\/20170903_123922.jpg?ssl=1\"><img data-recalc-dims=\"1\" loading=\"lazy\" decoding=\"async\" class=\"wp-image-1186 size-large\" src=\"https:\/\/i0.wp.com\/www.ellensailing.se\/wp-content\/uploads\/2017\/09\/20170903_123922.jpg?resize=640%2C480&#038;ssl=1\" alt=\"\" width=\"640\" height=\"480\" srcset=\"https:\/\/i0.wp.com\/www.ellensailing.se\/wp-content\/uploads\/2017\/09\/20170903_123922.jpg?resize=1024%2C768&amp;ssl=1 1024w, https:\/\/i0.wp.com\/www.ellensailing.se\/wp-content\/uploads\/2017\/09\/20170903_123922.jpg?resize=300%2C225&amp;ssl=1 300w, https:\/\/i0.wp.com\/www.ellensailing.se\/wp-content\/uploads\/2017\/09\/20170903_123922.jpg?resize=768%2C576&amp;ssl=1 768w, https:\/\/i0.wp.com\/www.ellensailing.se\/wp-content\/uploads\/2017\/09\/20170903_123922.jpg?resize=320%2C240&amp;ssl=1 320w, https:\/\/i0.wp.com\/www.ellensailing.se\/wp-content\/uploads\/2017\/09\/20170903_123922.jpg?w=1680&amp;ssl=1 1680w, https:\/\/i0.wp.com\/www.ellensailing.se\/wp-content\/uploads\/2017\/09\/20170903_123922.jpg?w=2520&amp;ssl=1 2520w\" sizes=\"(max-width: 640px) 100vw, 640px\" \/><\/a><figcaption id=\"caption-attachment-1186\" class=\"wp-caption-text\">V\u00e4ntar p\u00e5 lunch!<\/figcaption><\/figure>\n<figure id=\"attachment_1187\" aria-describedby=\"caption-attachment-1187\" style=\"width: 640px\" class=\"wp-caption aligncenter\"><a href=\"https:\/\/i0.wp.com\/www.ellensailing.se\/wp-content\/uploads\/2017\/09\/20170903_124011.jpg?ssl=1\"><img data-recalc-dims=\"1\" loading=\"lazy\" decoding=\"async\" class=\"wp-image-1187 size-large\" src=\"https:\/\/i0.wp.com\/www.ellensailing.se\/wp-content\/uploads\/2017\/09\/20170903_124011.jpg?resize=640%2C480&#038;ssl=1\" alt=\"\" width=\"640\" height=\"480\" srcset=\"https:\/\/i0.wp.com\/www.ellensailing.se\/wp-content\/uploads\/2017\/09\/20170903_124011.jpg?resize=1024%2C768&amp;ssl=1 1024w, https:\/\/i0.wp.com\/www.ellensailing.se\/wp-content\/uploads\/2017\/09\/20170903_124011.jpg?resize=300%2C225&amp;ssl=1 300w, https:\/\/i0.wp.com\/www.ellensailing.se\/wp-content\/uploads\/2017\/09\/20170903_124011.jpg?resize=768%2C576&amp;ssl=1 768w, https:\/\/i0.wp.com\/www.ellensailing.se\/wp-content\/uploads\/2017\/09\/20170903_124011.jpg?resize=320%2C240&amp;ssl=1 320w, https:\/\/i0.wp.com\/www.ellensailing.se\/wp-content\/uploads\/2017\/09\/20170903_124011.jpg?w=1680&amp;ssl=1 1680w, https:\/\/i0.wp.com\/www.ellensailing.se\/wp-content\/uploads\/2017\/09\/20170903_124011.jpg?w=2520&amp;ssl=1 2520w\" sizes=\"(max-width: 640px) 100vw, 640px\" \/><\/a><figcaption id=\"caption-attachment-1187\" class=\"wp-caption-text\">Snart lunch!<\/figcaption><\/figure>\n<p>Nu k\u00e4nns det som allt \u00e4r ok och i morgon kommer vi segla iv\u00e4g vid 6 tiden. Ikv\u00e4ll skall det regna och bl\u00e5sa en del men i morgon kommer vi g\u00e5 med vattnet ut n\u00e4r allt vatten \u00e4r p\u00e5 ut!<\/p>\n<p>Vi kommer g\u00e5 till A Coruna i morgon! Kommer bli lite kryss men det kommer vrida till v\u00e5r f\u00f6rdel. Ska bli sk\u00f6nt att komma ut p\u00e5 havet, kanske blir det lite f\u00f6r lite vind men vi f\u00e5r se.<\/p>\n<figure id=\"attachment_1185\" aria-describedby=\"caption-attachment-1185\" style=\"width: 640px\" class=\"wp-caption aligncenter\"><a href=\"https:\/\/i0.wp.com\/www.ellensailing.se\/wp-content\/uploads\/2017\/09\/20170903_123030.jpg?ssl=1\"><img data-recalc-dims=\"1\" loading=\"lazy\" decoding=\"async\" class=\"wp-image-1185 size-large\" src=\"https:\/\/i0.wp.com\/www.ellensailing.se\/wp-content\/uploads\/2017\/09\/20170903_123030-e1504463146469-768x1024.jpg?resize=640%2C853&#038;ssl=1\" alt=\"\" width=\"640\" height=\"853\" srcset=\"https:\/\/i0.wp.com\/www.ellensailing.se\/wp-content\/uploads\/2017\/09\/20170903_123030-e1504463146469.jpg?resize=768%2C1024&amp;ssl=1 768w, https:\/\/i0.wp.com\/www.ellensailing.se\/wp-content\/uploads\/2017\/09\/20170903_123030-e1504463146469.jpg?resize=225%2C300&amp;ssl=1 225w, https:\/\/i0.wp.com\/www.ellensailing.se\/wp-content\/uploads\/2017\/09\/20170903_123030-e1504463146469.jpg?w=1680&amp;ssl=1 1680w, https:\/\/i0.wp.com\/www.ellensailing.se\/wp-content\/uploads\/2017\/09\/20170903_123030-e1504463146469.jpg?w=2520&amp;ssl=1 2520w\" sizes=\"(max-width: 640px) 100vw, 640px\" \/><\/a><figcaption id=\"caption-attachment-1185\" class=\"wp-caption-text\">Klassiska tornen i inloppet till La Rochelle.<\/figcaption><\/figure>\n<p>S\u00e5 nu blir det lite uppl\u00e4gg fr\u00e5n satellittelefon n\u00e4r vi g\u00e5r \u00f6ver Biscayan, dock utan bilder s\u00e5 h\u00e5ll till godo.<\/p>\n<p>&nbsp;<\/p>\n","protected":false},"excerpt":{"rendered":"<p>\u00c4ntligen \u00e4r det dagen D. Tj\u00e4nstledigheten \u00e4r p\u00e5b\u00f6rjad sedan i fredags. Vi startade v\u00e4ldigt tidigt f\u00f6r att jag tror nog[&#8230;]<\/p>\n","protected":false},"author":1,"featured_media":1184,"comment_status":"open","ping_status":"open","sticky":false,"template":"","format":"standard","meta":{"_jetpack_newsletter_access":"","_jetpack_dont_email_post_to_subs":false,"_jetpack_newsletter_tier_id":0,"_jetpack_memberships_contains_paywalled_content":false,"_jetpack_feature_clip_id":0,"_jetpack_memberships_contains_paid_content":false,"footnotes":"","jetpack_publicize_message":"","jetpack_publicize_feature_enabled":true,"jetpack_social_post_already_shared":true,"jetpack_social_options":{"image_generator_settings":{"template":"highway","default_image_id":0,"font":"","enabled":false},"version":2},"jetpack_post_was_ever_published":false},"categories":[22,21],"tags":[],"class_list":["post-1180","post","type-post","status-publish","format-standard","has-post-thumbnail","hentry","category-host-2017-till-cc","category-sommar-2017"],"jetpack_publicize_connections":[],"jetpack_featured_media_url":"https:\/\/i0.wp.com\/www.ellensailing.se\/wp-content\/uploads\/2017\/09\/20170903_122117-e1504461598508.jpg?fit=3024%2C4032&ssl=1","jetpack_sharing_enabled":true,"jetpack_shortlink":"https:\/\/wp.me\/p5G68R-j2","jetpack-related-posts":[{"id":1490,"url":"https:\/\/www.ellensailing.se\/?p=1490","url_meta":{"origin":1180,"position":0},"title":"La Palma, \u00f6n l\u00e4ngst v\u00e4sterut.","author":"peter@ellensailing.se","date":"29 oktober, 2017","format":false,"excerpt":"N\u00e4r vi l\u00e4mnat Anders s\u00e5 seglade vi direkt till La Palma och till huvudstaden som heter Santa Cruz. F\u00f6rsta dygnet gick bra att ligga i hamnen men dag tv\u00e5 gungade det alldeles f\u00f6rf\u00e4rligt. Vi tr\u00e4ffade en fransman som legat h\u00e4r ett tag och f\u00f6rra veckan hade han ramlat ur s\u00e4ngen\u2026","rel":"","context":"I \u201dH\u00f6st 2017 till Grand Canrias.\u201d","block_context":{"text":"H\u00f6st 2017 till Grand Canrias.","link":"https:\/\/www.ellensailing.se\/?cat=22"},"img":{"alt_text":"","src":"https:\/\/i0.wp.com\/www.ellensailing.se\/wp-content\/uploads\/2017\/10\/DJI_0229.jpg?fit=1200%2C900&ssl=1&resize=350%2C200","width":350,"height":200,"srcset":"https:\/\/i0.wp.com\/www.ellensailing.se\/wp-content\/uploads\/2017\/10\/DJI_0229.jpg?fit=1200%2C900&ssl=1&resize=350%2C200 1x, https:\/\/i0.wp.com\/www.ellensailing.se\/wp-content\/uploads\/2017\/10\/DJI_0229.jpg?fit=1200%2C900&ssl=1&resize=525%2C300 1.5x, https:\/\/i0.wp.com\/www.ellensailing.se\/wp-content\/uploads\/2017\/10\/DJI_0229.jpg?fit=1200%2C900&ssl=1&resize=700%2C400 2x, https:\/\/i0.wp.com\/www.ellensailing.se\/wp-content\/uploads\/2017\/10\/DJI_0229.jpg?fit=1200%2C900&ssl=1&resize=1050%2C600 3x"},"classes":[]},{"id":1476,"url":"https:\/\/www.ellensailing.se\/?p=1476","url_meta":{"origin":1180,"position":1},"title":"La Gomera, vilken \u00f6!","author":"peter@ellensailing.se","date":"28 oktober, 2017","format":false,"excerpt":"Nu var det ett tags sedan jag skrev n\u00e5got och kommentarerna haglar att man vill ha mer, och det gl\u00e4djer mig s\u00e5klart. Efter vi sett alla valar s\u00e5 kom vi till La Gomera och som vid hamnen innan s\u00e5 tar vi upp en tonfisk s\u00e5klart. Det blir den sjunde f\u00f6r\u2026","rel":"","context":"I \u201dH\u00f6st 2017 till Grand Canrias.\u201d","block_context":{"text":"H\u00f6st 2017 till Grand Canrias.","link":"https:\/\/www.ellensailing.se\/?cat=22"},"img":{"alt_text":"","src":"https:\/\/i0.wp.com\/www.ellensailing.se\/wp-content\/uploads\/2017\/10\/DSC4152.jpg?fit=1200%2C802&ssl=1&resize=350%2C200","width":350,"height":200,"srcset":"https:\/\/i0.wp.com\/www.ellensailing.se\/wp-content\/uploads\/2017\/10\/DSC4152.jpg?fit=1200%2C802&ssl=1&resize=350%2C200 1x, https:\/\/i0.wp.com\/www.ellensailing.se\/wp-content\/uploads\/2017\/10\/DSC4152.jpg?fit=1200%2C802&ssl=1&resize=525%2C300 1.5x, https:\/\/i0.wp.com\/www.ellensailing.se\/wp-content\/uploads\/2017\/10\/DSC4152.jpg?fit=1200%2C802&ssl=1&resize=700%2C400 2x, https:\/\/i0.wp.com\/www.ellensailing.se\/wp-content\/uploads\/2017\/10\/DSC4152.jpg?fit=1200%2C802&ssl=1&resize=1050%2C600 3x"},"classes":[]},{"id":1510,"url":"https:\/\/www.ellensailing.se\/?p=1510","url_meta":{"origin":1180,"position":2},"title":"Ny vandringsdag p\u00e5 La Palma","author":"peter@ellensailing.se","date":"29 oktober, 2017","format":false,"excerpt":"I g\u00e5r kv\u00e4ll kom vi hem strax efter sex och efter det blev det vin och kex p\u00e5 Think Twice med alla svenskar som ligger i hamnen. Totalt var vi 14 personer som kom dit. Tack Bj\u00f6rn och Gertrud I morse s\u00e5 sprang grabbarna f\u00f6rst en liten runda medans jag\u2026","rel":"","context":"I \u201dH\u00f6st 2017 till Grand Canrias.\u201d","block_context":{"text":"H\u00f6st 2017 till Grand Canrias.","link":"https:\/\/www.ellensailing.se\/?cat=22"},"img":{"alt_text":"","src":"https:\/\/i0.wp.com\/www.ellensailing.se\/wp-content\/uploads\/2017\/10\/DSC4328.jpg?fit=802%2C1200&ssl=1&resize=350%2C200","width":350,"height":200,"srcset":"https:\/\/i0.wp.com\/www.ellensailing.se\/wp-content\/uploads\/2017\/10\/DSC4328.jpg?fit=802%2C1200&ssl=1&resize=350%2C200 1x, https:\/\/i0.wp.com\/www.ellensailing.se\/wp-content\/uploads\/2017\/10\/DSC4328.jpg?fit=802%2C1200&ssl=1&resize=525%2C300 1.5x, https:\/\/i0.wp.com\/www.ellensailing.se\/wp-content\/uploads\/2017\/10\/DSC4328.jpg?fit=802%2C1200&ssl=1&resize=700%2C400 2x"},"classes":[]},{"id":1454,"url":"https:\/\/www.ellensailing.se\/?p=1454","url_meta":{"origin":1180,"position":3},"title":"Nytt bes\u00f6k p\u00e5 b\u00e5ten!","author":"peter@ellensailing.se","date":"20 oktober, 2017","format":false,"excerpt":"H\u00e4rom dagen fick vi bes\u00f6k av Anders S\u00f6derberg p\u00e5 b\u00e5ten. Han fl\u00f6g till Teneriffa och h\u00e4mtades upp i Santa Cruz. Det blev ett dygn i huvudstaden. Kul att tr\u00e4ffa Think Twice och Engla. Vi hade lite SOS i Think Twice och efter middag gick vi alla till en bar och\u2026","rel":"","context":"I \u201dH\u00f6st 2017 till Grand Canrias.\u201d","block_context":{"text":"H\u00f6st 2017 till Grand Canrias.","link":"https:\/\/www.ellensailing.se\/?cat=22"},"img":{"alt_text":"","src":"https:\/\/i0.wp.com\/www.ellensailing.se\/wp-content\/uploads\/2017\/10\/IMG_6197.jpg?fit=480%2C640&ssl=1&resize=350%2C200","width":350,"height":200},"classes":[]},{"id":1198,"url":"https:\/\/www.ellensailing.se\/?p=1198","url_meta":{"origin":1180,"position":4},"title":"Biscaya avklarat och v\u00e5rt f\u00f6rsta tonfisk f\u00e5ngad!","author":"peter@ellensailing.se","date":"7 september, 2017","format":false,"excerpt":"Nu har vi \u00e4ntligen klarat av att korsa Biscaya! Ingen av oss har gjort det f\u00f6rut och det \u00e4r en skr\u00e4ckblandad f\u00f6rtjusning att passera. Har aldrig varit med om att det kan vara s\u00e5 branta klippor mellan 4000 meter djupt till 150 meter p\u00e5 olika st\u00e4llen. F\u00f6rst\u00e5r att det kan\u2026","rel":"","context":"I \u201dH\u00f6st 2017 till Grand Canrias.\u201d","block_context":{"text":"H\u00f6st 2017 till Grand Canrias.","link":"https:\/\/www.ellensailing.se\/?cat=22"},"img":{"alt_text":"","src":"https:\/\/i0.wp.com\/www.ellensailing.se\/wp-content\/uploads\/2017\/09\/DSC2200-e1504768850168.jpg?fit=802%2C1200&ssl=1&resize=350%2C200","width":350,"height":200,"srcset":"https:\/\/i0.wp.com\/www.ellensailing.se\/wp-content\/uploads\/2017\/09\/DSC2200-e1504768850168.jpg?fit=802%2C1200&ssl=1&resize=350%2C200 1x, https:\/\/i0.wp.com\/www.ellensailing.se\/wp-content\/uploads\/2017\/09\/DSC2200-e1504768850168.jpg?fit=802%2C1200&ssl=1&resize=525%2C300 1.5x, https:\/\/i0.wp.com\/www.ellensailing.se\/wp-content\/uploads\/2017\/09\/DSC2200-e1504768850168.jpg?fit=802%2C1200&ssl=1&resize=700%2C400 2x"},"classes":[]},{"id":925,"url":"https:\/\/www.ellensailing.se\/?p=925","url_meta":{"origin":1180,"position":5},"title":"Mycket garv i Sandvig p\u00e5 Bornholm.","author":"peter@ellensailing.se","date":"23 juni, 2016","format":false,"excerpt":"Efter en fantastisk segling fr\u00e5n Kalmar hissar vi upp Danmarks g\u00e4stflagg. Vi kastade loss fr\u00e5n Kalmar vid 20 tiden efter vi \u00e4tit en god middag. Vi hann h\u00e4lsa p\u00e5 v\u00e5ra v\u00e4nner Rainer och\u00a0 Maritha fr\u00e5n avseglargruppen innan vi stack. Som vanligt b\u00f6rjade seglingen med kryss men den efterl\u00e4ngtade v\u00e4stan kom\u2026","rel":"","context":"I \u201dSommar 2016\u201d","block_context":{"text":"Sommar 2016","link":"https:\/\/www.ellensailing.se\/?cat=20"},"img":{"alt_text":"","src":"https:\/\/i0.wp.com\/www.ellensailing.se\/wp-content\/uploads\/2016\/06\/DSC_0221.jpg?fit=1200%2C797&ssl=1&resize=350%2C200","width":350,"height":200,"srcset":"https:\/\/i0.wp.com\/www.ellensailing.se\/wp-content\/uploads\/2016\/06\/DSC_0221.jpg?fit=1200%2C797&ssl=1&resize=350%2C200 1x, https:\/\/i0.wp.com\/www.ellensailing.se\/wp-content\/uploads\/2016\/06\/DSC_0221.jpg?fit=1200%2C797&ssl=1&resize=525%2C300 1.5x, https:\/\/i0.wp.com\/www.ellensailing.se\/wp-content\/uploads\/2016\/06\/DSC_0221.jpg?fit=1200%2C797&ssl=1&resize=700%2C400 2x, https:\/\/i0.wp.com\/www.ellensailing.se\/wp-content\/uploads\/2016\/06\/DSC_0221.jpg?fit=1200%2C797&ssl=1&resize=1050%2C600 3x"},"classes":[]}],"jetpack_likes_enabled":false,"_links":{"self":[{"href":"https:\/\/www.ellensailing.se\/index.php?rest_route=\/wp\/v2\/posts\/1180","targetHints":{"allow":["GET"]}}],"collection":[{"href":"https:\/\/www.ellensailing.se\/index.php?rest_route=\/wp\/v2\/posts"}],"about":[{"href":"https:\/\/www.ellensailing.se\/index.php?rest_route=\/wp\/v2\/types\/post"}],"author":[{"embeddable":true,"href":"https:\/\/www.ellensailing.se\/index.php?rest_route=\/wp\/v2\/users\/1"}],"replies":[{"embeddable":true,"href":"https:\/\/www.ellensailing.se\/index.php?rest_route=%2Fwp%2Fv2%2Fcomments&post=1180"}],"version-history":[{"count":1,"href":"https:\/\/www.ellensailing.se\/index.php?rest_route=\/wp\/v2\/posts\/1180\/revisions"}],"predecessor-version":[{"id":1194,"href":"https:\/\/www.ellensailing.se\/index.php?rest_route=\/wp\/v2\/posts\/1180\/revisions\/1194"}],"wp:featuredmedia":[{"embeddable":true,"href":"https:\/\/www.ellensailing.se\/index.php?rest_route=\/wp\/v2\/media\/1184"}],"wp:attachment":[{"href":"https:\/\/www.ellensailing.se\/index.php?rest_route=%2Fwp%2Fv2%2Fmedia&parent=1180"}],"wp:term":[{"taxonomy":"category","embeddable":true,"href":"https:\/\/www.ellensailing.se\/index.php?rest_route=%2Fwp%2Fv2%2Fcategories&post=1180"},{"taxonomy":"post_tag","embeddable":true,"href":"https:\/\/www.ellensailing.se\/index.php?rest_route=%2Fwp%2Fv2%2Ftags&post=1180"}],"curies":[{"name":"wp","href":"https:\/\/api.w.org\/{rel}","templated":true}]}}