{"id":1164,"date":"2017-07-27T16:22:31","date_gmt":"2017-07-27T14:22:31","guid":{"rendered":"https:\/\/www.ellensailing.se\/?p=1164"},"modified":"2017-07-27T16:22:31","modified_gmt":"2017-07-27T14:22:31","slug":"nu-har-vi-uppdaterat-kartan-sa-vara-vanner-finns-med","status":"publish","type":"post","link":"https:\/\/www.ellensailing.se\/?p=1164","title":{"rendered":"Nu har vi uppdaterat kartan s\u00e5 v\u00e5ra v\u00e4nner finns med."},"content":{"rendered":"<p>Det \u00e4r inte alltid som man \u00e4r v\u00e4n med tekniken. Nu har vi i alla fall lyckats f\u00e5 in s\u00e5 att man kan se vart vi \u00e4r med hj\u00e4lp av AIS. Dessutom s\u00e5 har vi f\u00e5tt in v\u00e5ra v\u00e4nb\u00e5tar med p\u00e5 kartan.<\/p>\n<p>G\u00e5 till &#8221;H\u00e4r \u00e4r vi&#8221;. P\u00e5 kartan s\u00e5 dyker det upp en liten plupp som visar vart b\u00e5ten \u00e4r. F\u00f6r att hitta v\u00e5ra v\u00e4nner s\u00e5 anv\u00e4nder du minustecknet, och d\u00e5 zoomas kartan ut och du kommer finna fler av v\u00e5ra v\u00e4nner. H\u00e5ll musen \u00f6ver prickarna och eller klicka p\u00e5 dem s\u00e5 kommer information om b\u00e5ten upp. M\u00e5nga av v\u00e5ra v\u00e4nner \u00e4r redan ute och seglar s\u00e5 de kan befinna sig var som helst p\u00e5 jorden, s\u00e5 det \u00e4r bara att kika runt.<\/p>\n<p>En hel del av b\u00e5tarna som finns med kommer att segla med \u00f6ver Atlanten i ARC racet.<\/p>\n<p><a href=\"https:\/\/i0.wp.com\/www.ellensailing.se\/wp-content\/uploads\/2017\/07\/Ais-1.jpg?ssl=1\"><img data-recalc-dims=\"1\" fetchpriority=\"high\" decoding=\"async\" class=\"aligncenter size-full wp-image-1165\" src=\"https:\/\/i0.wp.com\/www.ellensailing.se\/wp-content\/uploads\/2017\/07\/Ais-1.jpg?resize=517%2C652&#038;ssl=1\" alt=\"\" width=\"517\" height=\"652\" srcset=\"https:\/\/i0.wp.com\/www.ellensailing.se\/wp-content\/uploads\/2017\/07\/Ais-1.jpg?w=517&amp;ssl=1 517w, https:\/\/i0.wp.com\/www.ellensailing.se\/wp-content\/uploads\/2017\/07\/Ais-1.jpg?resize=238%2C300&amp;ssl=1 238w\" sizes=\"(max-width: 517px) 100vw, 517px\" \/><\/a><a href=\"https:\/\/i0.wp.com\/www.ellensailing.se\/wp-content\/uploads\/2017\/07\/Ais-bild.jpg?ssl=1\"><img data-recalc-dims=\"1\" decoding=\"async\" class=\"aligncenter size-full wp-image-1166\" src=\"https:\/\/i0.wp.com\/www.ellensailing.se\/wp-content\/uploads\/2017\/07\/Ais-bild.jpg?resize=536%2C648&#038;ssl=1\" alt=\"\" width=\"536\" height=\"648\" srcset=\"https:\/\/i0.wp.com\/www.ellensailing.se\/wp-content\/uploads\/2017\/07\/Ais-bild.jpg?w=536&amp;ssl=1 536w, https:\/\/i0.wp.com\/www.ellensailing.se\/wp-content\/uploads\/2017\/07\/Ais-bild.jpg?resize=248%2C300&amp;ssl=1 248w\" sizes=\"(max-width: 536px) 100vw, 536px\" \/><\/a><a href=\"https:\/\/www.ellensailing.se\/wp-content\/uploads\/2017\/07\/Ais-1.jpg\"><\/a><\/p>\n","protected":false},"excerpt":{"rendered":"<p>Det \u00e4r inte alltid som man \u00e4r v\u00e4n med tekniken. Nu har vi i alla fall lyckats f\u00e5 in s\u00e5[&#8230;]<\/p>\n","protected":false},"author":1,"featured_media":1166,"comment_status":"open","ping_status":"open","sticky":false,"template":"","format":"standard","meta":{"_jetpack_newsletter_access":"","_jetpack_dont_email_post_to_subs":false,"_jetpack_newsletter_tier_id":0,"_jetpack_memberships_contains_paywalled_content":false,"_jetpack_feature_clip_id":0,"_jetpack_memberships_contains_paid_content":false,"footnotes":"","jetpack_publicize_message":"","jetpack_publicize_feature_enabled":true,"jetpack_social_post_already_shared":true,"jetpack_social_options":{"image_generator_settings":{"template":"highway","default_image_id":0,"font":"","enabled":false},"version":2},"jetpack_post_was_ever_published":false},"categories":[21],"tags":[],"class_list":["post-1164","post","type-post","status-publish","format-standard","has-post-thumbnail","hentry","category-sommar-2017"],"jetpack_publicize_connections":[],"jetpack_featured_media_url":"https:\/\/i0.wp.com\/www.ellensailing.se\/wp-content\/uploads\/2017\/07\/Ais-bild.jpg?fit=536%2C648&ssl=1","jetpack_sharing_enabled":true,"jetpack_shortlink":"https:\/\/wp.me\/p5G68R-iM","jetpack-related-posts":[{"id":2011,"url":"https:\/\/www.ellensailing.se\/?p=2011","url_meta":{"origin":1164,"position":0},"title":"Bequia 2.0","author":"peter@ellensailing.se","date":"28 mars, 2018","format":false,"excerpt":"Efter en lyckad och trevlig kv\u00e4ll p\u00e5 Rock Side Caf\u00e9 seglade vi vidare till Bequia. Det var mindre b\u00e5tar h\u00e4r \u00e4n vid Jul men \u00e4nd\u00e5 mycket. Det fylldes dessutom p\u00e5 med m\u00e5nga b\u00e5tar f\u00f6r att p\u00e5 torsdag b\u00f6rjar Bequia Regatta. S\u00e5 m\u00e5nga segelb\u00e5tar \u00e4r d\u00e4r och har b\u00f6rjat tr\u00e4na lite.\u2026","rel":"","context":"I \u201dV\u00e4stindien 2017-2018\u201d","block_context":{"text":"V\u00e4stindien 2017-2018","link":"https:\/\/www.ellensailing.se\/?cat=24"},"img":{"alt_text":"","src":"https:\/\/i0.wp.com\/www.ellensailing.se\/wp-content\/uploads\/2018\/03\/C0857F0E-8F7D-40D0-96A4-00CC85657BCC-e1522266346775.jpeg?fit=1200%2C900&ssl=1&resize=350%2C200","width":350,"height":200,"srcset":"https:\/\/i0.wp.com\/www.ellensailing.se\/wp-content\/uploads\/2018\/03\/C0857F0E-8F7D-40D0-96A4-00CC85657BCC-e1522266346775.jpeg?fit=1200%2C900&ssl=1&resize=350%2C200 1x, https:\/\/i0.wp.com\/www.ellensailing.se\/wp-content\/uploads\/2018\/03\/C0857F0E-8F7D-40D0-96A4-00CC85657BCC-e1522266346775.jpeg?fit=1200%2C900&ssl=1&resize=525%2C300 1.5x, https:\/\/i0.wp.com\/www.ellensailing.se\/wp-content\/uploads\/2018\/03\/C0857F0E-8F7D-40D0-96A4-00CC85657BCC-e1522266346775.jpeg?fit=1200%2C900&ssl=1&resize=700%2C400 2x, https:\/\/i0.wp.com\/www.ellensailing.se\/wp-content\/uploads\/2018\/03\/C0857F0E-8F7D-40D0-96A4-00CC85657BCC-e1522266346775.jpeg?fit=1200%2C900&ssl=1&resize=1050%2C600 3x"},"classes":[]},{"id":668,"url":"https:\/\/www.ellensailing.se\/?p=668","url_meta":{"origin":1164,"position":1},"title":"Arconatr\u00e4ff i Norrviken!","author":"peter@ellensailing.se","date":"30 augusti, 2015","format":false,"excerpt":"I helgen s\u00e5 var det d\u00e5 dags f\u00f6r den \u00e5rliga Arcona tr\u00e4ffen. Alltid lika kul att tr\u00e4ffa s\u00e5 h\u00e4rliga m\u00e4nniskor som \u00e4lskar att segla och \u00e4ven p\u00e5 de b\u00e4sta b\u00e5tarna. Vi m\u00f6ttes upp p\u00e5 fredag kv\u00e4ll f\u00f6r att p\u00e5 l\u00f6rdagen avg\u00f6ra vem som seglar snabbast med sin Arcona. Det \u00e4r\u2026","rel":"","context":"I \u201dSommar 2015\u201d","block_context":{"text":"Sommar 2015","link":"https:\/\/www.ellensailing.se\/?cat=4"},"img":{"alt_text":"","src":"https:\/\/i0.wp.com\/www.ellensailing.se\/wp-content\/uploads\/2015\/08\/IMG_4478.jpg?fit=640%2C480&ssl=1&resize=350%2C200","width":350,"height":200,"srcset":"https:\/\/i0.wp.com\/www.ellensailing.se\/wp-content\/uploads\/2015\/08\/IMG_4478.jpg?fit=640%2C480&ssl=1&resize=350%2C200 1x, https:\/\/i0.wp.com\/www.ellensailing.se\/wp-content\/uploads\/2015\/08\/IMG_4478.jpg?fit=640%2C480&ssl=1&resize=525%2C300 1.5x"},"classes":[]},{"id":381,"url":"https:\/\/www.ellensailing.se\/?p=381","url_meta":{"origin":1164,"position":2},"title":"Avseglarfest p\u00e5 Sj\u00f6mansskolan!","author":"peter@ellensailing.se","date":"22 maj, 2015","format":false,"excerpt":"I kv\u00e4ll var det d\u00e5 dags at ta farv\u00e4l av v\u00e5ra v\u00e4nner som skall \u00e5ka ut p\u00e5 v\u00e4rldens hav. Det var 10 b\u00e5tar med ikv\u00e4ll som skall ge sig av i \u00e5r.\u00a0Det var mycket snack och rolig fr\u00e5gesport om vad de skall g\u00f6ra och vad de vill ha. Intressant att\u2026","rel":"","context":"I \u201dAvseglargrupp\u201d","block_context":{"text":"Avseglargrupp","link":"https:\/\/www.ellensailing.se\/?cat=8"},"img":{"alt_text":"","src":"https:\/\/i0.wp.com\/www.ellensailing.se\/wp-content\/uploads\/2015\/05\/IMG_4277.jpg?fit=1200%2C900&ssl=1&resize=350%2C200","width":350,"height":200,"srcset":"https:\/\/i0.wp.com\/www.ellensailing.se\/wp-content\/uploads\/2015\/05\/IMG_4277.jpg?fit=1200%2C900&ssl=1&resize=350%2C200 1x, https:\/\/i0.wp.com\/www.ellensailing.se\/wp-content\/uploads\/2015\/05\/IMG_4277.jpg?fit=1200%2C900&ssl=1&resize=525%2C300 1.5x, https:\/\/i0.wp.com\/www.ellensailing.se\/wp-content\/uploads\/2015\/05\/IMG_4277.jpg?fit=1200%2C900&ssl=1&resize=700%2C400 2x, https:\/\/i0.wp.com\/www.ellensailing.se\/wp-content\/uploads\/2015\/05\/IMG_4277.jpg?fit=1200%2C900&ssl=1&resize=1050%2C600 3x"},"classes":[]},{"id":1114,"url":"https:\/\/www.ellensailing.se\/?p=1114","url_meta":{"origin":1164,"position":3},"title":"Flytten har g\u00e5tt till magasinet och Amerikanska visumet \u00e4r klart","author":"peter@ellensailing.se","date":"14 april, 2017","format":false,"excerpt":"Nu har flyttlasset g\u00e5tt fr\u00e5n v\u00e5rt boende till Magasinet. Vi b\u00f6rjade redan i h\u00f6stas att rensa rum f\u00f6r rum. Vi har fyllt sl\u00e4pet med skr\u00e4p och \u00e5kt minst fyra v\u00e4ndor. Massor med sk\u00e4p blir det. Dessutom har vi skickat iv\u00e4g saker som vi tror kan beh\u00f6vas av andra och kan\u2026","rel":"","context":"I \u201dB\u00e5ten p\u00e5 land\u201d","block_context":{"text":"B\u00e5ten p\u00e5 land","link":"https:\/\/www.ellensailing.se\/?cat=3"},"img":{"alt_text":"","src":"https:\/\/i0.wp.com\/www.ellensailing.se\/wp-content\/uploads\/2017\/04\/usaflagga.jpg?fit=849%2C488&ssl=1&resize=350%2C200","width":350,"height":200,"srcset":"https:\/\/i0.wp.com\/www.ellensailing.se\/wp-content\/uploads\/2017\/04\/usaflagga.jpg?fit=849%2C488&ssl=1&resize=350%2C200 1x, https:\/\/i0.wp.com\/www.ellensailing.se\/wp-content\/uploads\/2017\/04\/usaflagga.jpg?fit=849%2C488&ssl=1&resize=525%2C300 1.5x, https:\/\/i0.wp.com\/www.ellensailing.se\/wp-content\/uploads\/2017\/04\/usaflagga.jpg?fit=849%2C488&ssl=1&resize=700%2C400 2x"},"classes":[]},{"id":990,"url":"https:\/\/www.ellensailing.se\/?p=990","url_meta":{"origin":1164,"position":4},"title":"Vi fick hj\u00e4lp i Enkhuizen med AIS:en","author":"peter@ellensailing.se","date":"2 juli, 2016","format":false,"excerpt":"V\u00e5r AIS har br\u00e5kat med oss ett tag, troligtvis i ett antal \u00e5r. Men nu gav den upp helt enkelt. Det \u00e4r bra med v\u00e4nner med mycket kontakter. Tack Bj\u00f6rn Sj\u00f6str\u00f6m f\u00f6r hj\u00e4lpen med kontakten med Chris p\u00e5 True Hedding. Vilken slump att vi n\u00e4stan var vid deras huvudkontor. Chris\u2026","rel":"","context":"I \u201dSommar 2016\u201d","block_context":{"text":"Sommar 2016","link":"https:\/\/www.ellensailing.se\/?cat=20"},"img":{"alt_text":"","src":"https:\/\/i0.wp.com\/www.ellensailing.se\/wp-content\/uploads\/2016\/07\/DSC_0567.jpg?fit=1200%2C797&ssl=1&resize=350%2C200","width":350,"height":200,"srcset":"https:\/\/i0.wp.com\/www.ellensailing.se\/wp-content\/uploads\/2016\/07\/DSC_0567.jpg?fit=1200%2C797&ssl=1&resize=350%2C200 1x, https:\/\/i0.wp.com\/www.ellensailing.se\/wp-content\/uploads\/2016\/07\/DSC_0567.jpg?fit=1200%2C797&ssl=1&resize=525%2C300 1.5x, https:\/\/i0.wp.com\/www.ellensailing.se\/wp-content\/uploads\/2016\/07\/DSC_0567.jpg?fit=1200%2C797&ssl=1&resize=700%2C400 2x, https:\/\/i0.wp.com\/www.ellensailing.se\/wp-content\/uploads\/2016\/07\/DSC_0567.jpg?fit=1200%2C797&ssl=1&resize=1050%2C600 3x"},"classes":[]},{"id":240,"url":"https:\/\/www.ellensailing.se\/?p=240","url_meta":{"origin":1164,"position":5},"title":"B\u00e5tmekanikerkurs p\u00e5 Ingar\u00f6.","author":"peter@ellensailing.se","date":"15 februari, 2015","format":false,"excerpt":"Har varit p\u00e5 b\u00e5tmekaniker kurs p\u00e5 Ingar\u00f6 med Lasse, Molle och Hans. Har aldrig varit med om ett st\u00e4lle med s\u00e5 mycket prylar \u00f6verallt. H\u00f6gt och l\u00e5gt, skulle inte var kul att vara granne. Vi har dock l\u00e4rt oss massor av nya saker om varf\u00f6r b\u00e5tar sjunker. Allt m\u00e5ste l\u00f6sas\u2026","rel":"","context":"I \u201dOceanseglarkurs\u201d","block_context":{"text":"Oceanseglarkurs","link":"https:\/\/www.ellensailing.se\/?cat=7"},"img":{"alt_text":"","src":"https:\/\/i0.wp.com\/www.ellensailing.se\/wp-content\/uploads\/2015\/02\/IMG_3870.jpg?fit=1200%2C900&ssl=1&resize=350%2C200","width":350,"height":200,"srcset":"https:\/\/i0.wp.com\/www.ellensailing.se\/wp-content\/uploads\/2015\/02\/IMG_3870.jpg?fit=1200%2C900&ssl=1&resize=350%2C200 1x, https:\/\/i0.wp.com\/www.ellensailing.se\/wp-content\/uploads\/2015\/02\/IMG_3870.jpg?fit=1200%2C900&ssl=1&resize=525%2C300 1.5x, https:\/\/i0.wp.com\/www.ellensailing.se\/wp-content\/uploads\/2015\/02\/IMG_3870.jpg?fit=1200%2C900&ssl=1&resize=700%2C400 2x, https:\/\/i0.wp.com\/www.ellensailing.se\/wp-content\/uploads\/2015\/02\/IMG_3870.jpg?fit=1200%2C900&ssl=1&resize=1050%2C600 3x"},"classes":[]}],"jetpack_likes_enabled":false,"_links":{"self":[{"href":"https:\/\/www.ellensailing.se\/index.php?rest_route=\/wp\/v2\/posts\/1164","targetHints":{"allow":["GET"]}}],"collection":[{"href":"https:\/\/www.ellensailing.se\/index.php?rest_route=\/wp\/v2\/posts"}],"about":[{"href":"https:\/\/www.ellensailing.se\/index.php?rest_route=\/wp\/v2\/types\/post"}],"author":[{"embeddable":true,"href":"https:\/\/www.ellensailing.se\/index.php?rest_route=\/wp\/v2\/users\/1"}],"replies":[{"embeddable":true,"href":"https:\/\/www.ellensailing.se\/index.php?rest_route=%2Fwp%2Fv2%2Fcomments&post=1164"}],"version-history":[{"count":2,"href":"https:\/\/www.ellensailing.se\/index.php?rest_route=\/wp\/v2\/posts\/1164\/revisions"}],"predecessor-version":[{"id":1168,"href":"https:\/\/www.ellensailing.se\/index.php?rest_route=\/wp\/v2\/posts\/1164\/revisions\/1168"}],"wp:featuredmedia":[{"embeddable":true,"href":"https:\/\/www.ellensailing.se\/index.php?rest_route=\/wp\/v2\/media\/1166"}],"wp:attachment":[{"href":"https:\/\/www.ellensailing.se\/index.php?rest_route=%2Fwp%2Fv2%2Fmedia&parent=1164"}],"wp:term":[{"taxonomy":"category","embeddable":true,"href":"https:\/\/www.ellensailing.se\/index.php?rest_route=%2Fwp%2Fv2%2Fcategories&post=1164"},{"taxonomy":"post_tag","embeddable":true,"href":"https:\/\/www.ellensailing.se\/index.php?rest_route=%2Fwp%2Fv2%2Ftags&post=1164"}],"curies":[{"name":"wp","href":"https:\/\/api.w.org\/{rel}","templated":true}]}}