{"id":1156,"date":"2017-07-09T09:42:33","date_gmt":"2017-07-09T07:42:33","guid":{"rendered":"https:\/\/www.ellensailing.se\/?p=1156"},"modified":"2017-07-09T09:42:33","modified_gmt":"2017-07-09T07:42:33","slug":"helgsegling-med-lasse-och-helene-2","status":"publish","type":"post","link":"https:\/\/www.ellensailing.se\/?p=1156","title":{"rendered":"Helgsegling med Lasse och Helene!"},"content":{"rendered":"<p>Ig\u00e5r hade vi en fantastisk segling med Code1. B\u00e5ten verkligen \u00f6ste fram. Ingen v\u00e4rme men \u00e4nd\u00e5 mysigt. Idag seglar vi igen men idag bl\u00e5ser det inte mycket.<\/p>\n<p>Det h\u00e4r inl\u00e4gget blir det f\u00f6rsta som g\u00f6rs p\u00e5 hemsidan via XGate och satellittelefonen. Det \u00e4r ungef\u00e4r s\u00e5 h\u00e4r det kommer se ut n\u00e4r vi seglar \u00f6ver Atlanten, tyv\u00e4rr \u00e4r satelittelefonen ingen fiberinstallation s\u00e5 det blir inga bilder. Det f\u00e5r man l\u00e4gga till i efterhand.<\/p>\n","protected":false},"excerpt":{"rendered":"<p>Ig\u00e5r hade vi en fantastisk segling med Code1. B\u00e5ten verkligen \u00f6ste fram. Ingen v\u00e4rme men \u00e4nd\u00e5 mysigt. Idag seglar vi[&#8230;]<\/p>\n","protected":false},"author":1,"featured_media":0,"comment_status":"open","ping_status":"open","sticky":false,"template":"","format":"standard","meta":{"_jetpack_newsletter_access":"","_jetpack_dont_email_post_to_subs":false,"_jetpack_newsletter_tier_id":0,"_jetpack_memberships_contains_paywalled_content":false,"_jetpack_feature_clip_id":0,"_jetpack_memberships_contains_paid_content":false,"footnotes":"","jetpack_publicize_message":"","jetpack_publicize_feature_enabled":true,"jetpack_social_post_already_shared":true,"jetpack_social_options":{"image_generator_settings":{"template":"highway","default_image_id":0,"font":"","enabled":false},"version":2},"jetpack_post_was_ever_published":false},"categories":[21],"tags":[],"class_list":["post-1156","post","type-post","status-publish","format-standard","hentry","category-sommar-2017"],"jetpack_publicize_connections":[],"jetpack_featured_media_url":"","jetpack_sharing_enabled":true,"jetpack_shortlink":"https:\/\/wp.me\/p5G68R-iE","jetpack-related-posts":[{"id":1370,"url":"https:\/\/www.ellensailing.se\/?p=1370","url_meta":{"origin":1156,"position":0},"title":"Dag1, \u00f6verfart fr\u00e5n Lagos till Isla Graciosa","author":"peter@ellensailing.se","date":"5 oktober, 2017","format":false,"excerpt":"Idag vid 10 tiden s\u00e5 gled vi ut fr\u00e5n hamnen i Lagos. Det tog lite tid d\u00e5 receptionen inte \u00f6ppnade f\u00f6rr\u00e4n 9 och m\u00e5nga vill iv\u00e4g. Ingen seglelb\u00e5t kommer ut f\u00f6r man m\u00e5ste \u00f6ppna en g\u00e5ngbro f\u00f6r att komma ut. Vi passade p\u00e5 att tanka b\u00e5ten f\u00f6r det ser ut\u2026","rel":"","context":"I \u201dH\u00f6st 2017 till Grand Canrias.\u201d","block_context":{"text":"H\u00f6st 2017 till Grand Canrias.","link":"https:\/\/www.ellensailing.se\/?cat=22"},"img":{"alt_text":"","src":"","width":0,"height":0},"classes":[]},{"id":3656,"url":"https:\/\/www.ellensailing.se\/?p=3656","url_meta":{"origin":1156,"position":1},"title":"Nattsegling till Fakarava","author":"peter@ellensailing.se","date":"27 april, 2024","format":false,"excerpt":"Vi gick ut fr\u00e5n Tahanea vid 4 tiden. Det \u00e4r bara 50 Nm till Fakarava s\u00e5 det g\u00e4ller att segla l\u00e5ngsamt. Det \u00e4r inte alltid l\u00e4tt. Passet var ganska str\u00f6mt, runt 3 knop men det var inga problem. V\u00e4l ute satte vi genuan och seglade med vinden. N\u00e4r vi b\u00f6rjade\u2026","rel":"","context":"I \u201dS\u00f6derhavet\u201d","block_context":{"text":"S\u00f6derhavet","link":"https:\/\/www.ellensailing.se\/?cat=33"},"img":{"alt_text":"","src":"https:\/\/i0.wp.com\/www.ellensailing.se\/wp-content\/uploads\/2024\/04\/gptempdownload-26-1.jpg?fit=1200%2C900&ssl=1&resize=350%2C200","width":350,"height":200,"srcset":"https:\/\/i0.wp.com\/www.ellensailing.se\/wp-content\/uploads\/2024\/04\/gptempdownload-26-1.jpg?fit=1200%2C900&ssl=1&resize=350%2C200 1x, https:\/\/i0.wp.com\/www.ellensailing.se\/wp-content\/uploads\/2024\/04\/gptempdownload-26-1.jpg?fit=1200%2C900&ssl=1&resize=525%2C300 1.5x, https:\/\/i0.wp.com\/www.ellensailing.se\/wp-content\/uploads\/2024\/04\/gptempdownload-26-1.jpg?fit=1200%2C900&ssl=1&resize=700%2C400 2x, https:\/\/i0.wp.com\/www.ellensailing.se\/wp-content\/uploads\/2024\/04\/gptempdownload-26-1.jpg?fit=1200%2C900&ssl=1&resize=1050%2C600 3x"},"classes":[]},{"id":1155,"url":"https:\/\/www.ellensailing.se\/?p=1155","url_meta":{"origin":1156,"position":2},"title":"Helgsegling med Lasse och Helene!","author":"peter@ellensailing.se","date":"9 juli, 2017","format":false,"excerpt":"Ig\u00e5r hade vi en fantastisk segling med Code1. B\u00e5ten verkligen \u00f6ste fram. Ingen v\u00e4rme men \u00e4nd\u00e5 mysigt. Idag seglar vi igen men idag bl\u00e5ser det inte mycket. Det h\u00e4r inl\u00e4gget blir det f\u00f6rsta som g\u00f6rs p\u00e5 hemsidan via XGate och satellittelefonen. Det \u00e4r ungef\u00e4r s\u00e5 h\u00e4r det kommer se ut\u2026","rel":"","context":"I \u201dSommar 2017\u201d","block_context":{"text":"Sommar 2017","link":"https:\/\/www.ellensailing.se\/?cat=21"},"img":{"alt_text":"","src":"","width":0,"height":0},"classes":[]},{"id":2467,"url":"https:\/\/www.ellensailing.se\/?p=2467","url_meta":{"origin":1156,"position":3},"title":"Till Barbuda, vilken segling","author":"peter@ellensailing.se","date":"30 mars, 2019","format":false,"excerpt":"Efter vi l\u00e4mnat Torgny och Ewa s\u00e5 \u00e5kte vi norrut mot Antigua. Vi hade n\u00e5gra dagar i Falmouth d\u00e4r vi tr\u00e4ffade Mike och Nancy. Sk\u00f6nt par som seglat mer \u00e4n de flesta. De var ansvariga f\u00f6r Nirvana under alla \u00e5r och Mike hade ett varv i Newport. Idag s\u00e5 seglade\u2026","rel":"","context":"I \u201dV\u00e4stindien 2019\u201d","block_context":{"text":"V\u00e4stindien 2019","link":"https:\/\/www.ellensailing.se\/?cat=25"},"img":{"alt_text":"","src":"https:\/\/i0.wp.com\/www.ellensailing.se\/wp-content\/uploads\/2019\/03\/71DD7C30-01FE-4C89-962A-DCDC7FEDBD4A.jpeg?fit=1200%2C800&ssl=1&resize=350%2C200","width":350,"height":200,"srcset":"https:\/\/i0.wp.com\/www.ellensailing.se\/wp-content\/uploads\/2019\/03\/71DD7C30-01FE-4C89-962A-DCDC7FEDBD4A.jpeg?fit=1200%2C800&ssl=1&resize=350%2C200 1x, https:\/\/i0.wp.com\/www.ellensailing.se\/wp-content\/uploads\/2019\/03\/71DD7C30-01FE-4C89-962A-DCDC7FEDBD4A.jpeg?fit=1200%2C800&ssl=1&resize=525%2C300 1.5x, https:\/\/i0.wp.com\/www.ellensailing.se\/wp-content\/uploads\/2019\/03\/71DD7C30-01FE-4C89-962A-DCDC7FEDBD4A.jpeg?fit=1200%2C800&ssl=1&resize=700%2C400 2x, https:\/\/i0.wp.com\/www.ellensailing.se\/wp-content\/uploads\/2019\/03\/71DD7C30-01FE-4C89-962A-DCDC7FEDBD4A.jpeg?fit=1200%2C800&ssl=1&resize=1050%2C600 3x"},"classes":[]},{"id":508,"url":"https:\/\/www.ellensailing.se\/?p=508","url_meta":{"origin":1156,"position":4},"title":"Alla bra hamnar har priatskepp, fr\u00e5gan \u00e4r bara hur m\u00e5nga&#8230;","author":"peter@ellensailing.se","date":"16 juli, 2015","format":false,"excerpt":"Man kan skoja om mycket men jag m\u00e5ste s\u00e4ga att Polen \u00e4r helt fantastiskt. Billigt och trevliga m\u00e4nniskor.\u00a0 Det \u00e4r dock inte alltid man f\u00f6rst\u00e5r varandra. Det som \u00e4r konstigt \u00e4r att det inte \u00e4r fler turister h\u00e4r som har f\u00f6rmodligen v\u00e4rldens st\u00f6rsta plaja. Det \u00e4r n\u00e4stan inga fr\u00e5n utlandet\u2026","rel":"","context":"I \u201dSommar 2015\u201d","block_context":{"text":"Sommar 2015","link":"https:\/\/www.ellensailing.se\/?cat=4"},"img":{"alt_text":"","src":"https:\/\/i0.wp.com\/www.ellensailing.se\/wp-content\/uploads\/2015\/07\/DSC_0199.jpg?fit=1200%2C797&ssl=1&resize=350%2C200","width":350,"height":200,"srcset":"https:\/\/i0.wp.com\/www.ellensailing.se\/wp-content\/uploads\/2015\/07\/DSC_0199.jpg?fit=1200%2C797&ssl=1&resize=350%2C200 1x, https:\/\/i0.wp.com\/www.ellensailing.se\/wp-content\/uploads\/2015\/07\/DSC_0199.jpg?fit=1200%2C797&ssl=1&resize=525%2C300 1.5x, https:\/\/i0.wp.com\/www.ellensailing.se\/wp-content\/uploads\/2015\/07\/DSC_0199.jpg?fit=1200%2C797&ssl=1&resize=700%2C400 2x, https:\/\/i0.wp.com\/www.ellensailing.se\/wp-content\/uploads\/2015\/07\/DSC_0199.jpg?fit=1200%2C797&ssl=1&resize=1050%2C600 3x"},"classes":[]},{"id":3128,"url":"https:\/\/www.ellensailing.se\/?p=3128","url_meta":{"origin":1156,"position":5},"title":"Mj\u00e4lt\u00f6n, Sveriges h\u00f6gsta \u00f6!","author":"peter@ellensailing.se","date":"12 juli, 2021","format":false,"excerpt":"P\u00e5 fredagen s\u00e5 seglade vi iv\u00e4g tidigt p\u00e5 morgonen. Vi vill se s\u00e5 mycket som m\u00f6jligt s\u00e5 det blir inte s\u00e5 l\u00e5nga seglingar. Vi b\u00f6rjade med att segla till Mj\u00e4lt\u00f6n, Sveriges h\u00f6gsta \u00f6 som m\u00e4ter 235m\u00f6h. Det \u00e4r mycket fint v\u00e4der och det \u00e4r en otroligt fin liten vik som\u2026","rel":"","context":"I \u201dSegling 2021\u201d","block_context":{"text":"Segling 2021","link":"https:\/\/www.ellensailing.se\/?cat=28"},"img":{"alt_text":"","src":"https:\/\/i0.wp.com\/www.ellensailing.se\/wp-content\/uploads\/2021\/07\/Mjalton3.jpg?fit=640%2C428&ssl=1&resize=350%2C200","width":350,"height":200,"srcset":"https:\/\/i0.wp.com\/www.ellensailing.se\/wp-content\/uploads\/2021\/07\/Mjalton3.jpg?fit=640%2C428&ssl=1&resize=350%2C200 1x, https:\/\/i0.wp.com\/www.ellensailing.se\/wp-content\/uploads\/2021\/07\/Mjalton3.jpg?fit=640%2C428&ssl=1&resize=525%2C300 1.5x"},"classes":[]}],"jetpack_likes_enabled":false,"_links":{"self":[{"href":"https:\/\/www.ellensailing.se\/index.php?rest_route=\/wp\/v2\/posts\/1156","targetHints":{"allow":["GET"]}}],"collection":[{"href":"https:\/\/www.ellensailing.se\/index.php?rest_route=\/wp\/v2\/posts"}],"about":[{"href":"https:\/\/www.ellensailing.se\/index.php?rest_route=\/wp\/v2\/types\/post"}],"author":[{"embeddable":true,"href":"https:\/\/www.ellensailing.se\/index.php?rest_route=\/wp\/v2\/users\/1"}],"replies":[{"embeddable":true,"href":"https:\/\/www.ellensailing.se\/index.php?rest_route=%2Fwp%2Fv2%2Fcomments&post=1156"}],"version-history":[{"count":0,"href":"https:\/\/www.ellensailing.se\/index.php?rest_route=\/wp\/v2\/posts\/1156\/revisions"}],"wp:attachment":[{"href":"https:\/\/www.ellensailing.se\/index.php?rest_route=%2Fwp%2Fv2%2Fmedia&parent=1156"}],"wp:term":[{"taxonomy":"category","embeddable":true,"href":"https:\/\/www.ellensailing.se\/index.php?rest_route=%2Fwp%2Fv2%2Fcategories&post=1156"},{"taxonomy":"post_tag","embeddable":true,"href":"https:\/\/www.ellensailing.se\/index.php?rest_route=%2Fwp%2Fv2%2Ftags&post=1156"}],"curies":[{"name":"wp","href":"https:\/\/api.w.org\/{rel}","templated":true}]}}