{"id":1114,"date":"2017-04-14T00:27:08","date_gmt":"2017-04-13T22:27:08","guid":{"rendered":"https:\/\/www.ellensailing.se\/?p=1114"},"modified":"2017-04-14T00:27:08","modified_gmt":"2017-04-13T22:27:08","slug":"flytten-har-gatt-till-magasinet-och-amerikanska-visumet-ar-klart","status":"publish","type":"post","link":"https:\/\/www.ellensailing.se\/?p=1114","title":{"rendered":"Flytten har g\u00e5tt till magasinet och Amerikanska visumet \u00e4r klart"},"content":{"rendered":"<p>Nu har flyttlasset g\u00e5tt fr\u00e5n v\u00e5rt boende till Magasinet. Vi b\u00f6rjade redan i h\u00f6stas att rensa rum f\u00f6r rum. Vi har fyllt sl\u00e4pet med skr\u00e4p och \u00e5kt minst fyra v\u00e4ndor. Massor med sk\u00e4p blir det. Dessutom har vi skickat iv\u00e4g saker som vi tror kan beh\u00f6vas av andra och kan komma till nytta. Det k\u00e4nns otroligt sk\u00f6nt i sk\u00e4len att gjort detta en g\u00e5ng f\u00f6r alltid. N\u00e5gra av mina v\u00e4nner undrar s\u00e4kert om de kartonger de flyttat m\u00e5nga g\u00e5nger, typ alla mina kepsar. Ja, de finns kvar och \u00e4r v\u00e4l g\u00f6mda f\u00f6r Jackline, men det \u00e4r det enda (n\u00e4stan). Mina f\u00f6r\u00e4ldras vaccinationskort \u00e4r borta och s\u00e5 \u00e4r det med mycket annat med. Just kepsarna kan jag ju inte sl\u00e4nga hur som helst.<\/p>\n<p>Tack Gun &amp; Wille som hj\u00e4lpte oss idag. Det gick sjukt fortmed \u00a0allt, men det klart vi har ju redan k\u00f6rt ut 3 lass till magasinet. Kvar har vi v\u00e5ra s\u00e4ngar, lite kastruller och s\u00e5. Blir ett halt lass till. Den 27:e april kommer flyttst\u00e4dningen och den 28:e l\u00e4mnar vi \u00f6ver nycklaarna till Ronald med familj. Det k\u00e4nns ocks\u00e5 j\u00e4ttebra att hyra ut huset det en s\u00e5dan fin familj. De har bott i Sverige i tre \u00e5r och \u00e4r fr\u00e5n Amerika och pratar perfekt Svenska, \u00e4r helt imponerade att de kan prata huskybusky.<\/p>\n<p>&nbsp;<\/p>\n<p>&nbsp;<\/p>\n<figure id=\"attachment_1118\" aria-describedby=\"caption-attachment-1118\" style=\"width: 640px\" class=\"wp-caption aligncenter\"><a href=\"https:\/\/i0.wp.com\/www.ellensailing.se\/wp-content\/uploads\/2017\/04\/tomt4.jpg?ssl=1\"><img data-recalc-dims=\"1\" fetchpriority=\"high\" decoding=\"async\" class=\"wp-image-1118 size-full\" src=\"https:\/\/i0.wp.com\/www.ellensailing.se\/wp-content\/uploads\/2017\/04\/tomt4.jpg?resize=640%2C480&#038;ssl=1\" alt=\"\" width=\"640\" height=\"480\" srcset=\"https:\/\/i0.wp.com\/www.ellensailing.se\/wp-content\/uploads\/2017\/04\/tomt4.jpg?w=640&amp;ssl=1 640w, https:\/\/i0.wp.com\/www.ellensailing.se\/wp-content\/uploads\/2017\/04\/tomt4.jpg?resize=300%2C225&amp;ssl=1 300w, https:\/\/i0.wp.com\/www.ellensailing.se\/wp-content\/uploads\/2017\/04\/tomt4.jpg?resize=320%2C240&amp;ssl=1 320w\" sizes=\"(max-width: 640px) 100vw, 640px\" \/><\/a><figcaption id=\"caption-attachment-1118\" class=\"wp-caption-text\">Fr\u00e5n k\u00f6ket till vardagsrummet<\/figcaption><\/figure>\n<p>&nbsp;<\/p>\n<figure id=\"attachment_1117\" aria-describedby=\"caption-attachment-1117\" style=\"width: 640px\" class=\"wp-caption aligncenter\"><a href=\"https:\/\/i0.wp.com\/www.ellensailing.se\/wp-content\/uploads\/2017\/04\/tomt3.jpg?ssl=1\"><img data-recalc-dims=\"1\" decoding=\"async\" class=\"wp-image-1117 size-full\" src=\"https:\/\/i0.wp.com\/www.ellensailing.se\/wp-content\/uploads\/2017\/04\/tomt3.jpg?resize=640%2C480&#038;ssl=1\" alt=\"\" width=\"640\" height=\"480\" srcset=\"https:\/\/i0.wp.com\/www.ellensailing.se\/wp-content\/uploads\/2017\/04\/tomt3.jpg?w=640&amp;ssl=1 640w, https:\/\/i0.wp.com\/www.ellensailing.se\/wp-content\/uploads\/2017\/04\/tomt3.jpg?resize=300%2C225&amp;ssl=1 300w, https:\/\/i0.wp.com\/www.ellensailing.se\/wp-content\/uploads\/2017\/04\/tomt3.jpg?resize=320%2C240&amp;ssl=1 320w\" sizes=\"(max-width: 640px) 100vw, 640px\" \/><\/a><figcaption id=\"caption-attachment-1117\" class=\"wp-caption-text\">K\u00f6ket n\u00e4stan tomt, m\u00e5ste kunna laga lite mat.<\/figcaption><\/figure>\n<h2>S\u00e5 h\u00e4r gjorde vi f\u00f6r att f\u00e5 USA Visum i 10 \u00e5r<\/h2>\n<p><a href=\"https:\/\/i0.wp.com\/www.ellensailing.se\/wp-content\/uploads\/2017\/04\/usaflagga.jpg?ssl=1\"><img data-recalc-dims=\"1\" decoding=\"async\" class=\"aligncenter size-full wp-image-1119\" src=\"https:\/\/i0.wp.com\/www.ellensailing.se\/wp-content\/uploads\/2017\/04\/usaflagga.jpg?resize=840%2C483&#038;ssl=1\" alt=\"\" width=\"840\" height=\"483\" srcset=\"https:\/\/i0.wp.com\/www.ellensailing.se\/wp-content\/uploads\/2017\/04\/usaflagga.jpg?w=849&amp;ssl=1 849w, https:\/\/i0.wp.com\/www.ellensailing.se\/wp-content\/uploads\/2017\/04\/usaflagga.jpg?resize=300%2C172&amp;ssl=1 300w, https:\/\/i0.wp.com\/www.ellensailing.se\/wp-content\/uploads\/2017\/04\/usaflagga.jpg?resize=768%2C441&amp;ssl=1 768w\" sizes=\"(max-width: 840px) 100vw, 840px\" \/><\/a><\/p>\n<p>&nbsp;<\/p>\n<p>En vanlig fr\u00e5ga som brukar dyka upp \u00e4r n\u00e4r man kommer norrut i Karibien och b\u00f6rjar n\u00e4rma sig USA . Hur skall man g\u00f6ra med Visum eller kan man l\u00f6sa det genom att l\u00f6sa ESTA. F\u00f6r att inte hamna i n\u00e5gra konstigheter best\u00e4mde vi oss f\u00f6r att skaffa visum. Det finns s\u00e4kert massa av olika s\u00e4tt att g\u00f6ra p\u00e5 men detta\u00a0tips fick vi av Conny och Carina p\u00e5 Ultimmo, och det gick bra. Tack f\u00f6r det!<\/p>\n<p><span data-ft=\"{&quot;tn&quot;:&quot;K&quot;}\"><span class=\"UFICommentBody\">B\u00f6rja med att skaffa ett login p\u00e5 https:\/\/cgifederal.secure.force.com\/SiteRegister<\/span><\/span><\/p>\n<p><span data-ft=\"{&quot;tn&quot;:&quot;K&quot;}\"><span class=\"UFICommentBody\"><span class=\"UFICommentBody _1n4g\">Se till att du har ett pass som \u00e4r giltigt s\u00e5 l\u00e4nge som m\u00f6jligt. G\u00f6r n\u00e5gra passbilder enligt de amerikanska reglerna, tips \u00e4r att g\u00e5 till typ Solna Fotocenter som vet vad som beh\u00f6vs. D\u00e4refter skall du fylla i formul\u00e4ret DS-160 <a dir=\"ltr\" href=\"https:\/\/l.facebook.com\/l.php?u=https%3A%2F%2Fceac.state.gov%2Fgenniv%2F&amp;h=ATMLi7QPej0rOKbu2H0yzszBxCr1etblGRC5AyEI3APxlWf-ie3LLZCuXHPbn8_VBL3QliGZyxoVFOgnLuArgT0Y1hnqghHlLKwnNvbHra0PJSSIQEafAIQrTyVD6MW-taU\" target=\"_blank\" rel=\"nofollow\">https:\/\/ceac.state.gov\/genniv\/<\/a> . Det \u00e4r p\u00e5 m\u00e5nga sidor. Kom ih\u00e5g och skriv upp alla koder som dyker upp s\u00e5 att du enkelt kan g\u00e5 tillbaka. I formul\u00e4ret s\u00e5 kommer du f\u00e5 v\u00e4lja vilket visum du skall ha och det \u00e4r B1, B2 som skall v\u00e4ljas. D\u00e4r man skall fylla i vart man skall vistas, d\u00e4r\u00a0angav vi Circumnavigation och v\u00e5rt MMSI nr. D\u00e5 vet man vart man kan finna en. Vi angav ocks\u00e5 v\u00e5ra mobilnummer. N\u00e4r allt \u00e4r ifyllt s\u00e5 betalar man 1495:- f\u00f6r visumet och kan d\u00e5 boka tid f\u00f6r intervjuv. Vi bokade tid 08.45 och var d\u00e4r innan kl 08 och fick v\u00e4nta j\u00e4ttel\u00e4nge innan vi hade kommit igenom s\u00e4kerhetskontrollen. Att t\u00e4nka p\u00e5 \u00e4r att man f\u00e5r inte ta med sig n\u00e5gon elekronik in (ej heller telefon). N\u00e4r man kommer in s\u00e5 skall man ta en nummerlapp och l\u00e4mna in handlingar i luckan. Ta med skeppspapper och SXK regbevis, det \u00e4r det som bevisar att du skall ut och segla eller n\u00e5got\u00a0 annat. Allt f\u00f6r att bevisa att du skall ut och segla, kanske anm\u00e4lan till ARC. D\u00e4refter blir ni uppropade och intervjuven tar enbart n\u00e5gra minuter. Vi var d\u00e4r fr\u00e5n 8-11 innan vi var klara. De beh\u00e5ller passen och skickar hem dem efter ca en vecka. Vi beg\u00e4rde visum i tre \u00e5r och fick 10 \u00e5r. <\/span><\/span><\/span><\/p>\n<p>Undrar vad vi skall med visumet till n\u00e4r passen \u00e4r bara giltiga i fem \u00e5r, eller vad det \u00e4r&#8230;<\/p>\n<p>Det b\u00f6rjar verkligen n\u00e4rma sig och allt det vi g\u00f6r s\u00e5 kommer allt n\u00e4rmare, sp\u00e4nnande och lite pirrande.<\/p>\n<p>Oceanseglarklubben har gett oss s\u00e5 mycket inspiration och vi har f\u00e5tt s\u00e5 mycket nya v\u00e4nner s\u00e5 det \u00e4r helt galet \u00e5t det! Sista tr\u00e4ffen p\u00e5 Londoner var det 26 personer. Att tr\u00e4ffa alla som \u00e4r ute eller som \u00e4r p\u00e5 v\u00e4g \u00e4r s\u00e5 inspererande. Att tr\u00e4ffa &#8221;Grekerna&#8221; Anne och Kess som har utmanat oss vem som \u00e4r\u00a0f\u00f6rst \u00f6ver Atlanten var s\u00e5 kul. K\u00e4nns som en stor utmaning, trots att en flaska skumpa st\u00e5r p\u00e5 spel.<\/p>\n<p>&nbsp;<\/p>\n<p>&nbsp;<\/p>\n<p>&nbsp;<\/p>\n<p>&nbsp;<\/p>\n","protected":false},"excerpt":{"rendered":"<p>Nu har flyttlasset g\u00e5tt fr\u00e5n v\u00e5rt boende till Magasinet. Vi b\u00f6rjade redan i h\u00f6stas att rensa rum f\u00f6r rum. Vi[&#8230;]<\/p>\n","protected":false},"author":1,"featured_media":1119,"comment_status":"open","ping_status":"open","sticky":false,"template":"","format":"standard","meta":{"_jetpack_newsletter_access":"","_jetpack_dont_email_post_to_subs":false,"_jetpack_newsletter_tier_id":0,"_jetpack_memberships_contains_paywalled_content":false,"_jetpack_feature_clip_id":0,"_jetpack_memberships_contains_paid_content":false,"footnotes":"","jetpack_publicize_message":"","jetpack_publicize_feature_enabled":true,"jetpack_social_post_already_shared":true,"jetpack_social_options":{"image_generator_settings":{"template":"highway","default_image_id":0,"font":"","enabled":false},"version":2},"jetpack_post_was_ever_published":false},"categories":[3],"tags":[],"class_list":["post-1114","post","type-post","status-publish","format-standard","has-post-thumbnail","hentry","category-baten-pa-land"],"jetpack_publicize_connections":[],"jetpack_featured_media_url":"https:\/\/i0.wp.com\/www.ellensailing.se\/wp-content\/uploads\/2017\/04\/usaflagga.jpg?fit=849%2C488&ssl=1","jetpack_sharing_enabled":true,"jetpack_shortlink":"https:\/\/wp.me\/p5G68R-hY","jetpack-related-posts":[{"id":2239,"url":"https:\/\/www.ellensailing.se\/?p=2239","url_meta":{"origin":1114,"position":0},"title":"En sorglig historia!","author":"peter@ellensailing.se","date":"1 maj, 2018","format":false,"excerpt":"En sorglig historia \u00e4r att Ellen \u00e4r nu p\u00e5 land! K\u00e4nns konstigt att vi ska f\u00e5 sova i en vanlig s\u00e4ng efter precis 8 m\u00e5nader. Vi har hyrt ett litet rum p\u00e5 marinan som har dusch, s\u00e4ng, micro och vattenkokare. Vad mer beh\u00f6ver man. Tiden i Prickley Bay har varit\u2026","rel":"","context":"I \u201dV\u00e4stindien 2017-2018\u201d","block_context":{"text":"V\u00e4stindien 2017-2018","link":"https:\/\/www.ellensailing.se\/?cat=24"},"img":{"alt_text":"","src":"https:\/\/i0.wp.com\/www.ellensailing.se\/wp-content\/uploads\/2018\/05\/02B930B7-8CE7-4149-831A-3E72BF7D51DD.jpeg?fit=1200%2C900&ssl=1&resize=350%2C200","width":350,"height":200,"srcset":"https:\/\/i0.wp.com\/www.ellensailing.se\/wp-content\/uploads\/2018\/05\/02B930B7-8CE7-4149-831A-3E72BF7D51DD.jpeg?fit=1200%2C900&ssl=1&resize=350%2C200 1x, https:\/\/i0.wp.com\/www.ellensailing.se\/wp-content\/uploads\/2018\/05\/02B930B7-8CE7-4149-831A-3E72BF7D51DD.jpeg?fit=1200%2C900&ssl=1&resize=525%2C300 1.5x, https:\/\/i0.wp.com\/www.ellensailing.se\/wp-content\/uploads\/2018\/05\/02B930B7-8CE7-4149-831A-3E72BF7D51DD.jpeg?fit=1200%2C900&ssl=1&resize=700%2C400 2x, https:\/\/i0.wp.com\/www.ellensailing.se\/wp-content\/uploads\/2018\/05\/02B930B7-8CE7-4149-831A-3E72BF7D51DD.jpeg?fit=1200%2C900&ssl=1&resize=1050%2C600 3x"},"classes":[]},{"id":3386,"url":"https:\/\/www.ellensailing.se\/?p=3386","url_meta":{"origin":1114,"position":1},"title":"Seaplane Harbour Museum.","author":"peter@ellensailing.se","date":"14 juli, 2023","format":false,"excerpt":"Idag b\u00f6rjar Seaplane Harbour festivalen som h\u00e5ller p\u00e5 hela helgen. Det har byggs upp scener och \u00f6l och vinf\u00e4lt \u00f6verallt och det kommer var mycket aktiviteter med upptr\u00e4danden samt kappseglingar. Men vi inledde dagen med Museum bes\u00f6k. Kapten Peter framf\u00f6r ub\u00e5ten Lembit! Hangaren \u00e4r renoverad sedan 2009 och museet \u00e4r\u2026","rel":"","context":"I \u201dSegling 2023\u201d","block_context":{"text":"Segling 2023","link":"https:\/\/www.ellensailing.se\/?cat=31"},"img":{"alt_text":"","src":"https:\/\/i0.wp.com\/www.ellensailing.se\/wp-content\/uploads\/2023\/07\/tervitusi-lennusadamast-1.jpg?fit=1200%2C750&ssl=1&resize=350%2C200","width":350,"height":200,"srcset":"https:\/\/i0.wp.com\/www.ellensailing.se\/wp-content\/uploads\/2023\/07\/tervitusi-lennusadamast-1.jpg?fit=1200%2C750&ssl=1&resize=350%2C200 1x, https:\/\/i0.wp.com\/www.ellensailing.se\/wp-content\/uploads\/2023\/07\/tervitusi-lennusadamast-1.jpg?fit=1200%2C750&ssl=1&resize=525%2C300 1.5x, https:\/\/i0.wp.com\/www.ellensailing.se\/wp-content\/uploads\/2023\/07\/tervitusi-lennusadamast-1.jpg?fit=1200%2C750&ssl=1&resize=700%2C400 2x, https:\/\/i0.wp.com\/www.ellensailing.se\/wp-content\/uploads\/2023\/07\/tervitusi-lennusadamast-1.jpg?fit=1200%2C750&ssl=1&resize=1050%2C600 3x"},"classes":[]},{"id":360,"url":"https:\/\/www.ellensailing.se\/?p=360","url_meta":{"origin":1114,"position":2},"title":"PUH! Utsj\u00f6skepparen avklarad.","author":"peter@ellensailing.se","date":"18 maj, 2015","format":false,"excerpt":"St\u00f6n och st\u00e5nk. Idag klarade jag Utsj\u00f6skepparexamen, men det var p\u00e5 fisens mossor... Snacka om att r\u00e4kna fram och tillbaka p\u00e5 sekund\u00e4rhamnar, tider, h\u00f6gvatten, l\u00e5gvatten, str\u00f6mmar hit och dit. Det var en hel del som man borde k\u00e4nt till och kunnat, men jag\u00a0hade inte lagt n\u00e5got\u00a0fokus p\u00e5 det. Har nog\u2026","rel":"","context":"I \u201dOceanseglarkurs\u201d","block_context":{"text":"Oceanseglarkurs","link":"https:\/\/www.ellensailing.se\/?cat=7"},"img":{"alt_text":"","src":"https:\/\/i0.wp.com\/www.ellensailing.se\/wp-content\/uploads\/2015\/05\/IMG_4266-e1431980568187.jpg?fit=900%2C1200&ssl=1&resize=350%2C200","width":350,"height":200,"srcset":"https:\/\/i0.wp.com\/www.ellensailing.se\/wp-content\/uploads\/2015\/05\/IMG_4266-e1431980568187.jpg?fit=900%2C1200&ssl=1&resize=350%2C200 1x, https:\/\/i0.wp.com\/www.ellensailing.se\/wp-content\/uploads\/2015\/05\/IMG_4266-e1431980568187.jpg?fit=900%2C1200&ssl=1&resize=525%2C300 1.5x, https:\/\/i0.wp.com\/www.ellensailing.se\/wp-content\/uploads\/2015\/05\/IMG_4266-e1431980568187.jpg?fit=900%2C1200&ssl=1&resize=700%2C400 2x"},"classes":[]},{"id":786,"url":"https:\/\/www.ellensailing.se\/?p=786","url_meta":{"origin":1114,"position":3},"title":"Det g\u00e5r inte alltid som man t\u00e4nkt sig!","author":"peter@ellensailing.se","date":"21 mars, 2016","format":false,"excerpt":"Tanken var att vi bara skulle slipa av ytan p\u00e5 den befintliga f\u00e4rgen. Vi hade n\u00e5gra sm\u00e5 sl\u00e4pp av den gamla f\u00e4rgen. Vi provade att skrapa lite vid dessa fl\u00e4ckar och d\u00e5 lossnade all f\u00e4rg direkt. Provade att skrapa lite till och vips s\u00e5 var det en kvadrat borta. Det\u2026","rel":"","context":"I \u201dB\u00e5ten p\u00e5 land\u201d","block_context":{"text":"B\u00e5ten p\u00e5 land","link":"https:\/\/www.ellensailing.se\/?cat=3"},"img":{"alt_text":"","src":"https:\/\/i0.wp.com\/www.ellensailing.se\/wp-content\/uploads\/2016\/03\/Grapparna.jpg?fit=1200%2C675&ssl=1&resize=350%2C200","width":350,"height":200,"srcset":"https:\/\/i0.wp.com\/www.ellensailing.se\/wp-content\/uploads\/2016\/03\/Grapparna.jpg?fit=1200%2C675&ssl=1&resize=350%2C200 1x, https:\/\/i0.wp.com\/www.ellensailing.se\/wp-content\/uploads\/2016\/03\/Grapparna.jpg?fit=1200%2C675&ssl=1&resize=525%2C300 1.5x, https:\/\/i0.wp.com\/www.ellensailing.se\/wp-content\/uploads\/2016\/03\/Grapparna.jpg?fit=1200%2C675&ssl=1&resize=700%2C400 2x, https:\/\/i0.wp.com\/www.ellensailing.se\/wp-content\/uploads\/2016\/03\/Grapparna.jpg?fit=1200%2C675&ssl=1&resize=1050%2C600 3x"},"classes":[]},{"id":1875,"url":"https:\/\/www.ellensailing.se\/?p=1875","url_meta":{"origin":1114,"position":4},"title":"P\u00e5 g\u00e5ng med konstiga vindar och svall fr\u00e5n Nord!","author":"peter@ellensailing.se","date":"4 mars, 2018","format":false,"excerpt":"Vi har haft det kanon i English Harbour ett par dagar och vi verkligen tveksam om vi skulle flytta oss, men vi beh\u00f6vde g\u00f6ra vatten och t\u00f6mma tankar s\u00e5 vi begav oss iv\u00e4g i morse. Anledningen till att vi var tveksamma \u00e4r att vinden skall g\u00f6ra en 360 med sydliga,\u2026","rel":"","context":"I \u201dV\u00e4stindien 2017-2018\u201d","block_context":{"text":"V\u00e4stindien 2017-2018","link":"https:\/\/www.ellensailing.se\/?cat=24"},"img":{"alt_text":"","src":"https:\/\/i0.wp.com\/www.ellensailing.se\/wp-content\/uploads\/2018\/03\/D957C22C-5892-4FCF-90A0-B40520182026.jpeg?fit=1200%2C900&ssl=1&resize=350%2C200","width":350,"height":200,"srcset":"https:\/\/i0.wp.com\/www.ellensailing.se\/wp-content\/uploads\/2018\/03\/D957C22C-5892-4FCF-90A0-B40520182026.jpeg?fit=1200%2C900&ssl=1&resize=350%2C200 1x, https:\/\/i0.wp.com\/www.ellensailing.se\/wp-content\/uploads\/2018\/03\/D957C22C-5892-4FCF-90A0-B40520182026.jpeg?fit=1200%2C900&ssl=1&resize=525%2C300 1.5x, https:\/\/i0.wp.com\/www.ellensailing.se\/wp-content\/uploads\/2018\/03\/D957C22C-5892-4FCF-90A0-B40520182026.jpeg?fit=1200%2C900&ssl=1&resize=700%2C400 2x, https:\/\/i0.wp.com\/www.ellensailing.se\/wp-content\/uploads\/2018\/03\/D957C22C-5892-4FCF-90A0-B40520182026.jpeg?fit=1200%2C900&ssl=1&resize=1050%2C600 3x"},"classes":[]},{"id":1298,"url":"https:\/\/www.ellensailing.se\/?p=1298","url_meta":{"origin":1114,"position":5},"title":"Sista utposten i Spanien blev Baiona, d\u00e4refter har vi g\u00e5tt till Portugal.","author":"peter@ellensailing.se","date":"18 september, 2017","format":false,"excerpt":"Efter helt underbara dagar p\u00e5 Isla Cies s\u00e5 seglade vi ner mot Baiona. Som vanligt ingen vind men vi hade i alla fall medvind. Vi kom in till Baiona p\u00e5 tidig eftermiddag vilket var planen. Vi har haft ett vattenl\u00e4ckage p\u00e5 s\u00f6tvatten s\u00e5 vi best\u00e4mde oss f\u00f6r att riva bort\u2026","rel":"","context":"I \u201dH\u00f6st 2017 till Grand Canrias.\u201d","block_context":{"text":"H\u00f6st 2017 till Grand Canrias.","link":"https:\/\/www.ellensailing.se\/?cat=22"},"img":{"alt_text":"","src":"https:\/\/i0.wp.com\/www.ellensailing.se\/wp-content\/uploads\/2017\/09\/DSC2681.jpg?fit=1200%2C802&ssl=1&resize=350%2C200","width":350,"height":200,"srcset":"https:\/\/i0.wp.com\/www.ellensailing.se\/wp-content\/uploads\/2017\/09\/DSC2681.jpg?fit=1200%2C802&ssl=1&resize=350%2C200 1x, https:\/\/i0.wp.com\/www.ellensailing.se\/wp-content\/uploads\/2017\/09\/DSC2681.jpg?fit=1200%2C802&ssl=1&resize=525%2C300 1.5x, https:\/\/i0.wp.com\/www.ellensailing.se\/wp-content\/uploads\/2017\/09\/DSC2681.jpg?fit=1200%2C802&ssl=1&resize=700%2C400 2x, https:\/\/i0.wp.com\/www.ellensailing.se\/wp-content\/uploads\/2017\/09\/DSC2681.jpg?fit=1200%2C802&ssl=1&resize=1050%2C600 3x"},"classes":[]}],"jetpack_likes_enabled":false,"_links":{"self":[{"href":"https:\/\/www.ellensailing.se\/index.php?rest_route=\/wp\/v2\/posts\/1114","targetHints":{"allow":["GET"]}}],"collection":[{"href":"https:\/\/www.ellensailing.se\/index.php?rest_route=\/wp\/v2\/posts"}],"about":[{"href":"https:\/\/www.ellensailing.se\/index.php?rest_route=\/wp\/v2\/types\/post"}],"author":[{"embeddable":true,"href":"https:\/\/www.ellensailing.se\/index.php?rest_route=\/wp\/v2\/users\/1"}],"replies":[{"embeddable":true,"href":"https:\/\/www.ellensailing.se\/index.php?rest_route=%2Fwp%2Fv2%2Fcomments&post=1114"}],"version-history":[{"count":2,"href":"https:\/\/www.ellensailing.se\/index.php?rest_route=\/wp\/v2\/posts\/1114\/revisions"}],"predecessor-version":[{"id":1121,"href":"https:\/\/www.ellensailing.se\/index.php?rest_route=\/wp\/v2\/posts\/1114\/revisions\/1121"}],"wp:featuredmedia":[{"embeddable":true,"href":"https:\/\/www.ellensailing.se\/index.php?rest_route=\/wp\/v2\/media\/1119"}],"wp:attachment":[{"href":"https:\/\/www.ellensailing.se\/index.php?rest_route=%2Fwp%2Fv2%2Fmedia&parent=1114"}],"wp:term":[{"taxonomy":"category","embeddable":true,"href":"https:\/\/www.ellensailing.se\/index.php?rest_route=%2Fwp%2Fv2%2Fcategories&post=1114"},{"taxonomy":"post_tag","embeddable":true,"href":"https:\/\/www.ellensailing.se\/index.php?rest_route=%2Fwp%2Fv2%2Ftags&post=1114"}],"curies":[{"name":"wp","href":"https:\/\/api.w.org\/{rel}","templated":true}]}}