{"id":1099,"date":"2017-02-09T22:00:46","date_gmt":"2017-02-09T21:00:46","guid":{"rendered":"https:\/\/www.ellensailing.se\/?p=1099"},"modified":"2017-02-09T22:00:46","modified_gmt":"2017-02-09T21:00:46","slug":"nu-borjar-det-kannas-pa-riktigt","status":"publish","type":"post","link":"https:\/\/www.ellensailing.se\/?p=1099","title":{"rendered":"Nu b\u00f6rjar det k\u00e4nnas p\u00e5 riktigt!"},"content":{"rendered":"<p><a href=\"https:\/\/i0.wp.com\/www.ellensailing.se\/wp-content\/uploads\/2017\/02\/IMG_5744.jpg?ssl=1\"><img data-recalc-dims=\"1\" fetchpriority=\"high\" decoding=\"async\" class=\"aligncenter wp-image-1101 size-large\" src=\"https:\/\/i0.wp.com\/www.ellensailing.se\/wp-content\/uploads\/2017\/02\/IMG_5744-e1486673307212-768x1024.jpg?resize=640%2C853&#038;ssl=1\" width=\"640\" height=\"853\" srcset=\"https:\/\/i0.wp.com\/www.ellensailing.se\/wp-content\/uploads\/2017\/02\/IMG_5744-e1486673307212.jpg?resize=768%2C1024&amp;ssl=1 768w, https:\/\/i0.wp.com\/www.ellensailing.se\/wp-content\/uploads\/2017\/02\/IMG_5744-e1486673307212.jpg?resize=225%2C300&amp;ssl=1 225w, https:\/\/i0.wp.com\/www.ellensailing.se\/wp-content\/uploads\/2017\/02\/IMG_5744-e1486673307212.jpg?w=1512&amp;ssl=1 1512w\" sizes=\"(max-width: 640px) 100vw, 640px\" \/><\/a><\/p>\n<p>Ig\u00e5r var vi och lyssnade p\u00e5 Markus och Emelie p\u00e5 S\/Y Emma som kom hem i h\u00f6stas. Tack Markus och Emelie, j\u00e4ttekul att lyssna p\u00e5 era erfarenheter fr\u00e5n Sverige till Karibien och hem igen. Det gjorde ni j\u00e4ttebra och s\u00e5 kul att\u00a0s\u00e5 m\u00e5nga intresserade kom och lyssnade. Helt underbart att f\u00e5 se bilder och h\u00f6ra om era erfarenheter.<\/p>\n<p>Det gjorde att dr\u00f6mmarna satte fart igen, s\u00e5 idag blev det inhandlande av flyttkartonger och silkespapper. Det b\u00f6rjar verkligen n\u00e4rma sig f\u00f6r oss. Det \u00e4r verkligen kul att lyssna p\u00e5 alla som har varit iv\u00e4g om \u00e4n att alla verkligen har olika uppfattningar om saker och ting. Jag lovar att vi kommer att h\u00f6ra av oss mer om vilka st\u00e4llen vi skall bes\u00f6ka. Jag och namn \u00e4r inte kompisar s\u00e5 jag kommer s\u00e4llan ih\u00e5g. Kommer mejla er om alla st\u00e4llen ni ber\u00e4ttade om.<\/p>\n<p>Idag tog vi f\u00f6rsta taget med\u00a0att b\u00f6rja packa ner huset. Allt porslin i vardagsrummet och alla prydnadssaker \u00e4r nu nerpackat i kartonger och faktiskt det mesta i k\u00f6ket som vi inte anv\u00e4nder s\u00e5 ofta som finporslin och en massa vaser och byttor.<\/p>\n<p>Nu b\u00f6rjar det verkligen n\u00e4rma sig, ljusare tider, alla kompisar som redan \u00e4r i V\u00e4stindien, Stilla oceanen och s\u00e5 vidare. K\u00e4nns som hela luften darrar&#8230;<\/p>\n<p><a href=\"https:\/\/i0.wp.com\/www.ellensailing.se\/wp-content\/uploads\/2017\/02\/IMG_5743.jpg?ssl=1\"><img data-recalc-dims=\"1\" decoding=\"async\" class=\"aligncenter size-large wp-image-1100\" src=\"https:\/\/i0.wp.com\/www.ellensailing.se\/wp-content\/uploads\/2017\/02\/IMG_5743.jpg?resize=640%2C480&#038;ssl=1\" alt=\"\" width=\"640\" height=\"480\" srcset=\"https:\/\/i0.wp.com\/www.ellensailing.se\/wp-content\/uploads\/2017\/02\/IMG_5743.jpg?resize=1024%2C768&amp;ssl=1 1024w, https:\/\/i0.wp.com\/www.ellensailing.se\/wp-content\/uploads\/2017\/02\/IMG_5743.jpg?resize=300%2C225&amp;ssl=1 300w, https:\/\/i0.wp.com\/www.ellensailing.se\/wp-content\/uploads\/2017\/02\/IMG_5743.jpg?resize=768%2C576&amp;ssl=1 768w, https:\/\/i0.wp.com\/www.ellensailing.se\/wp-content\/uploads\/2017\/02\/IMG_5743.jpg?resize=320%2C240&amp;ssl=1 320w, https:\/\/i0.wp.com\/www.ellensailing.se\/wp-content\/uploads\/2017\/02\/IMG_5743.jpg?w=2016&amp;ssl=1 2016w, https:\/\/i0.wp.com\/www.ellensailing.se\/wp-content\/uploads\/2017\/02\/IMG_5743.jpg?w=1680&amp;ssl=1 1680w\" sizes=\"(max-width: 640px) 100vw, 640px\" \/><\/a><\/p>\n<p>&nbsp;<\/p>\n<p>&nbsp;<\/p>\n<p>&nbsp;<\/p>\n","protected":false},"excerpt":{"rendered":"<p>Ig\u00e5r var vi och lyssnade p\u00e5 Markus och Emelie p\u00e5 S\/Y Emma som kom hem i h\u00f6stas. Tack Markus och[&#8230;]<\/p>\n","protected":false},"author":1,"featured_media":1100,"comment_status":"open","ping_status":"open","sticky":false,"template":"","format":"standard","meta":{"_jetpack_newsletter_access":"","_jetpack_dont_email_post_to_subs":false,"_jetpack_newsletter_tier_id":0,"_jetpack_memberships_contains_paywalled_content":false,"_jetpack_feature_clip_id":0,"_jetpack_memberships_contains_paid_content":false,"footnotes":"","jetpack_publicize_message":"","jetpack_publicize_feature_enabled":true,"jetpack_social_post_already_shared":true,"jetpack_social_options":{"image_generator_settings":{"template":"highway","default_image_id":0,"font":"","enabled":false},"version":2},"jetpack_post_was_ever_published":false},"categories":[3],"tags":[],"class_list":["post-1099","post","type-post","status-publish","format-standard","has-post-thumbnail","hentry","category-baten-pa-land"],"jetpack_publicize_connections":[],"jetpack_featured_media_url":"https:\/\/i0.wp.com\/www.ellensailing.se\/wp-content\/uploads\/2017\/02\/IMG_5743.jpg?fit=2016%2C1512&ssl=1","jetpack_sharing_enabled":true,"jetpack_shortlink":"https:\/\/wp.me\/p5G68R-hJ","jetpack-related-posts":[{"id":1805,"url":"https:\/\/www.ellensailing.se\/?p=1805","url_meta":{"origin":1099,"position":0},"title":"Dominica, \u00f6n med f\u00f6redetta regnskogar","author":"peter@ellensailing.se","date":"7 februari, 2018","format":false,"excerpt":"Dominica brukar kallas den gr\u00f6na \u00f6n f\u00f6r det regnar och man har en bra jord som n\u00e4stan allt v\u00e4xer p\u00e5. Dominica hetta fr\u00e5n b\u00f6rjan Kubuli innan Columbus anl\u00e4nde p\u00e5 sin andra segling. Han kom en s\u00f6ndag morgon och p\u00e5 latin heter s\u00f6ndag Dominica eller herrens dag, som blev det nya\u2026","rel":"","context":"I \u201dV\u00e4stindien 2017-2018\u201d","block_context":{"text":"V\u00e4stindien 2017-2018","link":"https:\/\/www.ellensailing.se\/?cat=24"},"img":{"alt_text":"","src":"https:\/\/i0.wp.com\/www.ellensailing.se\/wp-content\/uploads\/2018\/02\/51194068-9190-4FFE-8F6C-C476AFCF7C8A.jpeg?fit=1200%2C800&ssl=1&resize=350%2C200","width":350,"height":200,"srcset":"https:\/\/i0.wp.com\/www.ellensailing.se\/wp-content\/uploads\/2018\/02\/51194068-9190-4FFE-8F6C-C476AFCF7C8A.jpeg?fit=1200%2C800&ssl=1&resize=350%2C200 1x, https:\/\/i0.wp.com\/www.ellensailing.se\/wp-content\/uploads\/2018\/02\/51194068-9190-4FFE-8F6C-C476AFCF7C8A.jpeg?fit=1200%2C800&ssl=1&resize=525%2C300 1.5x, https:\/\/i0.wp.com\/www.ellensailing.se\/wp-content\/uploads\/2018\/02\/51194068-9190-4FFE-8F6C-C476AFCF7C8A.jpeg?fit=1200%2C800&ssl=1&resize=700%2C400 2x, https:\/\/i0.wp.com\/www.ellensailing.se\/wp-content\/uploads\/2018\/02\/51194068-9190-4FFE-8F6C-C476AFCF7C8A.jpeg?fit=1200%2C800&ssl=1&resize=1050%2C600 3x"},"classes":[]},{"id":3638,"url":"https:\/\/www.ellensailing.se\/?p=3638","url_meta":{"origin":1099,"position":1},"title":"Vi seglar vidare till Tahanea","author":"peter@ellensailing.se","date":"23 april, 2024","format":false,"excerpt":"Det har varit v\u00e4ldigt roligt att se hur Kopra odlarna lever och hur de g\u00f6r men vi m\u00e5ste vidare. Vi motorerar mellan alla bommisar och kommer tillbaka till lilla byn i Makemo. Vi skall fylla p\u00e5 bensin och Ola och Jenny skall h\u00e4mta sin tv\u00e4tt. P\u00e5 s\u00f6ndagen skall Jenny \u00e5ka\u2026","rel":"","context":"I \u201dS\u00f6derhavet\u201d","block_context":{"text":"S\u00f6derhavet","link":"https:\/\/www.ellensailing.se\/?cat=33"},"img":{"alt_text":"","src":"https:\/\/i0.wp.com\/www.ellensailing.se\/wp-content\/uploads\/2024\/04\/img_4210-2-1.jpg?fit=1200%2C900&ssl=1&resize=350%2C200","width":350,"height":200,"srcset":"https:\/\/i0.wp.com\/www.ellensailing.se\/wp-content\/uploads\/2024\/04\/img_4210-2-1.jpg?fit=1200%2C900&ssl=1&resize=350%2C200 1x, https:\/\/i0.wp.com\/www.ellensailing.se\/wp-content\/uploads\/2024\/04\/img_4210-2-1.jpg?fit=1200%2C900&ssl=1&resize=525%2C300 1.5x, https:\/\/i0.wp.com\/www.ellensailing.se\/wp-content\/uploads\/2024\/04\/img_4210-2-1.jpg?fit=1200%2C900&ssl=1&resize=700%2C400 2x, https:\/\/i0.wp.com\/www.ellensailing.se\/wp-content\/uploads\/2024\/04\/img_4210-2-1.jpg?fit=1200%2C900&ssl=1&resize=1050%2C600 3x"},"classes":[]},{"id":3863,"url":"https:\/\/www.ellensailing.se\/?p=3863","url_meta":{"origin":1099,"position":2},"title":"Fr\u00e5n Gotland till \u00d6land \u2013 ett \u00f6-hopp med stil!","author":"peter@ellensailing.se","date":"16 juli, 2025","format":false,"excerpt":"Japp, vi har bytt \u00f6. Fr\u00e5n raukar till fyrar, fr\u00e5n Gutavibbar till \u00f6l\u00e4ndska vindar. Det \u00e4r som att byta fr\u00e5n en gammal favorittr\u00f6ja till en ny hoodie \u2013 fortfarande mysigt, men med en annan k\u00e4nsla. Gotland var fantastisk \u2013 medeltidsvecka, ringmurar och f\u00e5r som stirrar p\u00e5 dig som om du\u2026","rel":"","context":"I \u201dSegling 2025\u201d","block_context":{"text":"Segling 2025","link":"https:\/\/www.ellensailing.se\/?cat=34"},"img":{"alt_text":"","src":"https:\/\/i0.wp.com\/www.ellensailing.se\/wp-content\/uploads\/2025\/07\/IMG_1579-scaled.jpg?fit=1200%2C900&ssl=1&resize=350%2C200","width":350,"height":200,"srcset":"https:\/\/i0.wp.com\/www.ellensailing.se\/wp-content\/uploads\/2025\/07\/IMG_1579-scaled.jpg?fit=1200%2C900&ssl=1&resize=350%2C200 1x, https:\/\/i0.wp.com\/www.ellensailing.se\/wp-content\/uploads\/2025\/07\/IMG_1579-scaled.jpg?fit=1200%2C900&ssl=1&resize=525%2C300 1.5x, https:\/\/i0.wp.com\/www.ellensailing.se\/wp-content\/uploads\/2025\/07\/IMG_1579-scaled.jpg?fit=1200%2C900&ssl=1&resize=700%2C400 2x, https:\/\/i0.wp.com\/www.ellensailing.se\/wp-content\/uploads\/2025\/07\/IMG_1579-scaled.jpg?fit=1200%2C900&ssl=1&resize=1050%2C600 3x"},"classes":[]},{"id":2109,"url":"https:\/\/www.ellensailing.se\/?p=2109","url_meta":{"origin":1099,"position":3},"title":"Andra dyket och en h\u00e4rlig promenad till Paradice Beach","author":"peter@ellensailing.se","date":"7 april, 2018","format":false,"excerpt":"I morse var det dags igen f\u00f6r det andra dyker! Idag var vi ute vid Nationalparken och d\u00f6k. J\u00e4ttefina rev med mycket fisk runt. Blev lite djupare idag och lite l\u00e4ngre dyk. I slutet fick vi en mycket stark str\u00f6m s\u00e5 vi hade sv\u00e5rt att ta oss fram och vi\u2026","rel":"","context":"I \u201dV\u00e4stindien 2017-2018\u201d","block_context":{"text":"V\u00e4stindien 2017-2018","link":"https:\/\/www.ellensailing.se\/?cat=24"},"img":{"alt_text":"","src":"https:\/\/i0.wp.com\/www.ellensailing.se\/wp-content\/uploads\/2018\/04\/F76D429C-8970-4ACB-BB5A-3F89E079F88E.jpeg?fit=1200%2C900&ssl=1&resize=350%2C200","width":350,"height":200,"srcset":"https:\/\/i0.wp.com\/www.ellensailing.se\/wp-content\/uploads\/2018\/04\/F76D429C-8970-4ACB-BB5A-3F89E079F88E.jpeg?fit=1200%2C900&ssl=1&resize=350%2C200 1x, https:\/\/i0.wp.com\/www.ellensailing.se\/wp-content\/uploads\/2018\/04\/F76D429C-8970-4ACB-BB5A-3F89E079F88E.jpeg?fit=1200%2C900&ssl=1&resize=525%2C300 1.5x, https:\/\/i0.wp.com\/www.ellensailing.se\/wp-content\/uploads\/2018\/04\/F76D429C-8970-4ACB-BB5A-3F89E079F88E.jpeg?fit=1200%2C900&ssl=1&resize=700%2C400 2x, https:\/\/i0.wp.com\/www.ellensailing.se\/wp-content\/uploads\/2018\/04\/F76D429C-8970-4ACB-BB5A-3F89E079F88E.jpeg?fit=1200%2C900&ssl=1&resize=1050%2C600 3x"},"classes":[]},{"id":2341,"url":"https:\/\/www.ellensailing.se\/?p=2341","url_meta":{"origin":1099,"position":4},"title":"En underbar helg avslutas i Cambridge.","author":"peter@ellensailing.se","date":"21 oktober, 2018","format":false,"excerpt":"Efter en helt underbar helg i England avslutar vi den i den vackra staden Cambridge. Vi har g\u00e5tt och g\u00e5tt p\u00e5 alla m\u00f6jliga st\u00e4llen. Ig\u00e5r gick jag, Frank och Puppie hela v\u00e4gen fr\u00e5n deras hem till Burghley House. Det \u00e4r en helt enorm anl\u00e4ggning med v\u00e4ldigt stora parker. Efter promenade\u2026","rel":"","context":"I \u201dB\u00e5ten p\u00e5 land\u201d","block_context":{"text":"B\u00e5ten p\u00e5 land","link":"https:\/\/www.ellensailing.se\/?cat=3"},"img":{"alt_text":"","src":"https:\/\/i0.wp.com\/www.ellensailing.se\/wp-content\/uploads\/2018\/10\/EB772A42-690B-4401-BE7F-367271D5CFEE.jpeg?fit=1200%2C900&ssl=1&resize=350%2C200","width":350,"height":200,"srcset":"https:\/\/i0.wp.com\/www.ellensailing.se\/wp-content\/uploads\/2018\/10\/EB772A42-690B-4401-BE7F-367271D5CFEE.jpeg?fit=1200%2C900&ssl=1&resize=350%2C200 1x, https:\/\/i0.wp.com\/www.ellensailing.se\/wp-content\/uploads\/2018\/10\/EB772A42-690B-4401-BE7F-367271D5CFEE.jpeg?fit=1200%2C900&ssl=1&resize=525%2C300 1.5x, https:\/\/i0.wp.com\/www.ellensailing.se\/wp-content\/uploads\/2018\/10\/EB772A42-690B-4401-BE7F-367271D5CFEE.jpeg?fit=1200%2C900&ssl=1&resize=700%2C400 2x, https:\/\/i0.wp.com\/www.ellensailing.se\/wp-content\/uploads\/2018\/10\/EB772A42-690B-4401-BE7F-367271D5CFEE.jpeg?fit=1200%2C900&ssl=1&resize=1050%2C600 3x"},"classes":[]},{"id":1600,"url":"https:\/\/www.ellensailing.se\/?p=1600","url_meta":{"origin":1099,"position":5},"title":"Dygn 14, Glad Advent!","author":"peter@ellensailing.se","date":"3 december, 2017","format":false,"excerpt":"D\u00e5 har det g\u00e5tt fjorton dagar sedan vi startade. M\u00e5nga reflektioner man kan g\u00f6ra s\u00e5 h\u00e4r p\u00e5 havet. En hade vi i natt vid 03,30 d\u00e5 vi efter seglat 1800Nm hade en v\u00e4jningsituation d\u00e5 vi var tvungna p\u00e5 stora Atlanten v\u00e4ja f\u00f6r den andra Ellen (Najad 460) med G\u00f6ran och\u2026","rel":"","context":"I \u201dARC 2017\u201d","block_context":{"text":"ARC 2017","link":"https:\/\/www.ellensailing.se\/?cat=23"},"img":{"alt_text":"","src":"","width":0,"height":0},"classes":[]}],"jetpack_likes_enabled":false,"_links":{"self":[{"href":"https:\/\/www.ellensailing.se\/index.php?rest_route=\/wp\/v2\/posts\/1099","targetHints":{"allow":["GET"]}}],"collection":[{"href":"https:\/\/www.ellensailing.se\/index.php?rest_route=\/wp\/v2\/posts"}],"about":[{"href":"https:\/\/www.ellensailing.se\/index.php?rest_route=\/wp\/v2\/types\/post"}],"author":[{"embeddable":true,"href":"https:\/\/www.ellensailing.se\/index.php?rest_route=\/wp\/v2\/users\/1"}],"replies":[{"embeddable":true,"href":"https:\/\/www.ellensailing.se\/index.php?rest_route=%2Fwp%2Fv2%2Fcomments&post=1099"}],"version-history":[{"count":2,"href":"https:\/\/www.ellensailing.se\/index.php?rest_route=\/wp\/v2\/posts\/1099\/revisions"}],"predecessor-version":[{"id":1103,"href":"https:\/\/www.ellensailing.se\/index.php?rest_route=\/wp\/v2\/posts\/1099\/revisions\/1103"}],"wp:featuredmedia":[{"embeddable":true,"href":"https:\/\/www.ellensailing.se\/index.php?rest_route=\/wp\/v2\/media\/1100"}],"wp:attachment":[{"href":"https:\/\/www.ellensailing.se\/index.php?rest_route=%2Fwp%2Fv2%2Fmedia&parent=1099"}],"wp:term":[{"taxonomy":"category","embeddable":true,"href":"https:\/\/www.ellensailing.se\/index.php?rest_route=%2Fwp%2Fv2%2Fcategories&post=1099"},{"taxonomy":"post_tag","embeddable":true,"href":"https:\/\/www.ellensailing.se\/index.php?rest_route=%2Fwp%2Fv2%2Ftags&post=1099"}],"curies":[{"name":"wp","href":"https:\/\/api.w.org\/{rel}","templated":true}]}}