{"id":105,"date":"2015-01-25T23:22:54","date_gmt":"2015-01-25T22:22:54","guid":{"rendered":"https:\/\/www.ellensailing.se\/?p=105"},"modified":"2015-01-26T09:04:40","modified_gmt":"2015-01-26T08:04:40","slug":"iskallt-uppdrag","status":"publish","type":"post","link":"https:\/\/www.ellensailing.se\/?p=105","title":{"rendered":"Iskallt uppdrag!"},"content":{"rendered":"<p>Har i helgen b\u00f6rjat g\u00f6ra iordning ankarboxen och f\u00f6rd\u00e4clsluckan. Det var rej\u00e4lt skitigt och lite topcoat kommer g\u00f6ra susen. s\u00e5 h\u00e4r kan det se ut efter 4 \u00e5r n\u00e4r kedjan blir lite rostig.<\/p>\n<p>Det \u00e4r kallt s\u00e5 bilfl\u00e4ktar och element f\u00e5r v\u00e4rma upp b\u00e5ten.<\/p>\n<p>\u00c4ven under handfaten kommer det bli Topcoat. F\u00e5r passa p\u00e5 n\u00e4r allta slangar och\u00a0<span style=\"word-spacing: normal;\">genomf\u00f6ringar \u00e4r borta. Nya toaslangar \u00e4r ocks\u00e5 ink\u00f6pta.<\/span><\/p>\n<figure id=\"attachment_106\" aria-describedby=\"caption-attachment-106\" style=\"width: 680px\" class=\"wp-caption alignnone\"><a href=\"https:\/\/i0.wp.com\/www.ellensailing.se\/wp-content\/uploads\/2015\/01\/image-e1422224551733.jpg?ssl=1\"><img data-recalc-dims=\"1\" fetchpriority=\"high\" decoding=\"async\" class=\"wp-image-106 size-large\" src=\"https:\/\/i0.wp.com\/www.ellensailing.se\/wp-content\/uploads\/2015\/01\/image-e1422224551733-768x1024.jpg?resize=680%2C907&#038;ssl=1\" alt=\"Ankarboxen\" width=\"680\" height=\"907\" srcset=\"https:\/\/i0.wp.com\/www.ellensailing.se\/wp-content\/uploads\/2015\/01\/image-e1422224551733.jpg?resize=768%2C1024&amp;ssl=1 768w, https:\/\/i0.wp.com\/www.ellensailing.se\/wp-content\/uploads\/2015\/01\/image-e1422224551733.jpg?resize=225%2C300&amp;ssl=1 225w, https:\/\/i0.wp.com\/www.ellensailing.se\/wp-content\/uploads\/2015\/01\/image-e1422224551733.jpg?w=1680&amp;ssl=1 1680w\" sizes=\"(max-width: 680px) 100vw, 680px\" \/><\/a><figcaption id=\"caption-attachment-106\" class=\"wp-caption-text\">Ankarboxen<\/figcaption><\/figure>\n","protected":false},"excerpt":{"rendered":"<p>Har i helgen b\u00f6rjat g\u00f6ra iordning ankarboxen och f\u00f6rd\u00e4clsluckan. Det var rej\u00e4lt skitigt och lite topcoat kommer g\u00f6ra susen. s\u00e5[&#8230;]<\/p>\n","protected":false},"author":1,"featured_media":0,"comment_status":"open","ping_status":"open","sticky":false,"template":"","format":"standard","meta":{"_jetpack_newsletter_access":"","_jetpack_dont_email_post_to_subs":false,"_jetpack_newsletter_tier_id":0,"_jetpack_memberships_contains_paywalled_content":false,"_jetpack_feature_clip_id":0,"_jetpack_memberships_contains_paid_content":false,"footnotes":"","jetpack_publicize_message":"","jetpack_publicize_feature_enabled":true,"jetpack_social_post_already_shared":false,"jetpack_social_options":{"image_generator_settings":{"template":"highway","default_image_id":0,"font":"","enabled":false},"version":2},"jetpack_post_was_ever_published":false},"categories":[3],"tags":[],"class_list":["post-105","post","type-post","status-publish","format-standard","hentry","category-baten-pa-land"],"jetpack_publicize_connections":[],"jetpack_featured_media_url":"","jetpack_sharing_enabled":true,"jetpack_shortlink":"https:\/\/wp.me\/p5G68R-1H","jetpack-related-posts":[{"id":2875,"url":"https:\/\/www.ellensailing.se\/?p=2875","url_meta":{"origin":105,"position":0},"title":"\u00d6land och Kalmar","author":"peter@ellensailing.se","date":"23 juli, 2020","format":false,"excerpt":"Vi fortsatte efter Harstena ner till Bok\u00f6. Ganska kort bit men k\u00e4nde att det var dags att r\u00f6ra oss. Det var lite v\u00e4l mycket b\u00e5tar d\u00e4r. P\u00e5 M\u00f6rk\u00f6 s\u00e5 var det inte m\u00e5nga b\u00e5tar, vilket var sk\u00f6nt. Efter M\u00f6rk\u00f6 s\u00e5 kryssade vi ut p\u00e5 havet och hade en makal\u00f6s fin\u2026","rel":"","context":"I \u201dSegling 2020\u201d","block_context":{"text":"Segling 2020","link":"https:\/\/www.ellensailing.se\/?cat=27"},"img":{"alt_text":"","src":"https:\/\/i0.wp.com\/www.ellensailing.se\/wp-content\/uploads\/2020\/07\/img_0278-13-scaled.jpg?fit=1200%2C900&ssl=1&resize=350%2C200","width":350,"height":200,"srcset":"https:\/\/i0.wp.com\/www.ellensailing.se\/wp-content\/uploads\/2020\/07\/img_0278-13-scaled.jpg?fit=1200%2C900&ssl=1&resize=350%2C200 1x, https:\/\/i0.wp.com\/www.ellensailing.se\/wp-content\/uploads\/2020\/07\/img_0278-13-scaled.jpg?fit=1200%2C900&ssl=1&resize=525%2C300 1.5x, https:\/\/i0.wp.com\/www.ellensailing.se\/wp-content\/uploads\/2020\/07\/img_0278-13-scaled.jpg?fit=1200%2C900&ssl=1&resize=700%2C400 2x, https:\/\/i0.wp.com\/www.ellensailing.se\/wp-content\/uploads\/2020\/07\/img_0278-13-scaled.jpg?fit=1200%2C900&ssl=1&resize=1050%2C600 3x"},"classes":[]},{"id":1536,"url":"https:\/\/www.ellensailing.se\/?p=1536","url_meta":{"origin":105,"position":1},"title":"F\u00f6rberedelser inf\u00f6r ARCen","author":"peter@ellensailing.se","date":"12 november, 2017","format":false,"excerpt":"Nu har vi varit i Las Palmas en vecka f\u00f6r att f\u00f6rbereda oss inf\u00f6r starten p\u00e5 \u00e5rets ARC (Atlantic Rally for Cruisers). Vi kollade f\u00f6rst p\u00e5 starten p\u00e5 ARC+ som g\u00e5r via Cap Verde \u00f6arna. Det var 79 b\u00e5tar som gick iv\u00e4g i moderat vind. F\u00f6rst startade katamaranerna och sedan\u2026","rel":"","context":"I \u201dARC 2017\u201d","block_context":{"text":"ARC 2017","link":"https:\/\/www.ellensailing.se\/?cat=23"},"img":{"alt_text":"","src":"https:\/\/i0.wp.com\/www.ellensailing.se\/wp-content\/uploads\/2017\/11\/DSC4721.jpg?fit=1200%2C802&ssl=1&resize=350%2C200","width":350,"height":200,"srcset":"https:\/\/i0.wp.com\/www.ellensailing.se\/wp-content\/uploads\/2017\/11\/DSC4721.jpg?fit=1200%2C802&ssl=1&resize=350%2C200 1x, https:\/\/i0.wp.com\/www.ellensailing.se\/wp-content\/uploads\/2017\/11\/DSC4721.jpg?fit=1200%2C802&ssl=1&resize=525%2C300 1.5x, https:\/\/i0.wp.com\/www.ellensailing.se\/wp-content\/uploads\/2017\/11\/DSC4721.jpg?fit=1200%2C802&ssl=1&resize=700%2C400 2x, https:\/\/i0.wp.com\/www.ellensailing.se\/wp-content\/uploads\/2017\/11\/DSC4721.jpg?fit=1200%2C802&ssl=1&resize=1050%2C600 3x"},"classes":[]},{"id":1180,"url":"https:\/\/www.ellensailing.se\/?p=1180","url_meta":{"origin":105,"position":2},"title":"La Rochelle och nu \u00e4r vi p\u00e5 v\u00e4g.","author":"peter@ellensailing.se","date":"3 september, 2017","format":false,"excerpt":"\u00c4ntligen \u00e4r det dagen D. Tj\u00e4nstledigheten \u00e4r p\u00e5b\u00f6rjad sedan i fredags. Vi startade v\u00e4ldigt tidigt f\u00f6r att jag tror nog ingen sov s\u00e5 bra dagen innan. Jackline var uppe mycket tidigt och b\u00f6rjade strosa runt i Duvbo. Har nog aldrig varit med om s\u00e5 mycket folk p\u00e5 Arlanda. K\u00f6n till\u2026","rel":"","context":"I \u201dH\u00f6st 2017 till Grand Canrias.\u201d","block_context":{"text":"H\u00f6st 2017 till Grand Canrias.","link":"https:\/\/www.ellensailing.se\/?cat=22"},"img":{"alt_text":"","src":"https:\/\/i0.wp.com\/www.ellensailing.se\/wp-content\/uploads\/2017\/09\/20170903_122117-e1504461598508.jpg?fit=900%2C1200&ssl=1&resize=350%2C200","width":350,"height":200,"srcset":"https:\/\/i0.wp.com\/www.ellensailing.se\/wp-content\/uploads\/2017\/09\/20170903_122117-e1504461598508.jpg?fit=900%2C1200&ssl=1&resize=350%2C200 1x, https:\/\/i0.wp.com\/www.ellensailing.se\/wp-content\/uploads\/2017\/09\/20170903_122117-e1504461598508.jpg?fit=900%2C1200&ssl=1&resize=525%2C300 1.5x, https:\/\/i0.wp.com\/www.ellensailing.se\/wp-content\/uploads\/2017\/09\/20170903_122117-e1504461598508.jpg?fit=900%2C1200&ssl=1&resize=700%2C400 2x"},"classes":[]},{"id":696,"url":"https:\/\/www.ellensailing.se\/?p=696","url_meta":{"origin":105,"position":3},"title":"Rostfritt f\u00e4ste f\u00f6r Watt &#038; Sea","author":"peter@ellensailing.se","date":"23 december, 2015","format":false,"excerpt":"Nu \u00e4r det Jul igen. Har varit och h\u00e4mtat mitt f\u00e4ste f\u00f6r hydrogeneratorn Watt & Sea. Om jag f\u00e5r s\u00e4ga det sj\u00e4lv s\u00e5 blev det j\u00e4kligt snyggt. Kommer pryda akterspegeln v\u00e4ldigt bra. Kul att jag \u00e4ven hittat ett f\u00f6retag som \u00e4r mycket trevliga och hj\u00e4lpsamma som jobbar i rostfritt. De\u2026","rel":"","context":"I \u201dB\u00e5ten p\u00e5 land\u201d","block_context":{"text":"B\u00e5ten p\u00e5 land","link":"https:\/\/www.ellensailing.se\/?cat=3"},"img":{"alt_text":"","src":"https:\/\/i0.wp.com\/www.ellensailing.se\/wp-content\/uploads\/2015\/12\/F%C3%A4ste-e1450869854343.jpg?fit=900%2C1200&ssl=1&resize=350%2C200","width":350,"height":200,"srcset":"https:\/\/i0.wp.com\/www.ellensailing.se\/wp-content\/uploads\/2015\/12\/F%C3%A4ste-e1450869854343.jpg?fit=900%2C1200&ssl=1&resize=350%2C200 1x, https:\/\/i0.wp.com\/www.ellensailing.se\/wp-content\/uploads\/2015\/12\/F%C3%A4ste-e1450869854343.jpg?fit=900%2C1200&ssl=1&resize=525%2C300 1.5x, https:\/\/i0.wp.com\/www.ellensailing.se\/wp-content\/uploads\/2015\/12\/F%C3%A4ste-e1450869854343.jpg?fit=900%2C1200&ssl=1&resize=700%2C400 2x"},"classes":[]},{"id":3564,"url":"https:\/\/www.ellensailing.se\/?p=3564","url_meta":{"origin":105,"position":4},"title":"Framme p\u00e5 b\u00e5ten","author":"peter@ellensailing.se","date":"18 april, 2024","format":false,"excerpt":"Efter 4 dagar p\u00e5 Tahiti s\u00e5 var det dags att ta det lilla planet ut till en atoll. Vid incheckning s\u00e5g hon lite f\u00f6rbryllad ut f\u00f6r hon undrade nog vad en utb\u00f6ling skulle g\u00f6ra d\u00e4r ( f\u00f6r utb\u00f6ling \u00e4r vi ju h\u00e4r). Faaite Vi hade tv\u00e5 mellanlandningar innan vi var\u2026","rel":"","context":"I \u201dS\u00f6derhavet\u201d","block_context":{"text":"S\u00f6derhavet","link":"https:\/\/www.ellensailing.se\/?cat=33"},"img":{"alt_text":"","src":"https:\/\/i0.wp.com\/www.ellensailing.se\/wp-content\/uploads\/2024\/04\/img_3983-1.jpg?fit=1200%2C900&ssl=1&resize=350%2C200","width":350,"height":200,"srcset":"https:\/\/i0.wp.com\/www.ellensailing.se\/wp-content\/uploads\/2024\/04\/img_3983-1.jpg?fit=1200%2C900&ssl=1&resize=350%2C200 1x, https:\/\/i0.wp.com\/www.ellensailing.se\/wp-content\/uploads\/2024\/04\/img_3983-1.jpg?fit=1200%2C900&ssl=1&resize=525%2C300 1.5x, https:\/\/i0.wp.com\/www.ellensailing.se\/wp-content\/uploads\/2024\/04\/img_3983-1.jpg?fit=1200%2C900&ssl=1&resize=700%2C400 2x, https:\/\/i0.wp.com\/www.ellensailing.se\/wp-content\/uploads\/2024\/04\/img_3983-1.jpg?fit=1200%2C900&ssl=1&resize=1050%2C600 3x"},"classes":[]},{"id":3046,"url":"https:\/\/www.ellensailing.se\/?p=3046","url_meta":{"origin":105,"position":5},"title":"Kaos f\u00f6rsta veckan p\u00e5 semestern!","author":"peter@ellensailing.se","date":"4 juli, 2021","format":false,"excerpt":"P\u00e5 midsommardagen p\u00e5b\u00f6rjade vi v\u00e5r segling. F\u00f6rsta str\u00e4ckan blev inte l\u00e5ng, bara 1,37NM fr\u00e5n Grepen Marin till \u00d6regrundshamn. Vi l\u00e4mnade alla barnen p\u00e5 landet som fick ta hand om allt. F\u00f6rsta kv\u00e4llen var j\u00e4ttemysig och vi gick ut och \u00e5t p\u00e5 Melkers k\u00f6ttbod, supergott. Dagen efter s\u00e5 gick vi fr\u00e5n\u2026","rel":"","context":"I \u201dSegling 2021\u201d","block_context":{"text":"Segling 2021","link":"https:\/\/www.ellensailing.se\/?cat=28"},"img":{"alt_text":"","src":"https:\/\/i0.wp.com\/www.ellensailing.se\/wp-content\/uploads\/2021\/07\/Sjoraddning3.jpg?fit=640%2C480&ssl=1&resize=350%2C200","width":350,"height":200,"srcset":"https:\/\/i0.wp.com\/www.ellensailing.se\/wp-content\/uploads\/2021\/07\/Sjoraddning3.jpg?fit=640%2C480&ssl=1&resize=350%2C200 1x, https:\/\/i0.wp.com\/www.ellensailing.se\/wp-content\/uploads\/2021\/07\/Sjoraddning3.jpg?fit=640%2C480&ssl=1&resize=525%2C300 1.5x"},"classes":[]}],"jetpack_likes_enabled":false,"_links":{"self":[{"href":"https:\/\/www.ellensailing.se\/index.php?rest_route=\/wp\/v2\/posts\/105","targetHints":{"allow":["GET"]}}],"collection":[{"href":"https:\/\/www.ellensailing.se\/index.php?rest_route=\/wp\/v2\/posts"}],"about":[{"href":"https:\/\/www.ellensailing.se\/index.php?rest_route=\/wp\/v2\/types\/post"}],"author":[{"embeddable":true,"href":"https:\/\/www.ellensailing.se\/index.php?rest_route=\/wp\/v2\/users\/1"}],"replies":[{"embeddable":true,"href":"https:\/\/www.ellensailing.se\/index.php?rest_route=%2Fwp%2Fv2%2Fcomments&post=105"}],"version-history":[{"count":6,"href":"https:\/\/www.ellensailing.se\/index.php?rest_route=\/wp\/v2\/posts\/105\/revisions"}],"predecessor-version":[{"id":112,"href":"https:\/\/www.ellensailing.se\/index.php?rest_route=\/wp\/v2\/posts\/105\/revisions\/112"}],"wp:attachment":[{"href":"https:\/\/www.ellensailing.se\/index.php?rest_route=%2Fwp%2Fv2%2Fmedia&parent=105"}],"wp:term":[{"taxonomy":"category","embeddable":true,"href":"https:\/\/www.ellensailing.se\/index.php?rest_route=%2Fwp%2Fv2%2Fcategories&post=105"},{"taxonomy":"post_tag","embeddable":true,"href":"https:\/\/www.ellensailing.se\/index.php?rest_route=%2Fwp%2Fv2%2Ftags&post=105"}],"curies":[{"name":"wp","href":"https:\/\/api.w.org\/{rel}","templated":true}]}}