{"id":1043,"date":"2016-07-07T16:49:33","date_gmt":"2016-07-07T14:49:33","guid":{"rendered":"https:\/\/www.ellensailing.se\/?p=1043"},"modified":"2016-07-07T17:06:53","modified_gmt":"2016-07-07T15:06:53","slug":"flygande-overfart-over-dover-strait","status":"publish","type":"post","link":"https:\/\/www.ellensailing.se\/?p=1043","title":{"rendered":"Flygande \u00f6verfart \u00f6ver Dover Strait!"},"content":{"rendered":"<figure id=\"attachment_1044\" aria-describedby=\"caption-attachment-1044\" style=\"width: 640px\" class=\"wp-caption aligncenter\"><a href=\"https:\/\/i0.wp.com\/www.ellensailing.se\/wp-content\/uploads\/2016\/07\/DSC_0836.jpg?ssl=1\"><img data-recalc-dims=\"1\" fetchpriority=\"high\" decoding=\"async\" class=\"wp-image-1044 size-large\" src=\"https:\/\/i0.wp.com\/www.ellensailing.se\/wp-content\/uploads\/2016\/07\/DSC_0836.jpg?resize=640%2C425&#038;ssl=1\" alt=\"DSC_0836\" width=\"640\" height=\"425\" srcset=\"https:\/\/i0.wp.com\/www.ellensailing.se\/wp-content\/uploads\/2016\/07\/DSC_0836.jpg?resize=1024%2C680&amp;ssl=1 1024w, https:\/\/i0.wp.com\/www.ellensailing.se\/wp-content\/uploads\/2016\/07\/DSC_0836.jpg?resize=300%2C200&amp;ssl=1 300w, https:\/\/i0.wp.com\/www.ellensailing.se\/wp-content\/uploads\/2016\/07\/DSC_0836.jpg?resize=768%2C510&amp;ssl=1 768w, https:\/\/i0.wp.com\/www.ellensailing.se\/wp-content\/uploads\/2016\/07\/DSC_0836.jpg?w=1680&amp;ssl=1 1680w, https:\/\/i0.wp.com\/www.ellensailing.se\/wp-content\/uploads\/2016\/07\/DSC_0836.jpg?w=2520&amp;ssl=1 2520w\" sizes=\"(max-width: 640px) 100vw, 640px\" \/><\/a><figcaption id=\"caption-attachment-1044\" class=\"wp-caption-text\">Dunkerques infart med marinan vi l\u00e5g vid.<\/figcaption><\/figure>\n<p>Vi l\u00e4mnade Frankrike i morse d\u00e5 vi r\u00e4knat ut att vi borde ha medstr\u00f6ms \u00f6ver kanalen. F\u00e5r lov att tacka Carl-H\u00e5kan p\u00e5 OSK som l\u00e4rt oss n\u00e5got. Funkade fantastisk bra. Att segla \u00f6ver denna str\u00e4cka \u00e4r 40 distansminuter s\u00e5 det g\u00e4llde att vara \u00f6ver innan klockan 3 f\u00f6r d\u00e5 v\u00e4nder str\u00f6mmen\u00a0 och d\u00e5 blir det mot och mycket. Vi tr\u00e4ffade ett Tyskt par som gick samtidigt som oss men kom fram 4 timmar efter och de hade att g\u00f6ra en timme mellan den nordligaste infarten av hamnen i Dover till den s\u00f6dra som de var kommenderade att g\u00e5 in i.<\/p>\n<figure id=\"attachment_1045\" aria-describedby=\"caption-attachment-1045\" style=\"width: 640px\" class=\"wp-caption aligncenter\"><a href=\"https:\/\/i0.wp.com\/www.ellensailing.se\/wp-content\/uploads\/2016\/07\/DSC_0842.jpg?ssl=1\"><img data-recalc-dims=\"1\" decoding=\"async\" class=\"wp-image-1045 size-large\" src=\"https:\/\/i0.wp.com\/www.ellensailing.se\/wp-content\/uploads\/2016\/07\/DSC_0842.jpg?resize=640%2C425&#038;ssl=1\" alt=\"DSC_0842\" width=\"640\" height=\"425\" srcset=\"https:\/\/i0.wp.com\/www.ellensailing.se\/wp-content\/uploads\/2016\/07\/DSC_0842.jpg?resize=1024%2C680&amp;ssl=1 1024w, https:\/\/i0.wp.com\/www.ellensailing.se\/wp-content\/uploads\/2016\/07\/DSC_0842.jpg?resize=300%2C200&amp;ssl=1 300w, https:\/\/i0.wp.com\/www.ellensailing.se\/wp-content\/uploads\/2016\/07\/DSC_0842.jpg?resize=768%2C510&amp;ssl=1 768w, https:\/\/i0.wp.com\/www.ellensailing.se\/wp-content\/uploads\/2016\/07\/DSC_0842.jpg?w=1680&amp;ssl=1 1680w, https:\/\/i0.wp.com\/www.ellensailing.se\/wp-content\/uploads\/2016\/07\/DSC_0842.jpg?w=2520&amp;ssl=1 2520w\" sizes=\"(max-width: 640px) 100vw, 640px\" \/><\/a><figcaption id=\"caption-attachment-1045\" class=\"wp-caption-text\">Havet med de m\u00e5nga str\u00f6mmarna. Det bara kokar i havet av all kraft.<\/figcaption><\/figure>\n<p>Vi seglade \u00f6ver p\u00e5 5 timmar vilket \u00e4r ett snitt p\u00e5 ca 8 knop men speed over ground var n\u00e4stan 9 hela tiden. Jackie tog rekordet \u00f6ver 10 knop f\u00f6rst, som mest gick vi 16,1 knop p\u00e5 blankt vatten. Det var h\u00e4ftigt.<\/p>\n<figure id=\"attachment_1046\" aria-describedby=\"caption-attachment-1046\" style=\"width: 640px\" class=\"wp-caption aligncenter\"><a href=\"https:\/\/i0.wp.com\/www.ellensailing.se\/wp-content\/uploads\/2016\/07\/DSC_0860.jpg?ssl=1\"><img data-recalc-dims=\"1\" decoding=\"async\" class=\"wp-image-1046 size-large\" src=\"https:\/\/i0.wp.com\/www.ellensailing.se\/wp-content\/uploads\/2016\/07\/DSC_0860.jpg?resize=640%2C425&#038;ssl=1\" alt=\"DSC_0860\" width=\"640\" height=\"425\" srcset=\"https:\/\/i0.wp.com\/www.ellensailing.se\/wp-content\/uploads\/2016\/07\/DSC_0860.jpg?resize=1024%2C680&amp;ssl=1 1024w, https:\/\/i0.wp.com\/www.ellensailing.se\/wp-content\/uploads\/2016\/07\/DSC_0860.jpg?resize=300%2C200&amp;ssl=1 300w, https:\/\/i0.wp.com\/www.ellensailing.se\/wp-content\/uploads\/2016\/07\/DSC_0860.jpg?resize=768%2C510&amp;ssl=1 768w, https:\/\/i0.wp.com\/www.ellensailing.se\/wp-content\/uploads\/2016\/07\/DSC_0860.jpg?w=1680&amp;ssl=1 1680w, https:\/\/i0.wp.com\/www.ellensailing.se\/wp-content\/uploads\/2016\/07\/DSC_0860.jpg?w=2520&amp;ssl=1 2520w\" sizes=\"(max-width: 640px) 100vw, 640px\" \/><\/a><figcaption id=\"caption-attachment-1046\" class=\"wp-caption-text\">Rekordh\u00e5llaren Jackie.<\/figcaption><\/figure>\n<p>Vi beh\u00f6vde inte segla l\u00e4nge f\u00f6rr\u00e4n man ser \u00f6ver till England. N\u00e4r man n\u00e4rmar sig ser man Dovers vita str\u00e4nder med fyren l\u00e4ngst upp. H\u00e4ftig upplevelse.<\/p>\n<figure id=\"attachment_1050\" aria-describedby=\"caption-attachment-1050\" style=\"width: 640px\" class=\"wp-caption aligncenter\"><a href=\"https:\/\/i0.wp.com\/www.ellensailing.se\/wp-content\/uploads\/2016\/07\/DSC_0876.jpg?ssl=1\"><img data-recalc-dims=\"1\" loading=\"lazy\" decoding=\"async\" class=\"wp-image-1050 size-large\" src=\"https:\/\/i0.wp.com\/www.ellensailing.se\/wp-content\/uploads\/2016\/07\/DSC_0876.jpg?resize=640%2C425&#038;ssl=1\" alt=\"DSC_0876\" width=\"640\" height=\"425\" srcset=\"https:\/\/i0.wp.com\/www.ellensailing.se\/wp-content\/uploads\/2016\/07\/DSC_0876.jpg?resize=1024%2C680&amp;ssl=1 1024w, https:\/\/i0.wp.com\/www.ellensailing.se\/wp-content\/uploads\/2016\/07\/DSC_0876.jpg?resize=300%2C200&amp;ssl=1 300w, https:\/\/i0.wp.com\/www.ellensailing.se\/wp-content\/uploads\/2016\/07\/DSC_0876.jpg?resize=768%2C510&amp;ssl=1 768w, https:\/\/i0.wp.com\/www.ellensailing.se\/wp-content\/uploads\/2016\/07\/DSC_0876.jpg?w=1680&amp;ssl=1 1680w, https:\/\/i0.wp.com\/www.ellensailing.se\/wp-content\/uploads\/2016\/07\/DSC_0876.jpg?w=2520&amp;ssl=1 2520w\" sizes=\"(max-width: 640px) 100vw, 640px\" \/><\/a><figcaption id=\"caption-attachment-1050\" class=\"wp-caption-text\">Dovers vita strandlinje.<\/figcaption><\/figure>\n<p>N\u00e4r vi n\u00e4rmade oss Dover s\u00e5 fick vi h\u00e5lla upp ca 30 grader f\u00f6r str\u00f6mmen tryckte ner oss mot hamnen. Ser j\u00e4ttekonstigt ut. Vi slapp motstr\u00f6mmen och slussarna till hamnen var \u00f6ppna.<\/p>\n<figure id=\"attachment_1051\" aria-describedby=\"caption-attachment-1051\" style=\"width: 640px\" class=\"wp-caption aligncenter\"><a href=\"https:\/\/i0.wp.com\/www.ellensailing.se\/wp-content\/uploads\/2016\/07\/DSC_0881.jpg?ssl=1\"><img data-recalc-dims=\"1\" loading=\"lazy\" decoding=\"async\" class=\"wp-image-1051 size-large\" src=\"https:\/\/i0.wp.com\/www.ellensailing.se\/wp-content\/uploads\/2016\/07\/DSC_0881.jpg?resize=640%2C425&#038;ssl=1\" alt=\"DSC_0881\" width=\"640\" height=\"425\" srcset=\"https:\/\/i0.wp.com\/www.ellensailing.se\/wp-content\/uploads\/2016\/07\/DSC_0881.jpg?resize=1024%2C680&amp;ssl=1 1024w, https:\/\/i0.wp.com\/www.ellensailing.se\/wp-content\/uploads\/2016\/07\/DSC_0881.jpg?resize=300%2C200&amp;ssl=1 300w, https:\/\/i0.wp.com\/www.ellensailing.se\/wp-content\/uploads\/2016\/07\/DSC_0881.jpg?resize=768%2C510&amp;ssl=1 768w, https:\/\/i0.wp.com\/www.ellensailing.se\/wp-content\/uploads\/2016\/07\/DSC_0881.jpg?w=1680&amp;ssl=1 1680w, https:\/\/i0.wp.com\/www.ellensailing.se\/wp-content\/uploads\/2016\/07\/DSC_0881.jpg?w=2520&amp;ssl=1 2520w\" sizes=\"(max-width: 640px) 100vw, 640px\" \/><\/a><figcaption id=\"caption-attachment-1051\" class=\"wp-caption-text\">Ellen i hamnen.<\/figcaption><\/figure>\n<p>N\u00e4r vi kom fram s\u00e5 gick vi upp p\u00e5 stan som \u00e4r ganska sliten, \u00e4ven m\u00e4nniskorna, f\u00f6r att \u00e4ta en bit lunch. Det blev Fish &amp; Ships p\u00e5 en pub med en kall Guinness. Det smakar alltid. Passade ocks\u00e5 p\u00e5 att klippa mig hos barberaren.<\/p>\n<figure id=\"attachment_1052\" aria-describedby=\"caption-attachment-1052\" style=\"width: 640px\" class=\"wp-caption aligncenter\"><a href=\"https:\/\/i0.wp.com\/www.ellensailing.se\/wp-content\/uploads\/2016\/07\/DSC_0882.jpg?ssl=1\"><img data-recalc-dims=\"1\" loading=\"lazy\" decoding=\"async\" class=\"wp-image-1052 size-large\" src=\"https:\/\/i0.wp.com\/www.ellensailing.se\/wp-content\/uploads\/2016\/07\/DSC_0882.jpg?resize=640%2C425&#038;ssl=1\" alt=\"DSC_0882\" width=\"640\" height=\"425\" srcset=\"https:\/\/i0.wp.com\/www.ellensailing.se\/wp-content\/uploads\/2016\/07\/DSC_0882.jpg?resize=1024%2C680&amp;ssl=1 1024w, https:\/\/i0.wp.com\/www.ellensailing.se\/wp-content\/uploads\/2016\/07\/DSC_0882.jpg?resize=300%2C200&amp;ssl=1 300w, https:\/\/i0.wp.com\/www.ellensailing.se\/wp-content\/uploads\/2016\/07\/DSC_0882.jpg?resize=768%2C510&amp;ssl=1 768w, https:\/\/i0.wp.com\/www.ellensailing.se\/wp-content\/uploads\/2016\/07\/DSC_0882.jpg?w=1680&amp;ssl=1 1680w, https:\/\/i0.wp.com\/www.ellensailing.se\/wp-content\/uploads\/2016\/07\/DSC_0882.jpg?w=2520&amp;ssl=1 2520w\" sizes=\"(max-width: 640px) 100vw, 640px\" \/><\/a><figcaption id=\"caption-attachment-1052\" class=\"wp-caption-text\">I alla fall en fin krona p\u00e5 torget.<\/figcaption><\/figure>\n<figure id=\"attachment_1049\" aria-describedby=\"caption-attachment-1049\" style=\"width: 640px\" class=\"wp-caption aligncenter\"><a href=\"https:\/\/i0.wp.com\/www.ellensailing.se\/wp-content\/uploads\/2016\/07\/DSC_0872.jpg?ssl=1\"><img data-recalc-dims=\"1\" loading=\"lazy\" decoding=\"async\" class=\"wp-image-1049 size-large\" src=\"https:\/\/i0.wp.com\/www.ellensailing.se\/wp-content\/uploads\/2016\/07\/DSC_0872.jpg?resize=640%2C425&#038;ssl=1\" alt=\"DSC_0872\" width=\"640\" height=\"425\" srcset=\"https:\/\/i0.wp.com\/www.ellensailing.se\/wp-content\/uploads\/2016\/07\/DSC_0872.jpg?resize=1024%2C680&amp;ssl=1 1024w, https:\/\/i0.wp.com\/www.ellensailing.se\/wp-content\/uploads\/2016\/07\/DSC_0872.jpg?resize=300%2C200&amp;ssl=1 300w, https:\/\/i0.wp.com\/www.ellensailing.se\/wp-content\/uploads\/2016\/07\/DSC_0872.jpg?resize=768%2C510&amp;ssl=1 768w, https:\/\/i0.wp.com\/www.ellensailing.se\/wp-content\/uploads\/2016\/07\/DSC_0872.jpg?w=1680&amp;ssl=1 1680w, https:\/\/i0.wp.com\/www.ellensailing.se\/wp-content\/uploads\/2016\/07\/DSC_0872.jpg?w=2520&amp;ssl=1 2520w\" sizes=\"(max-width: 640px) 100vw, 640px\" \/><\/a><figcaption id=\"caption-attachment-1049\" class=\"wp-caption-text\">Lasse och Molle hissar den Engelska flaggan.<\/figcaption><\/figure>\n","protected":false},"excerpt":{"rendered":"<p>Vi l\u00e4mnade Frankrike i morse d\u00e5 vi r\u00e4knat ut att vi borde ha medstr\u00f6ms \u00f6ver kanalen. F\u00e5r lov att tacka[&#8230;]<\/p>\n","protected":false},"author":1,"featured_media":1049,"comment_status":"open","ping_status":"open","sticky":false,"template":"","format":"standard","meta":{"_jetpack_newsletter_access":"","_jetpack_dont_email_post_to_subs":false,"_jetpack_newsletter_tier_id":0,"_jetpack_memberships_contains_paywalled_content":false,"_jetpack_feature_clip_id":0,"_jetpack_memberships_contains_paid_content":false,"footnotes":"","jetpack_publicize_message":"","jetpack_publicize_feature_enabled":true,"jetpack_social_post_already_shared":true,"jetpack_social_options":{"image_generator_settings":{"template":"highway","default_image_id":0,"font":"","enabled":false},"version":2},"jetpack_post_was_ever_published":false},"categories":[20],"tags":[],"class_list":["post-1043","post","type-post","status-publish","format-standard","has-post-thumbnail","hentry","category-sommar-2016"],"jetpack_publicize_connections":[],"jetpack_featured_media_url":"https:\/\/i0.wp.com\/www.ellensailing.se\/wp-content\/uploads\/2016\/07\/DSC_0872.jpg?fit=4288%2C2848&ssl=1","jetpack_sharing_enabled":true,"jetpack_shortlink":"https:\/\/wp.me\/p5G68R-gP","jetpack-related-posts":[{"id":983,"url":"https:\/\/www.ellensailing.se\/?p=983","url_meta":{"origin":1043,"position":0},"title":"Tips till alla OSK:are, Reeds och sj\u00f6kort har fel!","author":"peter@ellensailing.se","date":"29 juni, 2016","format":false,"excerpt":"Fr\u00e5n v\u00e5r seglats fr\u00e5n Borkum s\u00f6der\u00f6ver hade vi best\u00e4mt oss f\u00f6r att ta oss till Terschelling. F\u00f6rutom att vinden tog slut helt och Yanmar fick jobba b\u00f6rja vi kolla lite mer noggrant. F\u00f6r i Reeds s\u00e5 ser det helt ok ut att g\u00e5 in d\u00e4r \u00e4ven med Ellen som sticker\u2026","rel":"","context":"I \u201dSommar 2016\u201d","block_context":{"text":"Sommar 2016","link":"https:\/\/www.ellensailing.se\/?cat=20"},"img":{"alt_text":"","src":"https:\/\/i0.wp.com\/www.ellensailing.se\/wp-content\/uploads\/2016\/06\/DSC_0462.jpg?fit=1200%2C797&ssl=1&resize=350%2C200","width":350,"height":200,"srcset":"https:\/\/i0.wp.com\/www.ellensailing.se\/wp-content\/uploads\/2016\/06\/DSC_0462.jpg?fit=1200%2C797&ssl=1&resize=350%2C200 1x, https:\/\/i0.wp.com\/www.ellensailing.se\/wp-content\/uploads\/2016\/06\/DSC_0462.jpg?fit=1200%2C797&ssl=1&resize=525%2C300 1.5x, https:\/\/i0.wp.com\/www.ellensailing.se\/wp-content\/uploads\/2016\/06\/DSC_0462.jpg?fit=1200%2C797&ssl=1&resize=700%2C400 2x, https:\/\/i0.wp.com\/www.ellensailing.se\/wp-content\/uploads\/2016\/06\/DSC_0462.jpg?fit=1200%2C797&ssl=1&resize=1050%2C600 3x"},"classes":[]},{"id":997,"url":"https:\/\/www.ellensailing.se\/?p=997","url_meta":{"origin":1043,"position":1},"title":"Amsterdam i tv\u00e5 skepnader","author":"peter@ellensailing.se","date":"2 juli, 2016","format":false,"excerpt":"Vi kom till Amsterdam ig\u00e5r fredag. Som vanligt har det bl\u00e5st och regnat som tusan. Vi gick in mot Amsterdam p\u00e5 eftermiddagen. Hittade en pr\u00e5m som s\u00e5lde disel som var n\u00e4stan helt slut. Vi fick GTL disel som inte hade n\u00e5gon inblandning av RME i sig. Vi kom till Sixhaven\u2026","rel":"","context":"I \u201dSommar 2016\u201d","block_context":{"text":"Sommar 2016","link":"https:\/\/www.ellensailing.se\/?cat=20"},"img":{"alt_text":"","src":"https:\/\/i0.wp.com\/www.ellensailing.se\/wp-content\/uploads\/2016\/07\/IMG_5258.jpg?fit=1200%2C900&ssl=1&resize=350%2C200","width":350,"height":200,"srcset":"https:\/\/i0.wp.com\/www.ellensailing.se\/wp-content\/uploads\/2016\/07\/IMG_5258.jpg?fit=1200%2C900&ssl=1&resize=350%2C200 1x, https:\/\/i0.wp.com\/www.ellensailing.se\/wp-content\/uploads\/2016\/07\/IMG_5258.jpg?fit=1200%2C900&ssl=1&resize=525%2C300 1.5x, https:\/\/i0.wp.com\/www.ellensailing.se\/wp-content\/uploads\/2016\/07\/IMG_5258.jpg?fit=1200%2C900&ssl=1&resize=700%2C400 2x, https:\/\/i0.wp.com\/www.ellensailing.se\/wp-content\/uploads\/2016\/07\/IMG_5258.jpg?fit=1200%2C900&ssl=1&resize=1050%2C600 3x"},"classes":[]},{"id":1057,"url":"https:\/\/www.ellensailing.se\/?p=1057","url_meta":{"origin":1043,"position":2},"title":"Eastbourne, Englands Hammarbysj\u00f6stad!","author":"peter@ellensailing.se","date":"12 juli, 2016","format":false,"excerpt":"\u00a0 Dover tyckte vi var en riktig sunkig stad med sunkiga m\u00e4nniskor. Det var nedg\u00e5nget som tusan s\u00e5 beslutat att segla vidare till Eastbourne var l\u00e4tt. Ett tips f\u00f6r alla l\u00e5ngseglare \u00e4r att g\u00e5 direkt fr\u00e5n Dunkerque till Eastbourne, \u00e4ven om det \u00e4r lite l\u00e4ngre. Seglingen till Eastbourne var som\u2026","rel":"","context":"I \u201dSommar 2016\u201d","block_context":{"text":"Sommar 2016","link":"https:\/\/www.ellensailing.se\/?cat=20"},"img":{"alt_text":"","src":"https:\/\/i0.wp.com\/www.ellensailing.se\/wp-content\/uploads\/2016\/07\/DSC_0893.jpg?fit=1200%2C797&ssl=1&resize=350%2C200","width":350,"height":200,"srcset":"https:\/\/i0.wp.com\/www.ellensailing.se\/wp-content\/uploads\/2016\/07\/DSC_0893.jpg?fit=1200%2C797&ssl=1&resize=350%2C200 1x, https:\/\/i0.wp.com\/www.ellensailing.se\/wp-content\/uploads\/2016\/07\/DSC_0893.jpg?fit=1200%2C797&ssl=1&resize=525%2C300 1.5x, https:\/\/i0.wp.com\/www.ellensailing.se\/wp-content\/uploads\/2016\/07\/DSC_0893.jpg?fit=1200%2C797&ssl=1&resize=700%2C400 2x, https:\/\/i0.wp.com\/www.ellensailing.se\/wp-content\/uploads\/2016\/07\/DSC_0893.jpg?fit=1200%2C797&ssl=1&resize=1050%2C600 3x"},"classes":[]},{"id":3958,"url":"https:\/\/www.ellensailing.se\/?p=3958","url_meta":{"origin":1043,"position":3},"title":"Hoppade direkt till Riga","author":"peter@ellensailing.se","date":"4 augusti, 2026","format":false,"excerpt":"N\u00e4r vi kastade loss fr\u00e5n Rojag s\u00e5 t\u00e4nkte vi g\u00e5 till Engure Marina men jag pratade med dem dagen innan och de hade s\u00e5 mycket problem. Stopp i avloppet, problem med sandbanker etc. N\u00e4r vi seglat i en timme s\u00e5 \u00e4ndrade vi beslut. Vi g\u00e5r direkt till Riga. Code 1\u2026","rel":"","context":"I \u201dSegling 2026\u201d","block_context":{"text":"Segling 2026","link":"https:\/\/www.ellensailing.se\/?cat=35"},"img":{"alt_text":"","src":"https:\/\/i0.wp.com\/www.ellensailing.se\/wp-content\/uploads\/2026\/08\/img_3549.jpg?fit=900%2C1200&ssl=1&resize=350%2C200","width":350,"height":200,"srcset":"https:\/\/i0.wp.com\/www.ellensailing.se\/wp-content\/uploads\/2026\/08\/img_3549.jpg?fit=900%2C1200&ssl=1&resize=350%2C200 1x, https:\/\/i0.wp.com\/www.ellensailing.se\/wp-content\/uploads\/2026\/08\/img_3549.jpg?fit=900%2C1200&ssl=1&resize=525%2C300 1.5x, https:\/\/i0.wp.com\/www.ellensailing.se\/wp-content\/uploads\/2026\/08\/img_3549.jpg?fit=900%2C1200&ssl=1&resize=700%2C400 2x"},"classes":[]},{"id":1288,"url":"https:\/\/www.ellensailing.se\/?p=1288","url_meta":{"origin":1043,"position":4},"title":"En underbar morgon p\u00e5 \u00f6n, h\u00e4r kommer fler bilder.","author":"peter@ellensailing.se","date":"16 september, 2017","format":false,"excerpt":"Det har varit lite guppigt i natt fram till klockan 2 d\u00e5 det mojnade. Sedan har det varit lugnt. Vi har legat fast som mot ett berg med v\u00e5rt Roccna ankare. Nu p\u00e5 morgonen \u00e4r det helt stilla och jag har k\u00f6rt lite dr\u00f6nare. Lite film och fler bilder. [Spider_Video_Player\u2026","rel":"","context":"I \u201dH\u00f6st 2017 till Grand Canrias.\u201d","block_context":{"text":"H\u00f6st 2017 till Grand Canrias.","link":"https:\/\/www.ellensailing.se\/?cat=22"},"img":{"alt_text":"","src":"https:\/\/i0.wp.com\/www.ellensailing.se\/wp-content\/uploads\/2017\/09\/DJI_0137.jpg?fit=1200%2C900&ssl=1&resize=350%2C200","width":350,"height":200,"srcset":"https:\/\/i0.wp.com\/www.ellensailing.se\/wp-content\/uploads\/2017\/09\/DJI_0137.jpg?fit=1200%2C900&ssl=1&resize=350%2C200 1x, https:\/\/i0.wp.com\/www.ellensailing.se\/wp-content\/uploads\/2017\/09\/DJI_0137.jpg?fit=1200%2C900&ssl=1&resize=525%2C300 1.5x, https:\/\/i0.wp.com\/www.ellensailing.se\/wp-content\/uploads\/2017\/09\/DJI_0137.jpg?fit=1200%2C900&ssl=1&resize=700%2C400 2x, https:\/\/i0.wp.com\/www.ellensailing.se\/wp-content\/uploads\/2017\/09\/DJI_0137.jpg?fit=1200%2C900&ssl=1&resize=1050%2C600 3x"},"classes":[]},{"id":1454,"url":"https:\/\/www.ellensailing.se\/?p=1454","url_meta":{"origin":1043,"position":5},"title":"Nytt bes\u00f6k p\u00e5 b\u00e5ten!","author":"peter@ellensailing.se","date":"20 oktober, 2017","format":false,"excerpt":"H\u00e4rom dagen fick vi bes\u00f6k av Anders S\u00f6derberg p\u00e5 b\u00e5ten. Han fl\u00f6g till Teneriffa och h\u00e4mtades upp i Santa Cruz. Det blev ett dygn i huvudstaden. Kul att tr\u00e4ffa Think Twice och Engla. Vi hade lite SOS i Think Twice och efter middag gick vi alla till en bar och\u2026","rel":"","context":"I \u201dH\u00f6st 2017 till Grand Canrias.\u201d","block_context":{"text":"H\u00f6st 2017 till Grand Canrias.","link":"https:\/\/www.ellensailing.se\/?cat=22"},"img":{"alt_text":"","src":"https:\/\/i0.wp.com\/www.ellensailing.se\/wp-content\/uploads\/2017\/10\/IMG_6197.jpg?fit=480%2C640&ssl=1&resize=350%2C200","width":350,"height":200},"classes":[]}],"jetpack_likes_enabled":false,"_links":{"self":[{"href":"https:\/\/www.ellensailing.se\/index.php?rest_route=\/wp\/v2\/posts\/1043","targetHints":{"allow":["GET"]}}],"collection":[{"href":"https:\/\/www.ellensailing.se\/index.php?rest_route=\/wp\/v2\/posts"}],"about":[{"href":"https:\/\/www.ellensailing.se\/index.php?rest_route=\/wp\/v2\/types\/post"}],"author":[{"embeddable":true,"href":"https:\/\/www.ellensailing.se\/index.php?rest_route=\/wp\/v2\/users\/1"}],"replies":[{"embeddable":true,"href":"https:\/\/www.ellensailing.se\/index.php?rest_route=%2Fwp%2Fv2%2Fcomments&post=1043"}],"version-history":[{"count":1,"href":"https:\/\/www.ellensailing.se\/index.php?rest_route=\/wp\/v2\/posts\/1043\/revisions"}],"predecessor-version":[{"id":1053,"href":"https:\/\/www.ellensailing.se\/index.php?rest_route=\/wp\/v2\/posts\/1043\/revisions\/1053"}],"wp:featuredmedia":[{"embeddable":true,"href":"https:\/\/www.ellensailing.se\/index.php?rest_route=\/wp\/v2\/media\/1049"}],"wp:attachment":[{"href":"https:\/\/www.ellensailing.se\/index.php?rest_route=%2Fwp%2Fv2%2Fmedia&parent=1043"}],"wp:term":[{"taxonomy":"category","embeddable":true,"href":"https:\/\/www.ellensailing.se\/index.php?rest_route=%2Fwp%2Fv2%2Fcategories&post=1043"},{"taxonomy":"post_tag","embeddable":true,"href":"https:\/\/www.ellensailing.se\/index.php?rest_route=%2Fwp%2Fv2%2Ftags&post=1043"}],"curies":[{"name":"wp","href":"https:\/\/api.w.org\/{rel}","templated":true}]}}