{"id":1036,"date":"2016-07-06T22:54:55","date_gmt":"2016-07-06T20:54:55","guid":{"rendered":"https:\/\/www.ellensailing.se\/?p=1036"},"modified":"2016-07-06T22:54:55","modified_gmt":"2016-07-06T20:54:55","slug":"ny-flagga-och-nytt-land-igen","status":"publish","type":"post","link":"https:\/\/www.ellensailing.se\/?p=1036","title":{"rendered":"Ny flagga och nytt land igen!"},"content":{"rendered":"<figure id=\"attachment_1034\" aria-describedby=\"caption-attachment-1034\" style=\"width: 640px\" class=\"wp-caption aligncenter\"><a href=\"https:\/\/i0.wp.com\/www.ellensailing.se\/wp-content\/uploads\/2016\/07\/DSC_0803.jpg?ssl=1\"><img data-recalc-dims=\"1\" fetchpriority=\"high\" decoding=\"async\" class=\"wp-image-1034 size-large\" src=\"https:\/\/i0.wp.com\/www.ellensailing.se\/wp-content\/uploads\/2016\/07\/DSC_0803.jpg?resize=640%2C425&#038;ssl=1\" alt=\"DSC_0803\" width=\"640\" height=\"425\" srcset=\"https:\/\/i0.wp.com\/www.ellensailing.se\/wp-content\/uploads\/2016\/07\/DSC_0803.jpg?resize=1024%2C680&amp;ssl=1 1024w, https:\/\/i0.wp.com\/www.ellensailing.se\/wp-content\/uploads\/2016\/07\/DSC_0803.jpg?resize=300%2C200&amp;ssl=1 300w, https:\/\/i0.wp.com\/www.ellensailing.se\/wp-content\/uploads\/2016\/07\/DSC_0803.jpg?resize=768%2C510&amp;ssl=1 768w, https:\/\/i0.wp.com\/www.ellensailing.se\/wp-content\/uploads\/2016\/07\/DSC_0803.jpg?w=1680&amp;ssl=1 1680w, https:\/\/i0.wp.com\/www.ellensailing.se\/wp-content\/uploads\/2016\/07\/DSC_0803.jpg?w=2520&amp;ssl=1 2520w\" sizes=\"(max-width: 640px) 100vw, 640px\" \/><\/a><figcaption id=\"caption-attachment-1034\" class=\"wp-caption-text\">Zeebrugge fr\u00e5n l\u00e5gvattensidan p\u00e5 morgonen n\u00e4r vi sticker. Inte v\u00e4rldens mysigaste marina men v\u00e4l s\u00e5 s\u00e4ker.<\/figcaption><\/figure>\n<p>Idag har vi haft den b\u00e4sta dagen med fantastisk segling fr\u00e5n Zeebrugge till Dunkerque. Str\u00e4ckbog mellan sandbankarna och ganska n\u00e4ra land. Idag var det mycket segelb\u00e5tar som vi kunde segla ifr\u00e5n. Ig\u00e5r m\u00f6tte vi bara ett kylsk\u00e5p p\u00e5 Nordsj\u00f6n. Solsken och mysigt. Vi hittade en stor b\u00e5ttillbeh\u00f6rsaff\u00e4r som hade j\u00e4tte mycket prylar. D\u00e4r hittade vi ett medel som tar bort missf\u00e4rgningar p\u00e5 vattenlinjen. Satan var bra, allt f\u00f6rsvann. Det skulle man s\u00e4lja i Sverige. Frankrike \u00e4r bra p\u00e5 ta bort saker&#8230;<\/p>\n<figure id=\"attachment_1037\" aria-describedby=\"caption-attachment-1037\" style=\"width: 640px\" class=\"wp-caption aligncenter\"><a href=\"https:\/\/i0.wp.com\/www.ellensailing.se\/wp-content\/uploads\/2016\/07\/DSC_0812.jpg?ssl=1\"><img data-recalc-dims=\"1\" decoding=\"async\" class=\"wp-image-1037 size-large\" src=\"https:\/\/i0.wp.com\/www.ellensailing.se\/wp-content\/uploads\/2016\/07\/DSC_0812.jpg?resize=640%2C425&#038;ssl=1\" alt=\"DSC_0812\" width=\"640\" height=\"425\" srcset=\"https:\/\/i0.wp.com\/www.ellensailing.se\/wp-content\/uploads\/2016\/07\/DSC_0812.jpg?resize=1024%2C680&amp;ssl=1 1024w, https:\/\/i0.wp.com\/www.ellensailing.se\/wp-content\/uploads\/2016\/07\/DSC_0812.jpg?resize=300%2C200&amp;ssl=1 300w, https:\/\/i0.wp.com\/www.ellensailing.se\/wp-content\/uploads\/2016\/07\/DSC_0812.jpg?resize=768%2C510&amp;ssl=1 768w, https:\/\/i0.wp.com\/www.ellensailing.se\/wp-content\/uploads\/2016\/07\/DSC_0812.jpg?w=1680&amp;ssl=1 1680w, https:\/\/i0.wp.com\/www.ellensailing.se\/wp-content\/uploads\/2016\/07\/DSC_0812.jpg?w=2520&amp;ssl=1 2520w\" sizes=\"(max-width: 640px) 100vw, 640px\" \/><\/a><figcaption id=\"caption-attachment-1037\" class=\"wp-caption-text\">Franska flaggan hissas<\/figcaption><\/figure>\n<p>Vi har bunkrat ordentligt och festat p\u00e5 en riktig grillmiddag och ostbricka efter. Nu efter middagen \u00e4r det l\u00e5gvatten och d\u00e5 st\u00e5r lodet p\u00e5 1,7. Tror Ellen st\u00e5r stadigt, eller vad s\u00e4ger du Torgny, hur djupt g\u00e5r hon. Tror det skall vara 2,30. Enligt Reeds skall det vara 3 meter.<\/p>\n<figure id=\"attachment_1038\" aria-describedby=\"caption-attachment-1038\" style=\"width: 640px\" class=\"wp-caption aligncenter\"><a href=\"https:\/\/i0.wp.com\/www.ellensailing.se\/wp-content\/uploads\/2016\/07\/DSC_0821.jpg?ssl=1\"><img data-recalc-dims=\"1\" decoding=\"async\" class=\"wp-image-1038 size-large\" src=\"https:\/\/i0.wp.com\/www.ellensailing.se\/wp-content\/uploads\/2016\/07\/DSC_0821.jpg?resize=640%2C425&#038;ssl=1\" alt=\"DSC_0821\" width=\"640\" height=\"425\" srcset=\"https:\/\/i0.wp.com\/www.ellensailing.se\/wp-content\/uploads\/2016\/07\/DSC_0821.jpg?resize=1024%2C680&amp;ssl=1 1024w, https:\/\/i0.wp.com\/www.ellensailing.se\/wp-content\/uploads\/2016\/07\/DSC_0821.jpg?resize=300%2C200&amp;ssl=1 300w, https:\/\/i0.wp.com\/www.ellensailing.se\/wp-content\/uploads\/2016\/07\/DSC_0821.jpg?resize=768%2C510&amp;ssl=1 768w, https:\/\/i0.wp.com\/www.ellensailing.se\/wp-content\/uploads\/2016\/07\/DSC_0821.jpg?w=1680&amp;ssl=1 1680w, https:\/\/i0.wp.com\/www.ellensailing.se\/wp-content\/uploads\/2016\/07\/DSC_0821.jpg?w=2520&amp;ssl=1 2520w\" sizes=\"(max-width: 640px) 100vw, 640px\" \/><\/a><figcaption id=\"caption-attachment-1038\" class=\"wp-caption-text\">Dunkerque fr\u00e5n sj\u00f6sidan<\/figcaption><\/figure>\n<p>Molle har varit duktig och sy idag ocks\u00e5. Alla \u00e4ndar en nyfixade. Han \u00e4r s\u00e5 duktigt p\u00e5 det med.<\/p>\n<figure id=\"attachment_1040\" aria-describedby=\"caption-attachment-1040\" style=\"width: 640px\" class=\"wp-caption aligncenter\"><a href=\"https:\/\/i0.wp.com\/www.ellensailing.se\/wp-content\/uploads\/2016\/07\/DSC_0811.jpg?ssl=1\"><img data-recalc-dims=\"1\" loading=\"lazy\" decoding=\"async\" class=\"wp-image-1040 size-large\" src=\"https:\/\/i0.wp.com\/www.ellensailing.se\/wp-content\/uploads\/2016\/07\/DSC_0811.jpg?resize=640%2C964&#038;ssl=1\" alt=\"DSC_0811\" width=\"640\" height=\"964\" srcset=\"https:\/\/i0.wp.com\/www.ellensailing.se\/wp-content\/uploads\/2016\/07\/DSC_0811.jpg?resize=680%2C1024&amp;ssl=1 680w, https:\/\/i0.wp.com\/www.ellensailing.se\/wp-content\/uploads\/2016\/07\/DSC_0811.jpg?resize=199%2C300&amp;ssl=1 199w, https:\/\/i0.wp.com\/www.ellensailing.se\/wp-content\/uploads\/2016\/07\/DSC_0811.jpg?resize=768%2C1156&amp;ssl=1 768w, https:\/\/i0.wp.com\/www.ellensailing.se\/wp-content\/uploads\/2016\/07\/DSC_0811.jpg?w=1680&amp;ssl=1 1680w, https:\/\/i0.wp.com\/www.ellensailing.se\/wp-content\/uploads\/2016\/07\/DSC_0811.jpg?w=2520&amp;ssl=1 2520w\" sizes=\"(max-width: 640px) 100vw, 640px\" \/><\/a><figcaption id=\"caption-attachment-1040\" class=\"wp-caption-text\">Molle i sytagen<\/figcaption><\/figure>\n<p>Middag blev i sittbrunnen med mycket sol. Grillen har anv\u00e4nds igen. Riktigt mysigt.<\/p>\n<figure id=\"attachment_1039\" aria-describedby=\"caption-attachment-1039\" style=\"width: 640px\" class=\"wp-caption aligncenter\"><a href=\"https:\/\/i0.wp.com\/www.ellensailing.se\/wp-content\/uploads\/2016\/07\/DSC_0832.jpg?ssl=1\"><img data-recalc-dims=\"1\" loading=\"lazy\" decoding=\"async\" class=\"wp-image-1039 size-large\" src=\"https:\/\/i0.wp.com\/www.ellensailing.se\/wp-content\/uploads\/2016\/07\/DSC_0832.jpg?resize=640%2C425&#038;ssl=1\" alt=\"DSC_0832\" width=\"640\" height=\"425\" srcset=\"https:\/\/i0.wp.com\/www.ellensailing.se\/wp-content\/uploads\/2016\/07\/DSC_0832.jpg?resize=1024%2C680&amp;ssl=1 1024w, https:\/\/i0.wp.com\/www.ellensailing.se\/wp-content\/uploads\/2016\/07\/DSC_0832.jpg?resize=300%2C200&amp;ssl=1 300w, https:\/\/i0.wp.com\/www.ellensailing.se\/wp-content\/uploads\/2016\/07\/DSC_0832.jpg?resize=768%2C510&amp;ssl=1 768w, https:\/\/i0.wp.com\/www.ellensailing.se\/wp-content\/uploads\/2016\/07\/DSC_0832.jpg?w=1680&amp;ssl=1 1680w, https:\/\/i0.wp.com\/www.ellensailing.se\/wp-content\/uploads\/2016\/07\/DSC_0832.jpg?w=2520&amp;ssl=1 2520w\" sizes=\"(max-width: 640px) 100vw, 640px\" \/><\/a><figcaption id=\"caption-attachment-1039\" class=\"wp-caption-text\">Uppdukat f\u00f6r middag.<\/figcaption><\/figure>\n","protected":false},"excerpt":{"rendered":"<p>Idag har vi haft den b\u00e4sta dagen med fantastisk segling fr\u00e5n Zeebrugge till Dunkerque. Str\u00e4ckbog mellan sandbankarna och ganska n\u00e4ra[&#8230;]<\/p>\n","protected":false},"author":1,"featured_media":1037,"comment_status":"open","ping_status":"open","sticky":false,"template":"","format":"standard","meta":{"_jetpack_newsletter_access":"","_jetpack_dont_email_post_to_subs":false,"_jetpack_newsletter_tier_id":0,"_jetpack_memberships_contains_paywalled_content":false,"_jetpack_feature_clip_id":0,"_jetpack_memberships_contains_paid_content":false,"footnotes":"","jetpack_publicize_message":"","jetpack_publicize_feature_enabled":true,"jetpack_social_post_already_shared":true,"jetpack_social_options":{"image_generator_settings":{"template":"highway","default_image_id":0,"font":"","enabled":false},"version":2},"jetpack_post_was_ever_published":false},"categories":[20],"tags":[],"class_list":["post-1036","post","type-post","status-publish","format-standard","has-post-thumbnail","hentry","category-sommar-2016"],"jetpack_publicize_connections":[],"jetpack_featured_media_url":"https:\/\/i0.wp.com\/www.ellensailing.se\/wp-content\/uploads\/2016\/07\/DSC_0812.jpg?fit=4288%2C2848&ssl=1","jetpack_sharing_enabled":true,"jetpack_shortlink":"https:\/\/wp.me\/p5G68R-gI","jetpack-related-posts":[{"id":3337,"url":"https:\/\/www.ellensailing.se\/?p=3337","url_meta":{"origin":1036,"position":0},"title":"F\u00f6rsta veckan avklarad och nu \u00e4r vi i Hang\u00f6!","author":"peter@ellensailing.se","date":"10 juli, 2023","format":false,"excerpt":"F\u00f6rra l\u00f6rdagen p\u00e5b\u00f6rjade vi v\u00e5r sommarsegling. Det gick undan upp till Fejan och vi t\u00e4nkte n\u00e4stan forts\u00e4tta hela v\u00e4gen \u00f6ver till Mariehamn f\u00f6r det var s\u00e5 bra. Synd att vi inte gjorde det f\u00f6r p\u00e5 s\u00f6ndagen b\u00f6rjade det inte bl\u00e5sa f\u00f6rr\u00e4n vid tolvtiden. Under tiden speglarna hade det tufft under\u2026","rel":"","context":"I \u201dSegling 2023\u201d","block_context":{"text":"Segling 2023","link":"https:\/\/www.ellensailing.se\/?cat=31"},"img":{"alt_text":"","src":"https:\/\/i0.wp.com\/www.ellensailing.se\/wp-content\/uploads\/2023\/07\/img_2811-scaled.jpg?fit=900%2C1200&ssl=1&resize=350%2C200","width":350,"height":200,"srcset":"https:\/\/i0.wp.com\/www.ellensailing.se\/wp-content\/uploads\/2023\/07\/img_2811-scaled.jpg?fit=900%2C1200&ssl=1&resize=350%2C200 1x, https:\/\/i0.wp.com\/www.ellensailing.se\/wp-content\/uploads\/2023\/07\/img_2811-scaled.jpg?fit=900%2C1200&ssl=1&resize=525%2C300 1.5x, https:\/\/i0.wp.com\/www.ellensailing.se\/wp-content\/uploads\/2023\/07\/img_2811-scaled.jpg?fit=900%2C1200&ssl=1&resize=700%2C400 2x"},"classes":[]},{"id":3993,"url":"https:\/\/www.ellensailing.se\/?p=3993","url_meta":{"origin":1036,"position":1},"title":"Riga till P\u00e4rnu med ett stopp i Skulte","author":"peter@ellensailing.se","date":"10 augusti, 2026","format":false,"excerpt":"Det blev fina dagar i Riga. Mycket cykel och kolla p\u00e5 olika saker. Vi hade en fika med Karl Mikael som ber\u00e4ttade sina historier fr\u00e5n Lettland. Kul att tr\u00e4ffas. Karl Mikael tipsade oss att g\u00e5 p\u00e5 ockupations museet. Det var riktigt bra och Ryssland \u00e4r inte ett land, det \u00e4r\u2026","rel":"","context":"I \u201dSegling 2026\u201d","block_context":{"text":"Segling 2026","link":"https:\/\/www.ellensailing.se\/?cat=35"},"img":{"alt_text":"","src":"https:\/\/i0.wp.com\/www.ellensailing.se\/wp-content\/uploads\/2026\/08\/img_3576-2.jpg?fit=1200%2C900&ssl=1&resize=350%2C200","width":350,"height":200,"srcset":"https:\/\/i0.wp.com\/www.ellensailing.se\/wp-content\/uploads\/2026\/08\/img_3576-2.jpg?fit=1200%2C900&ssl=1&resize=350%2C200 1x, https:\/\/i0.wp.com\/www.ellensailing.se\/wp-content\/uploads\/2026\/08\/img_3576-2.jpg?fit=1200%2C900&ssl=1&resize=525%2C300 1.5x, https:\/\/i0.wp.com\/www.ellensailing.se\/wp-content\/uploads\/2026\/08\/img_3576-2.jpg?fit=1200%2C900&ssl=1&resize=700%2C400 2x, https:\/\/i0.wp.com\/www.ellensailing.se\/wp-content\/uploads\/2026\/08\/img_3576-2.jpg?fit=1200%2C900&ssl=1&resize=1050%2C600 3x"},"classes":[]},{"id":2341,"url":"https:\/\/www.ellensailing.se\/?p=2341","url_meta":{"origin":1036,"position":2},"title":"En underbar helg avslutas i Cambridge.","author":"peter@ellensailing.se","date":"21 oktober, 2018","format":false,"excerpt":"Efter en helt underbar helg i England avslutar vi den i den vackra staden Cambridge. Vi har g\u00e5tt och g\u00e5tt p\u00e5 alla m\u00f6jliga st\u00e4llen. Ig\u00e5r gick jag, Frank och Puppie hela v\u00e4gen fr\u00e5n deras hem till Burghley House. Det \u00e4r en helt enorm anl\u00e4ggning med v\u00e4ldigt stora parker. Efter promenade\u2026","rel":"","context":"I \u201dB\u00e5ten p\u00e5 land\u201d","block_context":{"text":"B\u00e5ten p\u00e5 land","link":"https:\/\/www.ellensailing.se\/?cat=3"},"img":{"alt_text":"","src":"https:\/\/i0.wp.com\/www.ellensailing.se\/wp-content\/uploads\/2018\/10\/EB772A42-690B-4401-BE7F-367271D5CFEE.jpeg?fit=1200%2C900&ssl=1&resize=350%2C200","width":350,"height":200,"srcset":"https:\/\/i0.wp.com\/www.ellensailing.se\/wp-content\/uploads\/2018\/10\/EB772A42-690B-4401-BE7F-367271D5CFEE.jpeg?fit=1200%2C900&ssl=1&resize=350%2C200 1x, https:\/\/i0.wp.com\/www.ellensailing.se\/wp-content\/uploads\/2018\/10\/EB772A42-690B-4401-BE7F-367271D5CFEE.jpeg?fit=1200%2C900&ssl=1&resize=525%2C300 1.5x, https:\/\/i0.wp.com\/www.ellensailing.se\/wp-content\/uploads\/2018\/10\/EB772A42-690B-4401-BE7F-367271D5CFEE.jpeg?fit=1200%2C900&ssl=1&resize=700%2C400 2x, https:\/\/i0.wp.com\/www.ellensailing.se\/wp-content\/uploads\/2018\/10\/EB772A42-690B-4401-BE7F-367271D5CFEE.jpeg?fit=1200%2C900&ssl=1&resize=1050%2C600 3x"},"classes":[]},{"id":1408,"url":"https:\/\/www.ellensailing.se\/?p=1408","url_meta":{"origin":1036,"position":3},"title":"Fina dagar p\u00e5 Graciosa, nu v\u00e4ntar Arrecife","author":"peter@ellensailing.se","date":"11 oktober, 2017","format":false,"excerpt":"Det har har varit sk\u00f6na dagar p\u00e5 Isla Graciosa. Alla man pratat med tycker det \u00e4r en p\u00e4rla p\u00e5 jorden och det \u00e4r bara att inst\u00e4mma. Sk\u00f6n st\u00e4mning p\u00e5 \u00f6n mellan b\u00e5tarna. Synd bara att det kommer in b\u00e5tar med badande g\u00e4ster men som tur \u00e4r serveras lunch vid tv\u00e5\u2026","rel":"","context":"I \u201dH\u00f6st 2017 till Grand Canrias.\u201d","block_context":{"text":"H\u00f6st 2017 till Grand Canrias.","link":"https:\/\/www.ellensailing.se\/?cat=22"},"img":{"alt_text":"","src":"https:\/\/i0.wp.com\/www.ellensailing.se\/wp-content\/uploads\/2017\/10\/IMG_0110.jpg?fit=1200%2C900&ssl=1&resize=350%2C200","width":350,"height":200,"srcset":"https:\/\/i0.wp.com\/www.ellensailing.se\/wp-content\/uploads\/2017\/10\/IMG_0110.jpg?fit=1200%2C900&ssl=1&resize=350%2C200 1x, https:\/\/i0.wp.com\/www.ellensailing.se\/wp-content\/uploads\/2017\/10\/IMG_0110.jpg?fit=1200%2C900&ssl=1&resize=525%2C300 1.5x, https:\/\/i0.wp.com\/www.ellensailing.se\/wp-content\/uploads\/2017\/10\/IMG_0110.jpg?fit=1200%2C900&ssl=1&resize=700%2C400 2x, https:\/\/i0.wp.com\/www.ellensailing.se\/wp-content\/uploads\/2017\/10\/IMG_0110.jpg?fit=1200%2C900&ssl=1&resize=1050%2C600 3x"},"classes":[]},{"id":2913,"url":"https:\/\/www.ellensailing.se\/?p=2913","url_meta":{"origin":1036,"position":4},"title":"Rycka loss!","author":"peter@ellensailing.se","date":"30 juli, 2020","format":false,"excerpt":"Segla ifr\u00e5n Visby i morse d\u00e5 v\u00e5r tamp i land, en 18 mm Liros ryckts av klockan 5 p\u00e5 morgonen. Det var sydv\u00e4st rakt in i hamnen och sj\u00f6n var brutal. Vi hade redan best\u00e4mt oss f\u00f6r att segla upp till F\u00e5r\u00f6sund idag f\u00f6r att det var bra vindar fr\u00e5n\u2026","rel":"","context":"I \u201dSegling 2020\u201d","block_context":{"text":"Segling 2020","link":"https:\/\/www.ellensailing.se\/?cat=27"},"img":{"alt_text":"","src":"https:\/\/i0.wp.com\/www.ellensailing.se\/wp-content\/uploads\/2020\/07\/A6B8C97B-663E-405D-8EB2-8D1EF46384E5-scaled.jpeg?fit=900%2C1200&ssl=1&resize=350%2C200","width":350,"height":200,"srcset":"https:\/\/i0.wp.com\/www.ellensailing.se\/wp-content\/uploads\/2020\/07\/A6B8C97B-663E-405D-8EB2-8D1EF46384E5-scaled.jpeg?fit=900%2C1200&ssl=1&resize=350%2C200 1x, https:\/\/i0.wp.com\/www.ellensailing.se\/wp-content\/uploads\/2020\/07\/A6B8C97B-663E-405D-8EB2-8D1EF46384E5-scaled.jpeg?fit=900%2C1200&ssl=1&resize=525%2C300 1.5x, https:\/\/i0.wp.com\/www.ellensailing.se\/wp-content\/uploads\/2020\/07\/A6B8C97B-663E-405D-8EB2-8D1EF46384E5-scaled.jpeg?fit=900%2C1200&ssl=1&resize=700%2C400 2x"},"classes":[]},{"id":1986,"url":"https:\/\/www.ellensailing.se\/?p=1986","url_meta":{"origin":1036,"position":5},"title":"St:Vincent f\u00e5r bes\u00f6k f\u00f6r f\u00f6rsta g\u00e5ngen av Ellen","author":"peter@ellensailing.se","date":"25 mars, 2018","format":false,"excerpt":"Vi har idag ankrat p\u00e5 St:Vincent trots att alla rekommenderar att man inte skall g\u00e5 i land h\u00e4r. Anledningen till att vi g\u00f6r det \u00e4r att vi f\u00e5tt s\u00e5 m\u00e5nga rekommendationer av seglare att det finns ett fint st\u00e4lle och det \u00e4r i Keartons Bay och Rock Side Caf\u00e9 som\u2026","rel":"","context":"I \u201dV\u00e4stindien 2017-2018\u201d","block_context":{"text":"V\u00e4stindien 2017-2018","link":"https:\/\/www.ellensailing.se\/?cat=24"},"img":{"alt_text":"","src":"https:\/\/i0.wp.com\/www.ellensailing.se\/wp-content\/uploads\/2018\/03\/D950EE31-66AC-4355-9186-6A65AD5AC60D.jpeg?fit=1200%2C800&ssl=1&resize=350%2C200","width":350,"height":200,"srcset":"https:\/\/i0.wp.com\/www.ellensailing.se\/wp-content\/uploads\/2018\/03\/D950EE31-66AC-4355-9186-6A65AD5AC60D.jpeg?fit=1200%2C800&ssl=1&resize=350%2C200 1x, https:\/\/i0.wp.com\/www.ellensailing.se\/wp-content\/uploads\/2018\/03\/D950EE31-66AC-4355-9186-6A65AD5AC60D.jpeg?fit=1200%2C800&ssl=1&resize=525%2C300 1.5x, https:\/\/i0.wp.com\/www.ellensailing.se\/wp-content\/uploads\/2018\/03\/D950EE31-66AC-4355-9186-6A65AD5AC60D.jpeg?fit=1200%2C800&ssl=1&resize=700%2C400 2x, https:\/\/i0.wp.com\/www.ellensailing.se\/wp-content\/uploads\/2018\/03\/D950EE31-66AC-4355-9186-6A65AD5AC60D.jpeg?fit=1200%2C800&ssl=1&resize=1050%2C600 3x"},"classes":[]}],"jetpack_likes_enabled":false,"_links":{"self":[{"href":"https:\/\/www.ellensailing.se\/index.php?rest_route=\/wp\/v2\/posts\/1036","targetHints":{"allow":["GET"]}}],"collection":[{"href":"https:\/\/www.ellensailing.se\/index.php?rest_route=\/wp\/v2\/posts"}],"about":[{"href":"https:\/\/www.ellensailing.se\/index.php?rest_route=\/wp\/v2\/types\/post"}],"author":[{"embeddable":true,"href":"https:\/\/www.ellensailing.se\/index.php?rest_route=\/wp\/v2\/users\/1"}],"replies":[{"embeddable":true,"href":"https:\/\/www.ellensailing.se\/index.php?rest_route=%2Fwp%2Fv2%2Fcomments&post=1036"}],"version-history":[{"count":1,"href":"https:\/\/www.ellensailing.se\/index.php?rest_route=\/wp\/v2\/posts\/1036\/revisions"}],"predecessor-version":[{"id":1041,"href":"https:\/\/www.ellensailing.se\/index.php?rest_route=\/wp\/v2\/posts\/1036\/revisions\/1041"}],"wp:featuredmedia":[{"embeddable":true,"href":"https:\/\/www.ellensailing.se\/index.php?rest_route=\/wp\/v2\/media\/1037"}],"wp:attachment":[{"href":"https:\/\/www.ellensailing.se\/index.php?rest_route=%2Fwp%2Fv2%2Fmedia&parent=1036"}],"wp:term":[{"taxonomy":"category","embeddable":true,"href":"https:\/\/www.ellensailing.se\/index.php?rest_route=%2Fwp%2Fv2%2Fcategories&post=1036"},{"taxonomy":"post_tag","embeddable":true,"href":"https:\/\/www.ellensailing.se\/index.php?rest_route=%2Fwp%2Fv2%2Ftags&post=1036"}],"curies":[{"name":"wp","href":"https:\/\/api.w.org\/{rel}","templated":true}]}}