{"id":1013,"date":"2016-07-05T00:06:28","date_gmt":"2016-07-04T22:06:28","guid":{"rendered":"https:\/\/www.ellensailing.se\/?p=1013"},"modified":"2016-07-06T22:56:26","modified_gmt":"2016-07-06T20:56:26","slug":"nu-har-vi-gjort-nederlandernas-kanaler-fran-a-dam-stellendam","status":"publish","type":"post","link":"https:\/\/www.ellensailing.se\/?p=1013","title":{"rendered":"Nu har vi gjort Nederl\u00e4ndernas kanaler fr\u00e5n A-dam- Stellendam"},"content":{"rendered":"<figure id=\"attachment_1014\" aria-describedby=\"caption-attachment-1014\" style=\"width: 640px\" class=\"wp-caption aligncenter\"><a href=\"https:\/\/i0.wp.com\/www.ellensailing.se\/wp-content\/uploads\/2016\/07\/DSC_0631.jpg?ssl=1\"><img data-recalc-dims=\"1\" fetchpriority=\"high\" decoding=\"async\" class=\"wp-image-1014 size-large\" src=\"https:\/\/i0.wp.com\/www.ellensailing.se\/wp-content\/uploads\/2016\/07\/DSC_0631.jpg?resize=640%2C425&#038;ssl=1\" alt=\"DSC_0631\" width=\"640\" height=\"425\" srcset=\"https:\/\/i0.wp.com\/www.ellensailing.se\/wp-content\/uploads\/2016\/07\/DSC_0631.jpg?resize=1024%2C680&amp;ssl=1 1024w, https:\/\/i0.wp.com\/www.ellensailing.se\/wp-content\/uploads\/2016\/07\/DSC_0631.jpg?resize=300%2C200&amp;ssl=1 300w, https:\/\/i0.wp.com\/www.ellensailing.se\/wp-content\/uploads\/2016\/07\/DSC_0631.jpg?resize=768%2C510&amp;ssl=1 768w, https:\/\/i0.wp.com\/www.ellensailing.se\/wp-content\/uploads\/2016\/07\/DSC_0631.jpg?w=1680&amp;ssl=1 1680w, https:\/\/i0.wp.com\/www.ellensailing.se\/wp-content\/uploads\/2016\/07\/DSC_0631.jpg?w=2520&amp;ssl=1 2520w\" sizes=\"(max-width: 640px) 100vw, 640px\" \/><\/a><figcaption id=\"caption-attachment-1014\" class=\"wp-caption-text\">En av de f\u00f6rsta slussarna efter Amsterdam.<\/figcaption><\/figure>\n<p>Nu har vi avverkat kanalerna mellan Amsterdam till Rotterdam. Vi stannade dock inte i Rotterdam utan fortsatte s\u00f6derut f\u00f6r att komma lite l\u00e4ngre ner och slippa all trafik ut fr\u00e5n Rotterdam.<\/p>\n<p>Det har varit en helt fantastisk upplevelse n\u00e4r man \u00e5ker med b\u00e5t h\u00f6gre \u00e4n vad husen \u00e4r. Vi gick inte den nattliga turen utan gick l\u00e4ngre ut och gick via ett antal sj\u00f6ar och genom Haarlem. Riktigt fint m\u00e5ste jag s\u00e4ga. Ett problem vi st\u00f6tt p\u00e5 \u00e4r att Visa inte funkar alls i Europa (Tyskland och Nederl\u00e4nderna) och inte knappt MasterCard. Det som g\u00e4ller h\u00e4r nere \u00e4r Maestro, vilket k\u00e4nns konstigt d\u00e5 det i Sverige \u00e4r mer ett ungdomskort. F\u00f6r att passera Haarlem s\u00e5 m\u00e5ste man betala med Maestro. Vi l\u00e5tsades betala och h\u00e4ngde med Spirit en HR 39:a som betalade.<\/p>\n<figure id=\"attachment_1016\" aria-describedby=\"caption-attachment-1016\" style=\"width: 640px\" class=\"wp-caption aligncenter\"><a href=\"https:\/\/i0.wp.com\/www.ellensailing.se\/wp-content\/uploads\/2016\/07\/DSC_0648.jpg?ssl=1\"><img data-recalc-dims=\"1\" decoding=\"async\" class=\"wp-image-1016 size-large\" src=\"https:\/\/i0.wp.com\/www.ellensailing.se\/wp-content\/uploads\/2016\/07\/DSC_0648.jpg?resize=640%2C964&#038;ssl=1\" alt=\"DSC_0648\" width=\"640\" height=\"964\" srcset=\"https:\/\/i0.wp.com\/www.ellensailing.se\/wp-content\/uploads\/2016\/07\/DSC_0648.jpg?resize=680%2C1024&amp;ssl=1 680w, https:\/\/i0.wp.com\/www.ellensailing.se\/wp-content\/uploads\/2016\/07\/DSC_0648.jpg?resize=199%2C300&amp;ssl=1 199w, https:\/\/i0.wp.com\/www.ellensailing.se\/wp-content\/uploads\/2016\/07\/DSC_0648.jpg?resize=768%2C1156&amp;ssl=1 768w, https:\/\/i0.wp.com\/www.ellensailing.se\/wp-content\/uploads\/2016\/07\/DSC_0648.jpg?w=1680&amp;ssl=1 1680w, https:\/\/i0.wp.com\/www.ellensailing.se\/wp-content\/uploads\/2016\/07\/DSC_0648.jpg?w=2520&amp;ssl=1 2520w\" sizes=\"(max-width: 640px) 100vw, 640px\" \/><\/a><figcaption id=\"caption-attachment-1016\" class=\"wp-caption-text\">V\u00e4derkvarn i Haarlem<\/figcaption><\/figure>\n<p>Vi hade lite missflyt med en bro som vi inte hade koll p\u00e5 att det \u00f6ppnade f\u00f6rst kl 13. D\u00e4refter var det simt\u00e4vling s\u00e5 vi fick inte g\u00e5 vidare&#8230; inte l\u00e4tt n\u00e4r man inte kan Nederl\u00e4ndska och de v\u00e4grar skriva info p\u00e5 Engelska. Vi fick mycket hj\u00e4lp av Stinger som hj\u00e4lpte oss med anrop etc.<\/p>\n<figure id=\"attachment_1017\" aria-describedby=\"caption-attachment-1017\" style=\"width: 640px\" class=\"wp-caption aligncenter\"><a href=\"https:\/\/i0.wp.com\/www.ellensailing.se\/wp-content\/uploads\/2016\/07\/DSC_0667.jpg?ssl=1\"><img data-recalc-dims=\"1\" decoding=\"async\" class=\"wp-image-1017 size-large\" src=\"https:\/\/i0.wp.com\/www.ellensailing.se\/wp-content\/uploads\/2016\/07\/DSC_0667.jpg?resize=640%2C425&#038;ssl=1\" alt=\"DSC_0667\" width=\"640\" height=\"425\" srcset=\"https:\/\/i0.wp.com\/www.ellensailing.se\/wp-content\/uploads\/2016\/07\/DSC_0667.jpg?resize=1024%2C680&amp;ssl=1 1024w, https:\/\/i0.wp.com\/www.ellensailing.se\/wp-content\/uploads\/2016\/07\/DSC_0667.jpg?resize=300%2C200&amp;ssl=1 300w, https:\/\/i0.wp.com\/www.ellensailing.se\/wp-content\/uploads\/2016\/07\/DSC_0667.jpg?resize=768%2C510&amp;ssl=1 768w, https:\/\/i0.wp.com\/www.ellensailing.se\/wp-content\/uploads\/2016\/07\/DSC_0667.jpg?w=1680&amp;ssl=1 1680w, https:\/\/i0.wp.com\/www.ellensailing.se\/wp-content\/uploads\/2016\/07\/DSC_0667.jpg?w=2520&amp;ssl=1 2520w\" sizes=\"(max-width: 640px) 100vw, 640px\" \/><\/a><figcaption id=\"caption-attachment-1017\" class=\"wp-caption-text\">K\u00f6 mellan bro\u00f6ppningarna i Haarlem. Killarna i fram \u00e4r nyfikna&#8230;<\/figcaption><\/figure>\n<p>I och med simt\u00e4vlingarna som samlades det upp massa med b\u00e5tar som skulle samsas med bro\u00f6ppningar. Jag vet faktiskt inte hur m\u00e5nga broar vi passerat.<\/p>\n<figure id=\"attachment_1018\" aria-describedby=\"caption-attachment-1018\" style=\"width: 640px\" class=\"wp-caption aligncenter\"><a href=\"https:\/\/i0.wp.com\/www.ellensailing.se\/wp-content\/uploads\/2016\/07\/DSC_0671.jpg?ssl=1\"><img data-recalc-dims=\"1\" loading=\"lazy\" decoding=\"async\" class=\"wp-image-1018 size-large\" src=\"https:\/\/i0.wp.com\/www.ellensailing.se\/wp-content\/uploads\/2016\/07\/DSC_0671.jpg?resize=640%2C425&#038;ssl=1\" alt=\"DSC_0671\" width=\"640\" height=\"425\" srcset=\"https:\/\/i0.wp.com\/www.ellensailing.se\/wp-content\/uploads\/2016\/07\/DSC_0671.jpg?resize=1024%2C680&amp;ssl=1 1024w, https:\/\/i0.wp.com\/www.ellensailing.se\/wp-content\/uploads\/2016\/07\/DSC_0671.jpg?resize=300%2C200&amp;ssl=1 300w, https:\/\/i0.wp.com\/www.ellensailing.se\/wp-content\/uploads\/2016\/07\/DSC_0671.jpg?resize=768%2C510&amp;ssl=1 768w, https:\/\/i0.wp.com\/www.ellensailing.se\/wp-content\/uploads\/2016\/07\/DSC_0671.jpg?w=1680&amp;ssl=1 1680w, https:\/\/i0.wp.com\/www.ellensailing.se\/wp-content\/uploads\/2016\/07\/DSC_0671.jpg?w=2520&amp;ssl=1 2520w\" sizes=\"(max-width: 640px) 100vw, 640px\" \/><\/a><figcaption id=\"caption-attachment-1018\" class=\"wp-caption-text\">M\u00e5nga bor i sina husb\u00e5tar l\u00e4ngs kanalerna. En del superfina och en del som beh\u00f6ver en del k\u00e4rlek.<\/figcaption><\/figure>\n<figure id=\"attachment_1019\" aria-describedby=\"caption-attachment-1019\" style=\"width: 640px\" class=\"wp-caption aligncenter\"><a href=\"https:\/\/i0.wp.com\/www.ellensailing.se\/wp-content\/uploads\/2016\/07\/DSC_0675.jpg?ssl=1\"><img data-recalc-dims=\"1\" loading=\"lazy\" decoding=\"async\" class=\"wp-image-1019 size-large\" src=\"https:\/\/i0.wp.com\/www.ellensailing.se\/wp-content\/uploads\/2016\/07\/DSC_0675.jpg?resize=640%2C425&#038;ssl=1\" alt=\"DSC_0675\" width=\"640\" height=\"425\" srcset=\"https:\/\/i0.wp.com\/www.ellensailing.se\/wp-content\/uploads\/2016\/07\/DSC_0675.jpg?resize=1024%2C680&amp;ssl=1 1024w, https:\/\/i0.wp.com\/www.ellensailing.se\/wp-content\/uploads\/2016\/07\/DSC_0675.jpg?resize=300%2C200&amp;ssl=1 300w, https:\/\/i0.wp.com\/www.ellensailing.se\/wp-content\/uploads\/2016\/07\/DSC_0675.jpg?resize=768%2C510&amp;ssl=1 768w, https:\/\/i0.wp.com\/www.ellensailing.se\/wp-content\/uploads\/2016\/07\/DSC_0675.jpg?w=1680&amp;ssl=1 1680w, https:\/\/i0.wp.com\/www.ellensailing.se\/wp-content\/uploads\/2016\/07\/DSC_0675.jpg?w=2520&amp;ssl=1 2520w\" sizes=\"(max-width: 640px) 100vw, 640px\" \/><\/a><figcaption id=\"caption-attachment-1019\" class=\"wp-caption-text\">Fina hus med massa olika arkitektur.<\/figcaption><\/figure>\n<figure id=\"attachment_1015\" aria-describedby=\"caption-attachment-1015\" style=\"width: 640px\" class=\"wp-caption aligncenter\"><a href=\"https:\/\/i0.wp.com\/www.ellensailing.se\/wp-content\/uploads\/2016\/07\/DSC_0633.jpg?ssl=1\"><img data-recalc-dims=\"1\" loading=\"lazy\" decoding=\"async\" class=\"wp-image-1015 size-large\" src=\"https:\/\/i0.wp.com\/www.ellensailing.se\/wp-content\/uploads\/2016\/07\/DSC_0633.jpg?resize=640%2C425&#038;ssl=1\" alt=\"DSC_0633\" width=\"640\" height=\"425\" srcset=\"https:\/\/i0.wp.com\/www.ellensailing.se\/wp-content\/uploads\/2016\/07\/DSC_0633.jpg?resize=1024%2C680&amp;ssl=1 1024w, https:\/\/i0.wp.com\/www.ellensailing.se\/wp-content\/uploads\/2016\/07\/DSC_0633.jpg?resize=300%2C200&amp;ssl=1 300w, https:\/\/i0.wp.com\/www.ellensailing.se\/wp-content\/uploads\/2016\/07\/DSC_0633.jpg?resize=768%2C510&amp;ssl=1 768w, https:\/\/i0.wp.com\/www.ellensailing.se\/wp-content\/uploads\/2016\/07\/DSC_0633.jpg?w=1680&amp;ssl=1 1680w, https:\/\/i0.wp.com\/www.ellensailing.se\/wp-content\/uploads\/2016\/07\/DSC_0633.jpg?w=2520&amp;ssl=1 2520w\" sizes=\"(max-width: 640px) 100vw, 640px\" \/><\/a><figcaption id=\"caption-attachment-1015\" class=\"wp-caption-text\">Radhus med din egna b\u00e5tplats p\u00e5 framsidan. Varf\u00f6r har vi inte s\u00e5dant i Stockholm?<\/figcaption><\/figure>\n<figure id=\"attachment_1023\" aria-describedby=\"caption-attachment-1023\" style=\"width: 640px\" class=\"wp-caption aligncenter\"><a href=\"https:\/\/i0.wp.com\/www.ellensailing.se\/wp-content\/uploads\/2016\/07\/DSC_0746.jpg?ssl=1\"><img data-recalc-dims=\"1\" loading=\"lazy\" decoding=\"async\" class=\"wp-image-1023 size-large\" src=\"https:\/\/i0.wp.com\/www.ellensailing.se\/wp-content\/uploads\/2016\/07\/DSC_0746.jpg?resize=640%2C425&#038;ssl=1\" alt=\"DSC_0746\" width=\"640\" height=\"425\" srcset=\"https:\/\/i0.wp.com\/www.ellensailing.se\/wp-content\/uploads\/2016\/07\/DSC_0746.jpg?resize=1024%2C680&amp;ssl=1 1024w, https:\/\/i0.wp.com\/www.ellensailing.se\/wp-content\/uploads\/2016\/07\/DSC_0746.jpg?resize=300%2C200&amp;ssl=1 300w, https:\/\/i0.wp.com\/www.ellensailing.se\/wp-content\/uploads\/2016\/07\/DSC_0746.jpg?resize=768%2C510&amp;ssl=1 768w, https:\/\/i0.wp.com\/www.ellensailing.se\/wp-content\/uploads\/2016\/07\/DSC_0746.jpg?w=1680&amp;ssl=1 1680w, https:\/\/i0.wp.com\/www.ellensailing.se\/wp-content\/uploads\/2016\/07\/DSC_0746.jpg?w=2520&amp;ssl=1 2520w\" sizes=\"(max-width: 640px) 100vw, 640px\" \/><\/a><figcaption id=\"caption-attachment-1023\" class=\"wp-caption-text\">Eller varf\u00f6r inte en terassv\u00e5ning. N\u00e4stan alla har v\u00e4ldigt gr\u00f6na fingrar.<\/figcaption><\/figure>\n<figure id=\"attachment_1022\" aria-describedby=\"caption-attachment-1022\" style=\"width: 640px\" class=\"wp-caption aligncenter\"><a href=\"https:\/\/i0.wp.com\/www.ellensailing.se\/wp-content\/uploads\/2016\/07\/DSC_0744.jpg?ssl=1\"><img data-recalc-dims=\"1\" loading=\"lazy\" decoding=\"async\" class=\"wp-image-1022 size-large\" src=\"https:\/\/i0.wp.com\/www.ellensailing.se\/wp-content\/uploads\/2016\/07\/DSC_0744.jpg?resize=640%2C425&#038;ssl=1\" alt=\"DSC_0744\" width=\"640\" height=\"425\" srcset=\"https:\/\/i0.wp.com\/www.ellensailing.se\/wp-content\/uploads\/2016\/07\/DSC_0744.jpg?resize=1024%2C680&amp;ssl=1 1024w, https:\/\/i0.wp.com\/www.ellensailing.se\/wp-content\/uploads\/2016\/07\/DSC_0744.jpg?resize=300%2C200&amp;ssl=1 300w, https:\/\/i0.wp.com\/www.ellensailing.se\/wp-content\/uploads\/2016\/07\/DSC_0744.jpg?resize=768%2C510&amp;ssl=1 768w, https:\/\/i0.wp.com\/www.ellensailing.se\/wp-content\/uploads\/2016\/07\/DSC_0744.jpg?w=1680&amp;ssl=1 1680w, https:\/\/i0.wp.com\/www.ellensailing.se\/wp-content\/uploads\/2016\/07\/DSC_0744.jpg?w=2520&amp;ssl=1 2520w\" sizes=\"(max-width: 640px) 100vw, 640px\" \/><\/a><figcaption id=\"caption-attachment-1022\" class=\"wp-caption-text\">Runt Ringvaart s\u00e5 \u00e5ker man \u00f6ver husen. V\u00e4ldigt m\u00e4rkligt<\/figcaption><\/figure>\n<p>I och med att vi blivit s\u00e5 f\u00f6rsenade med f\u00f6rsta bron s\u00e5 kom vi inte s\u00e5 l\u00e5ngt. Vi \u00f6vernattade vi Jachthaven Braassemer vi sj\u00f6n Braassemern. Hamnvakten kom och h\u00e4lsade oss v\u00e4lkomna med en glasburk med inlagt gurka. Hon var s\u00e5 glad att f\u00e5 g\u00e4ster fr\u00e5n Sverige och vi hann och prata en del med Stinger som \u00f6vernattade p\u00e5 andra sidan bryggan. Vi fortsatte p\u00e5 morgonen vid 9 tiden f\u00f6r att g\u00e5 mot Rotterdam. Vi har haft mer flyt med broar och slussar idag \u00e4n ig\u00e5r, bortsett fr\u00e5n sista bron d\u00e5 vi inte han med en transportb\u00e5t s\u00e5 de st\u00e4ngde bron framf\u00f6r oss. Fick v\u00e4nta en timme innan den gick upp. Vi tyckte att Rotterdam inte var n\u00e5got utan vi fortsatte ner vi kanalerna till Spardamm.<\/p>\n<figure id=\"attachment_1024\" aria-describedby=\"caption-attachment-1024\" style=\"width: 640px\" class=\"wp-caption aligncenter\"><a href=\"https:\/\/i0.wp.com\/www.ellensailing.se\/wp-content\/uploads\/2016\/07\/DSC_0749.jpg?ssl=1\"><img data-recalc-dims=\"1\" loading=\"lazy\" decoding=\"async\" class=\"wp-image-1024 size-large\" src=\"https:\/\/i0.wp.com\/www.ellensailing.se\/wp-content\/uploads\/2016\/07\/DSC_0749.jpg?resize=640%2C425&#038;ssl=1\" alt=\"DSC_0749\" width=\"640\" height=\"425\" srcset=\"https:\/\/i0.wp.com\/www.ellensailing.se\/wp-content\/uploads\/2016\/07\/DSC_0749.jpg?resize=1024%2C680&amp;ssl=1 1024w, https:\/\/i0.wp.com\/www.ellensailing.se\/wp-content\/uploads\/2016\/07\/DSC_0749.jpg?resize=300%2C200&amp;ssl=1 300w, https:\/\/i0.wp.com\/www.ellensailing.se\/wp-content\/uploads\/2016\/07\/DSC_0749.jpg?resize=768%2C510&amp;ssl=1 768w, https:\/\/i0.wp.com\/www.ellensailing.se\/wp-content\/uploads\/2016\/07\/DSC_0749.jpg?w=1680&amp;ssl=1 1680w, https:\/\/i0.wp.com\/www.ellensailing.se\/wp-content\/uploads\/2016\/07\/DSC_0749.jpg?w=2520&amp;ssl=1 2520w\" sizes=\"(max-width: 640px) 100vw, 640px\" \/><\/a><figcaption id=\"caption-attachment-1024\" class=\"wp-caption-text\">Roliga broar n\u00e4r man. lyfter hela alltet. Man ropar upp p\u00e5 VHF och talar om hur h\u00f6gt man vill ha den. Max var 34 meter<\/figcaption><\/figure>\n<figure id=\"attachment_1021\" aria-describedby=\"caption-attachment-1021\" style=\"width: 640px\" class=\"wp-caption aligncenter\"><a href=\"https:\/\/i0.wp.com\/www.ellensailing.se\/wp-content\/uploads\/2016\/07\/DSC_0686.jpg?ssl=1\"><img data-recalc-dims=\"1\" loading=\"lazy\" decoding=\"async\" class=\"wp-image-1021 size-large\" src=\"https:\/\/i0.wp.com\/www.ellensailing.se\/wp-content\/uploads\/2016\/07\/DSC_0686.jpg?resize=640%2C425&#038;ssl=1\" alt=\"DSC_0686\" width=\"640\" height=\"425\" srcset=\"https:\/\/i0.wp.com\/www.ellensailing.se\/wp-content\/uploads\/2016\/07\/DSC_0686.jpg?resize=1024%2C680&amp;ssl=1 1024w, https:\/\/i0.wp.com\/www.ellensailing.se\/wp-content\/uploads\/2016\/07\/DSC_0686.jpg?resize=300%2C200&amp;ssl=1 300w, https:\/\/i0.wp.com\/www.ellensailing.se\/wp-content\/uploads\/2016\/07\/DSC_0686.jpg?resize=768%2C510&amp;ssl=1 768w, https:\/\/i0.wp.com\/www.ellensailing.se\/wp-content\/uploads\/2016\/07\/DSC_0686.jpg?w=1680&amp;ssl=1 1680w, https:\/\/i0.wp.com\/www.ellensailing.se\/wp-content\/uploads\/2016\/07\/DSC_0686.jpg?w=2520&amp;ssl=1 2520w\" sizes=\"(max-width: 640px) 100vw, 640px\" \/><\/a><figcaption id=\"caption-attachment-1021\" class=\"wp-caption-text\">Lasse med kofta, den \u00e5kte av och p\u00e5 f\u00f6r ibland var det j\u00e4ttevarmt och ibland kallt.<\/figcaption><\/figure>\n<figure id=\"attachment_1020\" aria-describedby=\"caption-attachment-1020\" style=\"width: 640px\" class=\"wp-caption aligncenter\"><a href=\"https:\/\/i0.wp.com\/www.ellensailing.se\/wp-content\/uploads\/2016\/07\/DSC_0684.jpg?ssl=1\"><img data-recalc-dims=\"1\" loading=\"lazy\" decoding=\"async\" class=\"wp-image-1020 size-large\" src=\"https:\/\/i0.wp.com\/www.ellensailing.se\/wp-content\/uploads\/2016\/07\/DSC_0684.jpg?resize=640%2C425&#038;ssl=1\" alt=\"DSC_0684\" width=\"640\" height=\"425\" srcset=\"https:\/\/i0.wp.com\/www.ellensailing.se\/wp-content\/uploads\/2016\/07\/DSC_0684.jpg?resize=1024%2C680&amp;ssl=1 1024w, https:\/\/i0.wp.com\/www.ellensailing.se\/wp-content\/uploads\/2016\/07\/DSC_0684.jpg?resize=300%2C200&amp;ssl=1 300w, https:\/\/i0.wp.com\/www.ellensailing.se\/wp-content\/uploads\/2016\/07\/DSC_0684.jpg?resize=768%2C510&amp;ssl=1 768w, https:\/\/i0.wp.com\/www.ellensailing.se\/wp-content\/uploads\/2016\/07\/DSC_0684.jpg?w=1680&amp;ssl=1 1680w, https:\/\/i0.wp.com\/www.ellensailing.se\/wp-content\/uploads\/2016\/07\/DSC_0684.jpg?w=2520&amp;ssl=1 2520w\" sizes=\"(max-width: 640px) 100vw, 640px\" \/><\/a><figcaption id=\"caption-attachment-1020\" class=\"wp-caption-text\">Vad kommer bakom n\u00e4sta kr\u00f6k?<\/figcaption><\/figure>\n<figure id=\"attachment_1025\" aria-describedby=\"caption-attachment-1025\" style=\"width: 640px\" class=\"wp-caption aligncenter\"><a href=\"https:\/\/i0.wp.com\/www.ellensailing.se\/wp-content\/uploads\/2016\/07\/DSC_0772.jpg?ssl=1\"><img data-recalc-dims=\"1\" loading=\"lazy\" decoding=\"async\" class=\"wp-image-1025 size-large\" src=\"https:\/\/i0.wp.com\/www.ellensailing.se\/wp-content\/uploads\/2016\/07\/DSC_0772.jpg?resize=640%2C425&#038;ssl=1\" alt=\"DSC_0772\" width=\"640\" height=\"425\" srcset=\"https:\/\/i0.wp.com\/www.ellensailing.se\/wp-content\/uploads\/2016\/07\/DSC_0772.jpg?resize=1024%2C680&amp;ssl=1 1024w, https:\/\/i0.wp.com\/www.ellensailing.se\/wp-content\/uploads\/2016\/07\/DSC_0772.jpg?resize=300%2C200&amp;ssl=1 300w, https:\/\/i0.wp.com\/www.ellensailing.se\/wp-content\/uploads\/2016\/07\/DSC_0772.jpg?resize=768%2C510&amp;ssl=1 768w, https:\/\/i0.wp.com\/www.ellensailing.se\/wp-content\/uploads\/2016\/07\/DSC_0772.jpg?w=1680&amp;ssl=1 1680w, https:\/\/i0.wp.com\/www.ellensailing.se\/wp-content\/uploads\/2016\/07\/DSC_0772.jpg?w=2520&amp;ssl=1 2520w\" sizes=\"(max-width: 640px) 100vw, 640px\" \/><\/a><figcaption id=\"caption-attachment-1025\" class=\"wp-caption-text\">Jackies egna f\u00e4rja.<\/figcaption><\/figure>\n<p>I morgon t\u00e4nkte vi sticka vi 5 tiden f\u00f6r att f\u00e5 lite hj\u00e4lp av tidvattnet men vi uppt\u00e4ckte att bron inte \u00f6ppnar f\u00f6rr\u00e4n 10. Konstigt att det inte st\u00e5r med i Reeds, d\u00e4r det st\u00e5r att det \u00e4r \u00f6ppet 24\/7.<\/p>\n<p>Vi r\u00e4knar med att g\u00e5 till s\u00f6dra Nederl\u00e4nderna eller till Frankrike innan vi tar \u00f6ver sundet mot England.<\/p>\n","protected":false},"excerpt":{"rendered":"<p>Nu har vi avverkat kanalerna mellan Amsterdam till Rotterdam. Vi stannade dock inte i Rotterdam utan fortsatte s\u00f6derut f\u00f6r att[&#8230;]<\/p>\n","protected":false},"author":1,"featured_media":1022,"comment_status":"open","ping_status":"open","sticky":false,"template":"","format":"standard","meta":{"_jetpack_newsletter_access":"","_jetpack_dont_email_post_to_subs":false,"_jetpack_newsletter_tier_id":0,"_jetpack_memberships_contains_paywalled_content":false,"_jetpack_feature_clip_id":0,"_jetpack_memberships_contains_paid_content":false,"footnotes":"","jetpack_publicize_message":"","jetpack_publicize_feature_enabled":true,"jetpack_social_post_already_shared":true,"jetpack_social_options":{"image_generator_settings":{"template":"highway","default_image_id":0,"font":"","enabled":false},"version":2},"jetpack_post_was_ever_published":false},"categories":[20],"tags":[],"class_list":["post-1013","post","type-post","status-publish","format-standard","has-post-thumbnail","hentry","category-sommar-2016"],"jetpack_publicize_connections":[],"jetpack_featured_media_url":"https:\/\/i0.wp.com\/www.ellensailing.se\/wp-content\/uploads\/2016\/07\/DSC_0744.jpg?fit=4288%2C2848&ssl=1","jetpack_sharing_enabled":true,"jetpack_shortlink":"https:\/\/wp.me\/p5G68R-gl","jetpack-related-posts":[{"id":997,"url":"https:\/\/www.ellensailing.se\/?p=997","url_meta":{"origin":1013,"position":0},"title":"Amsterdam i tv\u00e5 skepnader","author":"peter@ellensailing.se","date":"2 juli, 2016","format":false,"excerpt":"Vi kom till Amsterdam ig\u00e5r fredag. Som vanligt har det bl\u00e5st och regnat som tusan. Vi gick in mot Amsterdam p\u00e5 eftermiddagen. Hittade en pr\u00e5m som s\u00e5lde disel som var n\u00e4stan helt slut. Vi fick GTL disel som inte hade n\u00e5gon inblandning av RME i sig. Vi kom till Sixhaven\u2026","rel":"","context":"I \u201dSommar 2016\u201d","block_context":{"text":"Sommar 2016","link":"https:\/\/www.ellensailing.se\/?cat=20"},"img":{"alt_text":"","src":"https:\/\/i0.wp.com\/www.ellensailing.se\/wp-content\/uploads\/2016\/07\/IMG_5258.jpg?fit=1200%2C900&ssl=1&resize=350%2C200","width":350,"height":200,"srcset":"https:\/\/i0.wp.com\/www.ellensailing.se\/wp-content\/uploads\/2016\/07\/IMG_5258.jpg?fit=1200%2C900&ssl=1&resize=350%2C200 1x, https:\/\/i0.wp.com\/www.ellensailing.se\/wp-content\/uploads\/2016\/07\/IMG_5258.jpg?fit=1200%2C900&ssl=1&resize=525%2C300 1.5x, https:\/\/i0.wp.com\/www.ellensailing.se\/wp-content\/uploads\/2016\/07\/IMG_5258.jpg?fit=1200%2C900&ssl=1&resize=700%2C400 2x, https:\/\/i0.wp.com\/www.ellensailing.se\/wp-content\/uploads\/2016\/07\/IMG_5258.jpg?fit=1200%2C900&ssl=1&resize=1050%2C600 3x"},"classes":[]},{"id":1007,"url":"https:\/\/www.ellensailing.se\/?p=1007","url_meta":{"origin":1013,"position":1},"title":"Nu l\u00e4mnar vi Amsterdam f\u00f6r att g\u00e5 kanalerna till Rotterdam via Haarlem","author":"peter@ellensailing.se","date":"3 juli, 2016","format":false,"excerpt":"Nu har vi l\u00e4mnat Amsterdam och kommer g\u00e5 kanalerna ner mot Rotterdam. Ig\u00e5r kv\u00e4ll tillbringade vi i klubbhuset och tog lite att dricka tillsammans med massa Tyskar. N\u00e4r Italien gjorde m\u00e5l fick vi heja lite tyst. Sarcs vimpel pryder nu klubbhuset. Vimpeln fick b\u00e4sta plats vid baren. Det var verkligen\u2026","rel":"","context":"I \u201dSommar 2016\u201d","block_context":{"text":"Sommar 2016","link":"https:\/\/www.ellensailing.se\/?cat=20"},"img":{"alt_text":"","src":"https:\/\/i0.wp.com\/www.ellensailing.se\/wp-content\/uploads\/2016\/07\/IMG_5301.jpg?fit=1200%2C900&ssl=1&resize=350%2C200","width":350,"height":200,"srcset":"https:\/\/i0.wp.com\/www.ellensailing.se\/wp-content\/uploads\/2016\/07\/IMG_5301.jpg?fit=1200%2C900&ssl=1&resize=350%2C200 1x, https:\/\/i0.wp.com\/www.ellensailing.se\/wp-content\/uploads\/2016\/07\/IMG_5301.jpg?fit=1200%2C900&ssl=1&resize=525%2C300 1.5x, https:\/\/i0.wp.com\/www.ellensailing.se\/wp-content\/uploads\/2016\/07\/IMG_5301.jpg?fit=1200%2C900&ssl=1&resize=700%2C400 2x, https:\/\/i0.wp.com\/www.ellensailing.se\/wp-content\/uploads\/2016\/07\/IMG_5301.jpg?fit=1200%2C900&ssl=1&resize=1050%2C600 3x"},"classes":[]},{"id":478,"url":"https:\/\/www.ellensailing.se\/?p=478","url_meta":{"origin":1013,"position":2},"title":"Szczecin, eller Stettin som det kallas p\u00e5 Svenska.","author":"peter@ellensailing.se","date":"7 juli, 2015","format":false,"excerpt":"Har haft en h\u00e4rlig dag med \u00e5terigen kanonv\u00e4der. Gick f\u00f6rst 8 Nm i kanaler f\u00f6r att komma ut p\u00e5 Wielki Zalew eller Stettiner Haff. Bl\u00e5ste inte mycket men sedan blev det Code O och n\u00e4stan 9 knop. Har kommit ner efter 40 Nm p\u00e5 m\u00e4stadels kanaler. Nu \u00e4r vi l\u00e4ngtst\u2026","rel":"","context":"I \u201dSommar 2015\u201d","block_context":{"text":"Sommar 2015","link":"https:\/\/www.ellensailing.se\/?cat=4"},"img":{"alt_text":"","src":"https:\/\/i0.wp.com\/www.ellensailing.se\/wp-content\/uploads\/2015\/07\/DSC_1009.jpg?fit=1200%2C797&ssl=1&resize=350%2C200","width":350,"height":200,"srcset":"https:\/\/i0.wp.com\/www.ellensailing.se\/wp-content\/uploads\/2015\/07\/DSC_1009.jpg?fit=1200%2C797&ssl=1&resize=350%2C200 1x, https:\/\/i0.wp.com\/www.ellensailing.se\/wp-content\/uploads\/2015\/07\/DSC_1009.jpg?fit=1200%2C797&ssl=1&resize=525%2C300 1.5x, https:\/\/i0.wp.com\/www.ellensailing.se\/wp-content\/uploads\/2015\/07\/DSC_1009.jpg?fit=1200%2C797&ssl=1&resize=700%2C400 2x, https:\/\/i0.wp.com\/www.ellensailing.se\/wp-content\/uploads\/2015\/07\/DSC_1009.jpg?fit=1200%2C797&ssl=1&resize=1050%2C600 3x"},"classes":[]},{"id":2585,"url":"https:\/\/www.ellensailing.se\/?p=2585","url_meta":{"origin":1013,"position":3},"title":"Segling runt Antiqua","author":"peter@ellensailing.se","date":"27 april, 2019","format":false,"excerpt":"Efter det Mad Monkey seglat iv\u00e4g mot St.Barth s\u00e5 seglade vi vidare runt Antiqua. Vi gick in i kanalen SW om Antiqua som heter Goat Neck Chanel. Det var fint men r\u00e4tt sp\u00e4nnande att navigera runt reven och det \u00e4r inte djupt d\u00e4r. En h\u00e4rlig solnedg\u00e5ng igen, men ingen green\u2026","rel":"","context":"I \u201dV\u00e4stindien 2019\u201d","block_context":{"text":"V\u00e4stindien 2019","link":"https:\/\/www.ellensailing.se\/?cat=25"},"img":{"alt_text":"","src":"https:\/\/i0.wp.com\/www.ellensailing.se\/wp-content\/uploads\/2019\/04\/6C910D11-62AB-43FA-89E1-6B68CF907CC1.jpeg?fit=1200%2C675&ssl=1&resize=350%2C200","width":350,"height":200,"srcset":"https:\/\/i0.wp.com\/www.ellensailing.se\/wp-content\/uploads\/2019\/04\/6C910D11-62AB-43FA-89E1-6B68CF907CC1.jpeg?fit=1200%2C675&ssl=1&resize=350%2C200 1x, https:\/\/i0.wp.com\/www.ellensailing.se\/wp-content\/uploads\/2019\/04\/6C910D11-62AB-43FA-89E1-6B68CF907CC1.jpeg?fit=1200%2C675&ssl=1&resize=525%2C300 1.5x, https:\/\/i0.wp.com\/www.ellensailing.se\/wp-content\/uploads\/2019\/04\/6C910D11-62AB-43FA-89E1-6B68CF907CC1.jpeg?fit=1200%2C675&ssl=1&resize=700%2C400 2x, https:\/\/i0.wp.com\/www.ellensailing.se\/wp-content\/uploads\/2019\/04\/6C910D11-62AB-43FA-89E1-6B68CF907CC1.jpeg?fit=1200%2C675&ssl=1&resize=1050%2C600 3x"},"classes":[]},{"id":983,"url":"https:\/\/www.ellensailing.se\/?p=983","url_meta":{"origin":1013,"position":4},"title":"Tips till alla OSK:are, Reeds och sj\u00f6kort har fel!","author":"peter@ellensailing.se","date":"29 juni, 2016","format":false,"excerpt":"Fr\u00e5n v\u00e5r seglats fr\u00e5n Borkum s\u00f6der\u00f6ver hade vi best\u00e4mt oss f\u00f6r att ta oss till Terschelling. F\u00f6rutom att vinden tog slut helt och Yanmar fick jobba b\u00f6rja vi kolla lite mer noggrant. F\u00f6r i Reeds s\u00e5 ser det helt ok ut att g\u00e5 in d\u00e4r \u00e4ven med Ellen som sticker\u2026","rel":"","context":"I \u201dSommar 2016\u201d","block_context":{"text":"Sommar 2016","link":"https:\/\/www.ellensailing.se\/?cat=20"},"img":{"alt_text":"","src":"https:\/\/i0.wp.com\/www.ellensailing.se\/wp-content\/uploads\/2016\/06\/DSC_0462.jpg?fit=1200%2C797&ssl=1&resize=350%2C200","width":350,"height":200,"srcset":"https:\/\/i0.wp.com\/www.ellensailing.se\/wp-content\/uploads\/2016\/06\/DSC_0462.jpg?fit=1200%2C797&ssl=1&resize=350%2C200 1x, https:\/\/i0.wp.com\/www.ellensailing.se\/wp-content\/uploads\/2016\/06\/DSC_0462.jpg?fit=1200%2C797&ssl=1&resize=525%2C300 1.5x, https:\/\/i0.wp.com\/www.ellensailing.se\/wp-content\/uploads\/2016\/06\/DSC_0462.jpg?fit=1200%2C797&ssl=1&resize=700%2C400 2x, https:\/\/i0.wp.com\/www.ellensailing.se\/wp-content\/uploads\/2016\/06\/DSC_0462.jpg?fit=1200%2C797&ssl=1&resize=1050%2C600 3x"},"classes":[]},{"id":1043,"url":"https:\/\/www.ellensailing.se\/?p=1043","url_meta":{"origin":1013,"position":5},"title":"Flygande \u00f6verfart \u00f6ver Dover Strait!","author":"peter@ellensailing.se","date":"7 juli, 2016","format":false,"excerpt":"Vi l\u00e4mnade Frankrike i morse d\u00e5 vi r\u00e4knat ut att vi borde ha medstr\u00f6ms \u00f6ver kanalen. F\u00e5r lov att tacka Carl-H\u00e5kan p\u00e5 OSK som l\u00e4rt oss n\u00e5got. Funkade fantastisk bra. Att segla \u00f6ver denna str\u00e4cka \u00e4r 40 distansminuter s\u00e5 det g\u00e4llde att vara \u00f6ver innan klockan 3 f\u00f6r d\u00e5 v\u00e4nder\u2026","rel":"","context":"I \u201dSommar 2016\u201d","block_context":{"text":"Sommar 2016","link":"https:\/\/www.ellensailing.se\/?cat=20"},"img":{"alt_text":"","src":"https:\/\/i0.wp.com\/www.ellensailing.se\/wp-content\/uploads\/2016\/07\/DSC_0872.jpg?fit=1200%2C797&ssl=1&resize=350%2C200","width":350,"height":200,"srcset":"https:\/\/i0.wp.com\/www.ellensailing.se\/wp-content\/uploads\/2016\/07\/DSC_0872.jpg?fit=1200%2C797&ssl=1&resize=350%2C200 1x, https:\/\/i0.wp.com\/www.ellensailing.se\/wp-content\/uploads\/2016\/07\/DSC_0872.jpg?fit=1200%2C797&ssl=1&resize=525%2C300 1.5x, https:\/\/i0.wp.com\/www.ellensailing.se\/wp-content\/uploads\/2016\/07\/DSC_0872.jpg?fit=1200%2C797&ssl=1&resize=700%2C400 2x, https:\/\/i0.wp.com\/www.ellensailing.se\/wp-content\/uploads\/2016\/07\/DSC_0872.jpg?fit=1200%2C797&ssl=1&resize=1050%2C600 3x"},"classes":[]}],"jetpack_likes_enabled":false,"_links":{"self":[{"href":"https:\/\/www.ellensailing.se\/index.php?rest_route=\/wp\/v2\/posts\/1013","targetHints":{"allow":["GET"]}}],"collection":[{"href":"https:\/\/www.ellensailing.se\/index.php?rest_route=\/wp\/v2\/posts"}],"about":[{"href":"https:\/\/www.ellensailing.se\/index.php?rest_route=\/wp\/v2\/types\/post"}],"author":[{"embeddable":true,"href":"https:\/\/www.ellensailing.se\/index.php?rest_route=\/wp\/v2\/users\/1"}],"replies":[{"embeddable":true,"href":"https:\/\/www.ellensailing.se\/index.php?rest_route=%2Fwp%2Fv2%2Fcomments&post=1013"}],"version-history":[{"count":2,"href":"https:\/\/www.ellensailing.se\/index.php?rest_route=\/wp\/v2\/posts\/1013\/revisions"}],"predecessor-version":[{"id":1042,"href":"https:\/\/www.ellensailing.se\/index.php?rest_route=\/wp\/v2\/posts\/1013\/revisions\/1042"}],"wp:featuredmedia":[{"embeddable":true,"href":"https:\/\/www.ellensailing.se\/index.php?rest_route=\/wp\/v2\/media\/1022"}],"wp:attachment":[{"href":"https:\/\/www.ellensailing.se\/index.php?rest_route=%2Fwp%2Fv2%2Fmedia&parent=1013"}],"wp:term":[{"taxonomy":"category","embeddable":true,"href":"https:\/\/www.ellensailing.se\/index.php?rest_route=%2Fwp%2Fv2%2Fcategories&post=1013"},{"taxonomy":"post_tag","embeddable":true,"href":"https:\/\/www.ellensailing.se\/index.php?rest_route=%2Fwp%2Fv2%2Ftags&post=1013"}],"curies":[{"name":"wp","href":"https:\/\/api.w.org\/{rel}","templated":true}]}}